{"id":35558,"date":"2025-06-05T16:37:59","date_gmt":"2025-06-05T14:37:59","guid":{"rendered":"https:\/\/www.iceagetv.com\/radiosite\/?p=35558"},"modified":"2025-06-05T16:38:03","modified_gmt":"2025-06-05T14:38:03","slug":"tnt-pourquoi-toutes-les-chaines-teles-seront-indisponibles-une-partie-de-la-nuit-de-jeudi-a-vendredi","status":"publish","type":"post","link":"https:\/\/www.iceagetv.com\/radiosite\/tnt-pourquoi-toutes-les-chaines-teles-seront-indisponibles-une-partie-de-la-nuit-de-jeudi-a-vendredi\/","title":{"rendered":"TNT : pourquoi toutes les cha\u00eenes t\u00e9l\u00e9s seront indisponibles une partie de la nuit de jeudi \u00e0 vendredi"},"content":{"rendered":"\n<p class=\"\">Ce vendredi 6 juin 2025, la TNT se r\u00e9organise. Un tel chambardement n\u00e9cessite une petite mise \u00e0 jour de votre t\u00e9l\u00e9viseur. Celle-ci aura lieu dans la nuit du jeudi au vendredi.Un grand jour pour les adeptes du petit \u00e9cran. \u00c0 partir de vendredi 6&nbsp;juin 2025, une&nbsp;<a href=\"https:\/\/actu.fr\/loisirs-culture\/france-tv-t18-novo19-une-revolution-a-venir-sur-les-chaines-de-la-tnt-voici-la-nouvelle-numerotation_62688908.html\">nouvelle num\u00e9rotation de la TNT<\/a>&nbsp;va r\u00e9gir les touches de votre t\u00e9l\u00e9commande.<\/p>\n\n\n\n<p class=\"\">Un changement que vous n\u2019allez constater que le vendredi soir pour votre soir\u00e9e&nbsp;<a href=\"https:\/\/actu.fr\/tag\/television\">t\u00e9l\u00e9<\/a>&nbsp;ou par curiosit\u00e9 avant de partir au travail le matin, histoire de voir \u00e0 quoi \u00e7a ressemble. Votre t\u00e9l\u00e9, elle, doit&nbsp;<strong>se mettre en ordre de bataille un peu plus t\u00f4t<\/strong>.<\/p>\n\n\n\n<p class=\"\">La rumeur courait qu\u2019<strong>une coupure de quelques minutes<\/strong>\u00a0interviendrait dans la nuit du jeudi\u00a05 au vendredi 6\u00a0juin.\u00a0<em>actu.fr<\/em>\u00a0a v\u00e9rifi\u00e9 l\u2019information aupr\u00e8s de l\u2019Autorit\u00e9 de r\u00e9gulation de la communication audiovisuelle et num\u00e9rique (Arcom).Un tel changement n\u00e9cessite une coupure<\/p>\n\n\n\n<p class=\"\">Il s\u2019av\u00e8re qu\u2019une \u00ab\u2009coupure\u2009\u00bb interviendra bien \u00ab\u2009lors de la<strong>&nbsp;bascule<\/strong>\u2009\u00bb, qui devrait avoir lieu aux alentours d\u20191\u2009h du matin, pour un r\u00e9tablissement de la diffusion&nbsp;<strong>\u00e0 2\u2009h au plus tard<\/strong>.<\/p>\n\n\n\n<p class=\"\">\u00ab\u2009En effet, un tel changement de configuration peut entra\u00eener un\u00a0<strong>blocage temporaire<\/strong>\u2009\u00bb, pr\u00e9cise le gendarme de l\u2019audiovisuel.Une autre question vous vient peut-\u00eatre \u00e0 l\u2019esprit\u2009: est-ce que l\u2019on verra un \u00e9cran d\u2019information ou juste de la neige \u00e0 notre \u00e9cran,&nbsp;<a href=\"https:\/\/actu.fr\/societe\/fin-de-c8-et-nrj12-neige-ecran-noir-voici-ce-que-vous-voyez-sur-vos-teles-des-ce-samedi_62317374.html\">comme \u00e7a avait \u00e9t\u00e9 le cas apr\u00e8s la suspension de&nbsp;<em>C8<\/em>&nbsp;et de&nbsp;<em>NRJ12<\/em><\/a>&nbsp;le 1\u1d49\u02b3 mars dernier\u2009? L\u2019Arcom y r\u00e9pond\u2009:<\/p>\n\n\n\n<blockquote class=\"wp-block-quote is-layout-flow wp-block-quote-is-layout-flow\">\n<p class=\"\">Compte tenu de la relative bri\u00e8vet\u00e9 de cette interruption et de son occurrence tardive, la diffusion d\u2019un \u00e9cran d\u2019information ne semble pas n\u00e9cessaire.<strong>Arcom<\/strong>Autorit\u00e9 de r\u00e9gulation de la communication audiovisuelle et num\u00e9rique<\/p>\n<\/blockquote>\n\n\n\n<p class=\"\">Que verra-t-on pendant ce temps-l\u00e0\u2009? Un \u00ab<strong>\u2009\u00e9cran noir<\/strong>\u2009\u00bb nous r\u00e9pond l\u2019Agence nationale des fr\u00e9quences, contact\u00e9e par&nbsp;<em>actu.fr<\/em>.<\/p>\n\n\n\n<h2 class=\"wp-block-heading\">Devez-vous faire quelque chose en particulier\u2009?<\/h2>\n\n\n\n<p class=\"\">Cette coupure veut-elle dire qu\u2019une fois le courant r\u00e9tabli, vous devez faire quelque chose sur votre t\u00e9l\u00e9viseur\u2009? Dans la plupart des cas, non.<\/p>\n\n\n\n<p class=\"\">\u00ab\u2009L\u2019immense majorit\u00e9 des t\u00e9l\u00e9viseurs effectuera<strong>&nbsp;automatiquement la mise \u00e0 jour<\/strong>&nbsp;de la num\u00e9rotation dans la nuit du 5 au 6&nbsp;juin 2025, ou la proposera \u00e0 l\u2019allumage du t\u00e9l\u00e9viseur le 6&nbsp;juin\u2009\u00bb, nous fait savoir l\u2019Arcom.<\/p>\n\n\n\n<p class=\"\">Si vous captez les cha\u00eenes de la TNT gr\u00e2ce \u00e0&nbsp;<strong>une antenne r\u00e2teau, par un c\u00e2ble ou par satellite<\/strong>, il se pourrait que vous ayez \u00e0 faire manuellement le&nbsp;<em>rescan<\/em>, comme on peut le lire dans&nbsp;<a href=\"https:\/\/www.arcom.fr\/actualites\/recherche-et-memorisation-des-chaines-de-la-tnt\">une notice<\/a>&nbsp;de l\u2019Arcom.<\/p>\n","protected":false},"excerpt":{"rendered":"<p>Ce vendredi 6 juin 2025, la TNT se r\u00e9organise. Un tel chambardement n\u00e9cessite une petite mise \u00e0 jour de votre t\u00e9l\u00e9viseur. Celle-ci aura lieu dans la nuit du jeudi au vendredi.Un grand jour pour les adeptes du petit \u00e9cran. \u00c0 partir de vendredi 6&nbsp;juin 2025, une&nbsp;nouvelle num\u00e9rotation de la TNT&nbsp;va r\u00e9gir les touches de votre [&hellip;]<\/p>\n","protected":false},"author":2,"featured_media":35559,"comment_status":"open","ping_status":"open","sticky":false,"template":"","format":"standard","meta":{"_jetpack_memberships_contains_paid_content":false,"footnotes":"","jetpack_publicize_message":"","jetpack_publicize_feature_enabled":true,"jetpack_social_post_already_shared":true,"jetpack_social_options":{"image_generator_settings":{"template":"highway","default_image_id":0,"enabled":true,"token":"eyJpbWciOiJodHRwczpcL1wvd3d3LmljZWFnZXR2LmNvbVwvcmFkaW9zaXRlXC93cC1jb250ZW50XC91cGxvYWRzXC8yMDI1XC8wNlwvQ2FwdHVyZS1kZWNyYW4tMjAyNS0wNi0wNS0xNjM3MTgucG5nIiwidHh0IjoiVE5UIDogcG91cnF1b2kgdG91dGVzIGxlcyBjaGFcdTAwZWVuZXMgdFx1MDBlOWxcdTAwZTlzIHNlcm9udCBpbmRpc3BvbmlibGVzIHVuZSBwYXJ0aWUgZGUgbGEgbnVpdCBkZSBqZXVkaSBcdTAwZTAgdmVuZHJlZGkiLCJ0ZW1wbGF0ZSI6ImhpZ2h3YXkiLCJibG9nX2lkIjoxMTEwMTY0NjF9.jjYDScINp17pU3wo7DprF2NqPiV6sIEBvKUqvftngfkMQ"},"version":2},"_wpas_customize_per_network":false},"categories":[68],"tags":[],"class_list":["post-35558","post","type-post","status-publish","format-standard","has-post-thumbnail","hentry","category-actu-culturelle"],"jetpack_publicize_connections":[],"jetpack_featured_media_url":"https:\/\/i0.wp.com\/www.iceagetv.com\/radiosite\/wp-content\/uploads\/2025\/06\/Capture-decran-2025-06-05-163718.png?fit=828%2C506&ssl=1","jetpack_sharing_enabled":true,"_links":{"self":[{"href":"https:\/\/www.iceagetv.com\/radiosite\/wp-json\/wp\/v2\/posts\/35558","targetHints":{"allow":["GET"]}}],"collection":[{"href":"https:\/\/www.iceagetv.com\/radiosite\/wp-json\/wp\/v2\/posts"}],"about":[{"href":"https:\/\/www.iceagetv.com\/radiosite\/wp-json\/wp\/v2\/types\/post"}],"author":[{"embeddable":true,"href":"https:\/\/www.iceagetv.com\/radiosite\/wp-json\/wp\/v2\/users\/2"}],"replies":[{"embeddable":true,"href":"https:\/\/www.iceagetv.com\/radiosite\/wp-json\/wp\/v2\/comments?post=35558"}],"version-history":[{"count":1,"href":"https:\/\/www.iceagetv.com\/radiosite\/wp-json\/wp\/v2\/posts\/35558\/revisions"}],"predecessor-version":[{"id":35560,"href":"https:\/\/www.iceagetv.com\/radiosite\/wp-json\/wp\/v2\/posts\/35558\/revisions\/35560"}],"wp:featuredmedia":[{"embeddable":true,"href":"https:\/\/www.iceagetv.com\/radiosite\/wp-json\/wp\/v2\/media\/35559"}],"wp:attachment":[{"href":"https:\/\/www.iceagetv.com\/radiosite\/wp-json\/wp\/v2\/media?parent=35558"}],"wp:term":[{"taxonomy":"category","embeddable":true,"href":"https:\/\/www.iceagetv.com\/radiosite\/wp-json\/wp\/v2\/categories?post=35558"},{"taxonomy":"post_tag","embeddable":true,"href":"https:\/\/www.iceagetv.com\/radiosite\/wp-json\/wp\/v2\/tags?post=35558"}],"curies":[{"name":"wp","href":"https:\/\/api.w.org\/{rel}","templated":true}]}}