{"id":35590,"date":"2025-06-06T16:12:46","date_gmt":"2025-06-06T14:12:46","guid":{"rendered":"https:\/\/www.iceagetv.com\/radiosite\/?p=35590"},"modified":"2025-06-06T16:12:50","modified_gmt":"2025-06-06T14:12:50","slug":"bac-2025-le-plus-jeune-candidat-inscrit-a-lexamen-a-8-ans-un-record","status":"publish","type":"post","link":"https:\/\/www.iceagetv.com\/radiosite\/bac-2025-le-plus-jeune-candidat-inscrit-a-lexamen-a-8-ans-un-record\/","title":{"rendered":"Bac 2025: le plus jeune candidat inscrit \u00e0 l&rsquo;examen a 8 ans, un record"},"content":{"rendered":"\n<p class=\"\">Le plus jeune candidat inscrit au baccaulaur\u00e9at est \u00e2g\u00e9 de seulement 8 ans. Un record.<\/p>\n\n\n\n<p class=\"\">Le plus jeune candidat inscrit au baccaulaur\u00e9at g\u00e9n\u00e9ral et technologique cette ann\u00e9e est \u00e2g\u00e9 de 8 ans, un nouveau record selon l&rsquo;\u00c9ducation nationale.<\/p>\n\n\n\n<p class=\"\">Cet \u00e9l\u00e8ve, en \u00e2ge d&rsquo;\u00eatre scolaris\u00e9 en CE1 ou CE2, est inscrit en candidat individuel (candidat libre) \u00e0 la session du baccalaur\u00e9at, qui d\u00e9marre le 16 juin avec l&rsquo;\u00e9preuve de philosophie, a pr\u00e9cis\u00e9 le minist\u00e8re en marge d&rsquo;une conf\u00e9rence de presse sur la pr\u00e9sentation du bac.Le record d\u00e9j\u00e0 battu l&rsquo;an dernier<\/p>\n\n\n\n<p class=\"\">L&rsquo;an dernier, une \u00e9l\u00e8ve de l&rsquo;acad\u00e9mie de Strasbourg \u00e9tait&nbsp;<a href=\"https:\/\/www.bfmtv.com\/alsace\/academie-de-strasbourg-a-9-ans-la-plus-jeune-candidate-au-bac-de-l-histoire-echoue-a-l-examen_AV-202407080675.html\">d\u00e9j\u00e0 devenue la plus jeune candidate \u00e0 se pr\u00e9senter au bac<\/a>. \u00c2g\u00e9e de 9 ans, elle avait toutefois \u00e9chou\u00e9 \u00e0 l&rsquo;examen.<\/p>\n\n\n\n<p class=\"\">En 2023, le candidat le plus jeune \u00e9tait \u00e2g\u00e9 de 12 ans (bac g\u00e9n\u00e9ral et technologique, dans l&rsquo;acad\u00e9mie de Versailles).<\/p>\n\n\n\n<blockquote class=\"wp-block-quote is-layout-flow wp-block-quote-is-layout-flow\">\n<p class=\"\">\u00ab\u00a0Ce sont vraiment des cas tr\u00e8s particuliers. \u00c0 chaque fois, c&rsquo;est un \u00e9l\u00e8ve sur l&rsquo;ensemble d&rsquo;une cohorte, donc \u00e7a fait figure d&rsquo;exception\u00a0\u00bb, a pr\u00e9cis\u00e9 Caroline Pascal, directrice g\u00e9n\u00e9rale de l&rsquo;enseignement scolaire (Dgesco).<\/p>\n<\/blockquote>\n\n\n\n<p class=\"\">Pour cette \u00e9dition 2025 du bac, qui r\u00e9unit 724.633 candidats, le postulant inscrit le plus \u00e2g\u00e9 a de son c\u00f4t\u00e9 78 ans (bac g\u00e9n\u00e9ral et technologique), a pr\u00e9cis\u00e9 le minist\u00e8re.Le bac a \u00e9t\u00e9 institu\u00e9 par un d\u00e9cret du 17 mars 1808 et sa premi\u00e8re \u00e9dition, sous forme d&rsquo;\u00e9preuves uniquement \u00e0 l&rsquo;oral, s&rsquo;est d\u00e9roul\u00e9e en 1809.<\/p>\n","protected":false},"excerpt":{"rendered":"<p>Le plus jeune candidat inscrit au baccaulaur\u00e9at est \u00e2g\u00e9 de seulement 8 ans. Un record. Le plus jeune candidat inscrit au baccaulaur\u00e9at g\u00e9n\u00e9ral et technologique cette ann\u00e9e est \u00e2g\u00e9 de 8 ans, un nouveau record selon l&rsquo;\u00c9ducation nationale. Cet \u00e9l\u00e8ve, en \u00e2ge d&rsquo;\u00eatre scolaris\u00e9 en CE1 ou CE2, est inscrit en candidat individuel (candidat libre) [&hellip;]<\/p>\n","protected":false},"author":2,"featured_media":35591,"comment_status":"open","ping_status":"open","sticky":false,"template":"","format":"standard","meta":{"_jetpack_memberships_contains_paid_content":false,"footnotes":"","jetpack_publicize_message":"","jetpack_publicize_feature_enabled":true,"jetpack_social_post_already_shared":true,"jetpack_social_options":{"image_generator_settings":{"template":"highway","default_image_id":0,"enabled":true,"token":"eyJpbWciOiJodHRwczpcL1wvd3d3LmljZWFnZXR2LmNvbVwvcmFkaW9zaXRlXC93cC1jb250ZW50XC91cGxvYWRzXC8yMDI1XC8wNlwvQ2FwdHVyZS1kZWNyYW4tMjAyNS0wNi0wNi0xNjEyMDcucG5nIiwidHh0IjoiQmFjIDIwMjU6IGxlIHBsdXMgamV1bmUgY2FuZGlkYXQgaW5zY3JpdCBcdTAwZTAgbCYjODIxNztleGFtZW4gYSA4IGFucywgdW4gcmVjb3JkIiwidGVtcGxhdGUiOiJoaWdod2F5IiwiYmxvZ19pZCI6MTExMDE2NDYxfQ.IguZwS4YD8RXHf5ljuE-9xFnZtuT5hDH9VfW8oOHm9QMQ"},"version":2},"_wpas_customize_per_network":false},"categories":[405],"tags":[],"class_list":["post-35590","post","type-post","status-publish","format-standard","has-post-thumbnail","hentry","category-actu-france-monde"],"jetpack_publicize_connections":[],"jetpack_featured_media_url":"https:\/\/i0.wp.com\/www.iceagetv.com\/radiosite\/wp-content\/uploads\/2025\/06\/Capture-decran-2025-06-06-161207.png?fit=922%2C513&ssl=1","jetpack_sharing_enabled":true,"_links":{"self":[{"href":"https:\/\/www.iceagetv.com\/radiosite\/wp-json\/wp\/v2\/posts\/35590","targetHints":{"allow":["GET"]}}],"collection":[{"href":"https:\/\/www.iceagetv.com\/radiosite\/wp-json\/wp\/v2\/posts"}],"about":[{"href":"https:\/\/www.iceagetv.com\/radiosite\/wp-json\/wp\/v2\/types\/post"}],"author":[{"embeddable":true,"href":"https:\/\/www.iceagetv.com\/radiosite\/wp-json\/wp\/v2\/users\/2"}],"replies":[{"embeddable":true,"href":"https:\/\/www.iceagetv.com\/radiosite\/wp-json\/wp\/v2\/comments?post=35590"}],"version-history":[{"count":1,"href":"https:\/\/www.iceagetv.com\/radiosite\/wp-json\/wp\/v2\/posts\/35590\/revisions"}],"predecessor-version":[{"id":35592,"href":"https:\/\/www.iceagetv.com\/radiosite\/wp-json\/wp\/v2\/posts\/35590\/revisions\/35592"}],"wp:featuredmedia":[{"embeddable":true,"href":"https:\/\/www.iceagetv.com\/radiosite\/wp-json\/wp\/v2\/media\/35591"}],"wp:attachment":[{"href":"https:\/\/www.iceagetv.com\/radiosite\/wp-json\/wp\/v2\/media?parent=35590"}],"wp:term":[{"taxonomy":"category","embeddable":true,"href":"https:\/\/www.iceagetv.com\/radiosite\/wp-json\/wp\/v2\/categories?post=35590"},{"taxonomy":"post_tag","embeddable":true,"href":"https:\/\/www.iceagetv.com\/radiosite\/wp-json\/wp\/v2\/tags?post=35590"}],"curies":[{"name":"wp","href":"https:\/\/api.w.org\/{rel}","templated":true}]}}