{"id":35594,"date":"2025-06-06T17:02:47","date_gmt":"2025-06-06T15:02:47","guid":{"rendered":"https:\/\/www.iceagetv.com\/radiosite\/?p=35594"},"modified":"2025-06-06T17:02:51","modified_gmt":"2025-06-06T15:02:51","slug":"un-rabbin-agresse-a-neuilly-sur-seine-et-hospitalise-le-suspect-place-en-garde-a-vue","status":"publish","type":"post","link":"https:\/\/www.iceagetv.com\/radiosite\/un-rabbin-agresse-a-neuilly-sur-seine-et-hospitalise-le-suspect-place-en-garde-a-vue\/","title":{"rendered":"Un rabbin agress\u00e9 \u00e0 Neuilly-sur-Seine et hospitalis\u00e9, le suspect plac\u00e9 en garde \u00e0 vue"},"content":{"rendered":"\n<p class=\"\">Un rabbin a \u00e9t\u00e9&nbsp;violemment agress\u00e9 \u00e0 coup de chaise, vendredi 6 juin, \u00e0 Neuilly-sur-Seine (Hauts-de-Seine), a appris France T\u00e9l\u00e9visions de source polici\u00e8re. L&rsquo;auteur de l&rsquo;agression l&rsquo;a \u00e9galement frapp\u00e9 au visage, avant d&rsquo;\u00eatre interpell\u00e9 et plac\u00e9 en garde \u00e0 vue. Le rabbin, qui pr\u00e9sente une plaie au front, a \u00e9t\u00e9 transport\u00e9 \u00e0 l&rsquo;h\u00f4pital.<em>&nbsp;\u00ab\u00a0J&rsquo;adresse mes v\u0153ux de rapide r\u00e9tablissement au rabbin\u00a0\u00bb,<\/em>&nbsp;a \u00e9crit le maire de la ville, Jean-Christophe Fromantin,&nbsp;<a href=\"https:\/\/x.com\/JCFromantin\/status\/1930965385160921520\/photo\/1\" target=\"_blank\" rel=\"noreferrer noopener\">sur X(Nouvelle fen\u00eatre)<\/a>.<\/p>\n\n\n\n<p class=\"\">Ce rabbin avait d\u00e9j\u00e0 \u00e9t\u00e9 agress\u00e9 \u00e0 Deauville (Calvados) quelques jours auparavant, vendredi 30 mai.&nbsp;<em>\u00ab\u00a0Une enqu\u00eate judiciaire au titre de faits de violences sans incapacit\u00e9 de travail \u00e0 raison de la religion est ouverte\u00a0\u00bb<\/em>, avait annonc\u00e9 Delphine Mienniel, procureure de la R\u00e9publique de Lisieux, rappelle&nbsp;<a href=\"https:\/\/france3-regions.franceinfo.fr\/normandie\/calvados\/lisieux\/une-enquete-ouverte-pour-violences-en-raison-de-la-religion-apres-la-plainte-d-un-rabbin-3165054.html\" target=\"_blank\" rel=\"noreferrer noopener\">France 3 Normandie(Nouvelle fen\u00eatre)<\/a>. Les suspects n&rsquo;ont pas encore \u00e9t\u00e9 identifi\u00e9s et les recherches sont toujours en cours, a pr\u00e9cis\u00e9 le parquet vendredi.&nbsp;En 2024,&nbsp;<a href=\"https:\/\/www.franceinfo.fr\/replay-radio\/19h20-politique\/les-actes-antisemites-ont-augmente-dans-l-agglomeration-parisienne-de-340-entre-2023-et-2024-selon-le-prefet-de-police-de-paris-laurent-nunez_7120242.html\">1<\/a>&nbsp;<a href=\"https:\/\/www.franceinfo.fr\/replay-radio\/19h20-politique\/les-actes-antisemites-ont-augmente-dans-l-agglomeration-parisienne-de-340-entre-2023-et-2024-selon-le-prefet-de-police-de-paris-laurent-nunez_7120242.html\">570<\/a>&nbsp;<a href=\"https:\/\/www.franceinfo.fr\/replay-radio\/19h20-politique\/les-actes-antisemites-ont-augmente-dans-l-agglomeration-parisienne-de-340-entre-2023-et-2024-selon-le-prefet-de-police-de-paris-laurent-nunez_7120242.html\">actes antis\u00e9mites ont \u00e9t\u00e9 recens\u00e9s en France<\/a>, selon le minist\u00e8re de l&rsquo;Int\u00e9rieur.<\/p>\n","protected":false},"excerpt":{"rendered":"<p>Un rabbin a \u00e9t\u00e9&nbsp;violemment agress\u00e9 \u00e0 coup de chaise, vendredi 6 juin, \u00e0 Neuilly-sur-Seine (Hauts-de-Seine), a appris France T\u00e9l\u00e9visions de source polici\u00e8re. L&rsquo;auteur de l&rsquo;agression l&rsquo;a \u00e9galement frapp\u00e9 au visage, avant d&rsquo;\u00eatre interpell\u00e9 et plac\u00e9 en garde \u00e0 vue. Le rabbin, qui pr\u00e9sente une plaie au front, a \u00e9t\u00e9 transport\u00e9 \u00e0 l&rsquo;h\u00f4pital.&nbsp;\u00ab\u00a0J&rsquo;adresse mes v\u0153ux de [&hellip;]<\/p>\n","protected":false},"author":2,"featured_media":35595,"comment_status":"open","ping_status":"open","sticky":false,"template":"","format":"standard","meta":{"_jetpack_memberships_contains_paid_content":false,"footnotes":"","jetpack_publicize_message":"","jetpack_publicize_feature_enabled":true,"jetpack_social_post_already_shared":true,"jetpack_social_options":{"image_generator_settings":{"template":"highway","default_image_id":0,"enabled":true,"token":"eyJpbWciOiJodHRwczpcL1wvd3d3LmljZWFnZXR2LmNvbVwvcmFkaW9zaXRlXC93cC1jb250ZW50XC91cGxvYWRzXC8yMDI1XC8wNlwvQ2FwdHVyZS1kZWNyYW4tMjAyNS0wNi0wNi0xNzAxNTctMTAyNHg1MzYucG5nIiwidHh0IjoiVW4gcmFiYmluIGFncmVzc1x1MDBlOSBcdTAwZTAgTmV1aWxseS1zdXItU2VpbmUgZXQgaG9zcGl0YWxpc1x1MDBlOSwgbGUgc3VzcGVjdCBwbGFjXHUwMGU5IGVuIGdhcmRlIFx1MDBlMCB2dWUiLCJ0ZW1wbGF0ZSI6ImhpZ2h3YXkiLCJibG9nX2lkIjoxMTEwMTY0NjF9.uKo_Tc99fzGDovDU993x4NQVQXk1f_3jk__luYfu_M4MQ"},"version":2},"_wpas_customize_per_network":false},"categories":[405],"tags":[],"class_list":["post-35594","post","type-post","status-publish","format-standard","has-post-thumbnail","hentry","category-actu-france-monde"],"jetpack_publicize_connections":[],"jetpack_featured_media_url":"https:\/\/i0.wp.com\/www.iceagetv.com\/radiosite\/wp-content\/uploads\/2025\/06\/Capture-decran-2025-06-06-170157.png?fit=1043%2C546&ssl=1","jetpack_sharing_enabled":true,"_links":{"self":[{"href":"https:\/\/www.iceagetv.com\/radiosite\/wp-json\/wp\/v2\/posts\/35594","targetHints":{"allow":["GET"]}}],"collection":[{"href":"https:\/\/www.iceagetv.com\/radiosite\/wp-json\/wp\/v2\/posts"}],"about":[{"href":"https:\/\/www.iceagetv.com\/radiosite\/wp-json\/wp\/v2\/types\/post"}],"author":[{"embeddable":true,"href":"https:\/\/www.iceagetv.com\/radiosite\/wp-json\/wp\/v2\/users\/2"}],"replies":[{"embeddable":true,"href":"https:\/\/www.iceagetv.com\/radiosite\/wp-json\/wp\/v2\/comments?post=35594"}],"version-history":[{"count":1,"href":"https:\/\/www.iceagetv.com\/radiosite\/wp-json\/wp\/v2\/posts\/35594\/revisions"}],"predecessor-version":[{"id":35596,"href":"https:\/\/www.iceagetv.com\/radiosite\/wp-json\/wp\/v2\/posts\/35594\/revisions\/35596"}],"wp:featuredmedia":[{"embeddable":true,"href":"https:\/\/www.iceagetv.com\/radiosite\/wp-json\/wp\/v2\/media\/35595"}],"wp:attachment":[{"href":"https:\/\/www.iceagetv.com\/radiosite\/wp-json\/wp\/v2\/media?parent=35594"}],"wp:term":[{"taxonomy":"category","embeddable":true,"href":"https:\/\/www.iceagetv.com\/radiosite\/wp-json\/wp\/v2\/categories?post=35594"},{"taxonomy":"post_tag","embeddable":true,"href":"https:\/\/www.iceagetv.com\/radiosite\/wp-json\/wp\/v2\/tags?post=35594"}],"curies":[{"name":"wp","href":"https:\/\/api.w.org\/{rel}","templated":true}]}}