{"id":35603,"date":"2025-06-07T08:22:28","date_gmt":"2025-06-07T06:22:28","guid":{"rendered":"https:\/\/www.iceagetv.com\/radiosite\/?p=35603"},"modified":"2025-06-07T08:22:32","modified_gmt":"2025-06-07T06:22:32","slug":"un-blocage-du-pays-les-taxis-en-colere-prevoient-une-journee-de-forte-mobilisation-le-11-juin","status":"publish","type":"post","link":"https:\/\/www.iceagetv.com\/radiosite\/un-blocage-du-pays-les-taxis-en-colere-prevoient-une-journee-de-forte-mobilisation-le-11-juin\/","title":{"rendered":"\u00ab\u00a0Un blocage du pays\u00a0\u00bb : les taxis en col\u00e8re pr\u00e9voient une journ\u00e9e de forte mobilisation le 11 juin"},"content":{"rendered":"\n<p class=\"\">Alors que les n\u00e9gociations avec le gouvernement se poursuivent autour du transport de patients, les taxis annoncent une journ\u00e9e de mobilisation mercredi 11 juin 2025.Les taxis, m\u00e9contents de la tournure des n\u00e9gociations avec le gouvernement concernant le transport des patients, pr\u00e9voient une<strong>&nbsp;forte mobilisation mercredi 11&nbsp;juin<\/strong>, jour d\u2019une r\u00e9union cruciale au minist\u00e8re de la Sant\u00e9, a annonc\u00e9 vendredi la F\u00e9d\u00e9ration nationale des taxis (FNDT).<\/p>\n\n\n\n<p class=\"\">Le gouvernement estime que \u00ab\u2009sa th\u00e9orie (sur la r\u00e9forme) fonctionne\u2009\u00bb et que \u00ab\u2009les taxis sont sauv\u00e9s\u2009\u00bb, a raill\u00e9 Dominique Buisson, secr\u00e9taire de la FNDT.<\/p>\n\n\n\n<p class=\"\">D\u2019apr\u00e8s lui, la promesse du Premier ministre\u00a0<a href=\"https:\/\/actu.fr\/tag\/francois-bayrou\">Fran\u00e7ois Bayrou<\/a>\u00a0de retravailler le projet de convention encadrant la r\u00e9mun\u00e9ration du transport des malades n\u2019a pas \u00e9t\u00e9 tenue.Blocages des a\u00e9roports parisiens (et peut-\u00eatre pas que)<\/p>\n\n\n\n<p class=\"\">La FNDT pr\u00e9voit donc d\u2019appeler les taxis \u00e0 une&nbsp;<strong>manifestation devant le minist\u00e8re de l\u2019\u00c9conomie et des Finances<\/strong>&nbsp;mercredi prochain, accompagn\u00e9e d\u2019un blocage des a\u00e9roports parisiens (Orly et Roissy-Charles de Gaulle) \u00ab\u2009et peut-\u00eatre m\u00eame en province\u2009\u00bb, selon M. Buisson.<\/p>\n\n\n\n<p class=\"\">On attend de savoir s&rsquo;il peut y avoir des avanc\u00e9es [mais en l&rsquo;\u00e9tat], on est partis sur un rapport de force pour que ce soit un blocage du pays.Une nouvelle tarification qui coince<\/p>\n\n\n\n<p class=\"\">Le&nbsp;<a href=\"https:\/\/actu.fr\/sciences-technologie\/greve-des-taxis-c-est-quoi-cette-convention-sur-le-transport-des-patients-qui-met-en-colere-les-chauffeurs_62683256.html\">nouveau syst\u00e8me<\/a>&nbsp;pr\u00e9voit une prise en charge de 13&nbsp;euros par l\u2019Assurance maladie, puis un tarif kilom\u00e9trique. Il est con\u00e7u pour dissuader les retours \u00e0 vide ou les temps d\u2019attente trop longs.<\/p>\n\n\n\n<p class=\"\">Cette tarification doit&nbsp;<strong>entrer en vigueur le 1<sup>er<\/sup>&nbsp;octobre.<\/strong>&nbsp;L\u2019objectif est de limiter la croissance des d\u00e9penses de transport sanitaire. Celles-ci ont atteint 6,74&nbsp;milliards d\u2019euros en 2024, dont 3,07&nbsp;milliards pour les taxis conventionn\u00e9s, soit un bond de 45\u2009% depuis 2019.<\/p>\n\n\n\n<p class=\"\">Le mouvement de col\u00e8re des taxis a provoqu\u00e9 de nombreuses perturbations fin mai, avant un retour au calme cette semaine le temps de la tenue de plusieurs r\u00e9unions aux minist\u00e8res des Transports et de la Sant\u00e9.<\/p>\n","protected":false},"excerpt":{"rendered":"<p>Alors que les n\u00e9gociations avec le gouvernement se poursuivent autour du transport de patients, les taxis annoncent une journ\u00e9e de mobilisation mercredi 11 juin 2025.Les taxis, m\u00e9contents de la tournure des n\u00e9gociations avec le gouvernement concernant le transport des patients, pr\u00e9voient une&nbsp;forte mobilisation mercredi 11&nbsp;juin, jour d\u2019une r\u00e9union cruciale au minist\u00e8re de la Sant\u00e9, a [&hellip;]<\/p>\n","protected":false},"author":2,"featured_media":35605,"comment_status":"open","ping_status":"open","sticky":false,"template":"","format":"standard","meta":{"_jetpack_memberships_contains_paid_content":false,"footnotes":"","jetpack_publicize_message":"","jetpack_publicize_feature_enabled":true,"jetpack_social_post_already_shared":true,"jetpack_social_options":{"image_generator_settings":{"template":"highway","default_image_id":0,"enabled":true,"token":"eyJpbWciOiJodHRwczpcL1wvd3d3LmljZWFnZXR2LmNvbVwvcmFkaW9zaXRlXC93cC1jb250ZW50XC91cGxvYWRzXC8yMDI1XC8wNlwvQ2FwdHVyZS1kZWNyYW4tMjAyNS0wNi0wNy0wODIxNDEucG5nIiwidHh0IjoiJiM4MjIwO1VuIGJsb2NhZ2UgZHUgcGF5cyYjODIyMTsgOiBsZXMgdGF4aXMgZW4gY29sXHUwMGU4cmUgcHJcdTAwZTl2b2llbnQgdW5lIGpvdXJuXHUwMGU5ZSBkZSBmb3J0ZSBtb2JpbGlzYXRpb24gbGUgMTEganVpbiIsInRlbXBsYXRlIjoiaGlnaHdheSIsImJsb2dfaWQiOjExMTAxNjQ2MX0.xhgTmQjekYQ1aFfU-GKcSCPSoTVt6q2DePFuKXw8pFsMQ"},"version":2},"_wpas_customize_per_network":false},"categories":[405],"tags":[],"class_list":["post-35603","post","type-post","status-publish","format-standard","has-post-thumbnail","hentry","category-actu-france-monde"],"jetpack_publicize_connections":[],"jetpack_featured_media_url":"https:\/\/i0.wp.com\/www.iceagetv.com\/radiosite\/wp-content\/uploads\/2025\/06\/Capture-decran-2025-06-07-082141.png?fit=850%2C532&ssl=1","jetpack_sharing_enabled":true,"_links":{"self":[{"href":"https:\/\/www.iceagetv.com\/radiosite\/wp-json\/wp\/v2\/posts\/35603","targetHints":{"allow":["GET"]}}],"collection":[{"href":"https:\/\/www.iceagetv.com\/radiosite\/wp-json\/wp\/v2\/posts"}],"about":[{"href":"https:\/\/www.iceagetv.com\/radiosite\/wp-json\/wp\/v2\/types\/post"}],"author":[{"embeddable":true,"href":"https:\/\/www.iceagetv.com\/radiosite\/wp-json\/wp\/v2\/users\/2"}],"replies":[{"embeddable":true,"href":"https:\/\/www.iceagetv.com\/radiosite\/wp-json\/wp\/v2\/comments?post=35603"}],"version-history":[{"count":1,"href":"https:\/\/www.iceagetv.com\/radiosite\/wp-json\/wp\/v2\/posts\/35603\/revisions"}],"predecessor-version":[{"id":35606,"href":"https:\/\/www.iceagetv.com\/radiosite\/wp-json\/wp\/v2\/posts\/35603\/revisions\/35606"}],"wp:featuredmedia":[{"embeddable":true,"href":"https:\/\/www.iceagetv.com\/radiosite\/wp-json\/wp\/v2\/media\/35605"}],"wp:attachment":[{"href":"https:\/\/www.iceagetv.com\/radiosite\/wp-json\/wp\/v2\/media?parent=35603"}],"wp:term":[{"taxonomy":"category","embeddable":true,"href":"https:\/\/www.iceagetv.com\/radiosite\/wp-json\/wp\/v2\/categories?post=35603"},{"taxonomy":"post_tag","embeddable":true,"href":"https:\/\/www.iceagetv.com\/radiosite\/wp-json\/wp\/v2\/tags?post=35603"}],"curies":[{"name":"wp","href":"https:\/\/api.w.org\/{rel}","templated":true}]}}