{"id":35615,"date":"2025-06-08T09:02:58","date_gmt":"2025-06-08T07:02:58","guid":{"rendered":"https:\/\/www.iceagetv.com\/radiosite\/?p=35615"},"modified":"2025-06-08T09:03:03","modified_gmt":"2025-06-08T07:03:03","slug":"en-colombie-le-senateur-miguel-uribe-qui-vise-la-presidentielle-de-2026-blesse-par-balle-en-plein-meeting","status":"publish","type":"post","link":"https:\/\/www.iceagetv.com\/radiosite\/en-colombie-le-senateur-miguel-uribe-qui-vise-la-presidentielle-de-2026-blesse-par-balle-en-plein-meeting\/","title":{"rendered":"En Colombie, le s\u00e9nateur Miguel Uribe, qui vise la pr\u00e9sidentielle de 2026, bless\u00e9 par balle en plein meeting"},"content":{"rendered":"\n<p class=\"\">INTERNATIONAL &#8211; Sc\u00e8ne de chaos en Colombie. Alors qu\u2019il tenait un meeting de campagne pour la pr\u00e9sidentielle de 2026, le s\u00e9nateur conservateur Miguel Uribe a \u00e9t\u00e9 bless\u00e9 par balle ce samedi 7 juin dans la capitale Bogota. Le gouvernement en place a d\u00e9j\u00e0 qualifi\u00e9 cet acte d\u2019\u00ab attentat \u00bb.Dans un \u00e9tat \u00ab critique \u00bb selon l\u2019h\u00f4pital qui a pris en charge l\u2019homme politique de 39 ans et pr\u00e9tendant s\u00e9rieux \u00e0 la pr\u00e9sidence colombienne, Miguel Uribe a \u00e9t\u00e9 touch\u00e9 deux fois \u00e0 la t\u00eate et une fois au genou samedi. \u00ab Il lutte pour sa vie en ce moment \u00bb, a d\u2019ailleurs indiqu\u00e9 son \u00e9pouse sur le compte X de l\u2019\u00e9lu. Une vid\u00e9o publi\u00e9e sur les r\u00e9seaux sociaux le montre en train de prononcer un discours lors d\u2019un meeting quand des coups de feu retentissent. H\u00e9liport\u00e9 en urgence \u00e0 la clinique Sante Fe de Bogota, il fait l\u2019objet d\u2019une op\u00e9ration neurochirurgicale, a indiqu\u00e9 l\u2019\u00e9tablissement.Selon la police, l\u2019auteur pr\u00e9sum\u00e9 est un mineur, qui a ouvert le feu \u00e0 environ 17H30 locales (00 h 30 heure fran\u00e7aise). Bless\u00e9 \u00e0 une jambe, il a \u00e9t\u00e9 ma\u00eetris\u00e9 par les gardes du corps de Miguel Uribe, a expliqu\u00e9 \u00e0 la presse le chef de la police, Carlos Fernando Triana.Deux autres personnes, un homme et une femme, ont \u00e9galement \u00e9t\u00e9 bless\u00e9es et une arme de poing a \u00e9t\u00e9 retrouv\u00e9e, selon la police, qui indique que les raisons de l\u2019attaque ne peuvent pas \u00eatre imm\u00e9diatement d\u00e9termin\u00e9es. Le minist\u00e8re de la D\u00e9fense a toutefois assur\u00e9 que les services de s\u00e9curit\u00e9 mettaient tout en \u0153uvre pour faire la lumi\u00e8re sur cette attaque contre une figure politique importante. Il faut dire que Miguel Uribe est membre du parti Centre d\u00e9mocratique, la principale formation de la droite colombienne. Celle-ci est dirig\u00e9e par l\u2019influent Alvaro Uribe, chef de l\u2019Etat entre 2002 et 2010.<\/p>\n","protected":false},"excerpt":{"rendered":"<p>INTERNATIONAL &#8211; Sc\u00e8ne de chaos en Colombie. Alors qu\u2019il tenait un meeting de campagne pour la pr\u00e9sidentielle de 2026, le s\u00e9nateur conservateur Miguel Uribe a \u00e9t\u00e9 bless\u00e9 par balle ce samedi 7 juin dans la capitale Bogota. Le gouvernement en place a d\u00e9j\u00e0 qualifi\u00e9 cet acte d\u2019\u00ab attentat \u00bb.Dans un \u00e9tat \u00ab critique \u00bb selon [&hellip;]<\/p>\n","protected":false},"author":2,"featured_media":35616,"comment_status":"open","ping_status":"open","sticky":false,"template":"","format":"standard","meta":{"_jetpack_memberships_contains_paid_content":false,"footnotes":"","jetpack_publicize_message":"","jetpack_publicize_feature_enabled":true,"jetpack_social_post_already_shared":true,"jetpack_social_options":{"image_generator_settings":{"template":"highway","default_image_id":0,"enabled":true,"token":"eyJpbWciOiJodHRwczpcL1wvd3d3LmljZWFnZXR2LmNvbVwvcmFkaW9zaXRlXC93cC1jb250ZW50XC91cGxvYWRzXC8yMDI1XC8wNlwvU2NyZWVuc2hvdF8yMDI1MDYwOF8wOTAxNDYuanBnIiwidHh0IjoiRW4gQ29sb21iaWUsIGxlIHNcdTAwZTluYXRldXIgTWlndWVsIFVyaWJlLCBxdWkgdmlzZSBsYSBwclx1MDBlOXNpZGVudGllbGxlIGRlIDIwMjYsIGJsZXNzXHUwMGU5IHBhciBiYWxsZSBlbiBwbGVpbiBtZWV0aW5nIiwidGVtcGxhdGUiOiJoaWdod2F5IiwiYmxvZ19pZCI6MTExMDE2NDYxfQ.Pv-fYETfn8022rTKn0McSTHUhcQL1kW6WFjkdH89-8EMQ"},"version":2},"_wpas_customize_per_network":false},"categories":[405],"tags":[],"class_list":["post-35615","post","type-post","status-publish","format-standard","has-post-thumbnail","hentry","category-actu-france-monde"],"jetpack_publicize_connections":[],"jetpack_featured_media_url":"https:\/\/i0.wp.com\/www.iceagetv.com\/radiosite\/wp-content\/uploads\/2025\/06\/Screenshot_20250608_090146.jpg?fit=895%2C512&ssl=1","jetpack_sharing_enabled":true,"_links":{"self":[{"href":"https:\/\/www.iceagetv.com\/radiosite\/wp-json\/wp\/v2\/posts\/35615","targetHints":{"allow":["GET"]}}],"collection":[{"href":"https:\/\/www.iceagetv.com\/radiosite\/wp-json\/wp\/v2\/posts"}],"about":[{"href":"https:\/\/www.iceagetv.com\/radiosite\/wp-json\/wp\/v2\/types\/post"}],"author":[{"embeddable":true,"href":"https:\/\/www.iceagetv.com\/radiosite\/wp-json\/wp\/v2\/users\/2"}],"replies":[{"embeddable":true,"href":"https:\/\/www.iceagetv.com\/radiosite\/wp-json\/wp\/v2\/comments?post=35615"}],"version-history":[{"count":1,"href":"https:\/\/www.iceagetv.com\/radiosite\/wp-json\/wp\/v2\/posts\/35615\/revisions"}],"predecessor-version":[{"id":35617,"href":"https:\/\/www.iceagetv.com\/radiosite\/wp-json\/wp\/v2\/posts\/35615\/revisions\/35617"}],"wp:featuredmedia":[{"embeddable":true,"href":"https:\/\/www.iceagetv.com\/radiosite\/wp-json\/wp\/v2\/media\/35616"}],"wp:attachment":[{"href":"https:\/\/www.iceagetv.com\/radiosite\/wp-json\/wp\/v2\/media?parent=35615"}],"wp:term":[{"taxonomy":"category","embeddable":true,"href":"https:\/\/www.iceagetv.com\/radiosite\/wp-json\/wp\/v2\/categories?post=35615"},{"taxonomy":"post_tag","embeddable":true,"href":"https:\/\/www.iceagetv.com\/radiosite\/wp-json\/wp\/v2\/tags?post=35615"}],"curies":[{"name":"wp","href":"https:\/\/api.w.org\/{rel}","templated":true}]}}