{"id":35640,"date":"2025-06-09T08:22:07","date_gmt":"2025-06-09T06:22:07","guid":{"rendered":"https:\/\/www.iceagetv.com\/radiosite\/?p=35640"},"modified":"2025-06-09T08:22:10","modified_gmt":"2025-06-09T06:22:10","slug":"lundi-de-pentecote-notre-salaire-va-t-il-baisser-en-juin-a-cause-de-la-journee-de-solidarite","status":"publish","type":"post","link":"https:\/\/www.iceagetv.com\/radiosite\/lundi-de-pentecote-notre-salaire-va-t-il-baisser-en-juin-a-cause-de-la-journee-de-solidarite\/","title":{"rendered":"Lundi de Pentec\u00f4te : notre salaire va-t-il baisser en juin \u00e0 cause de la journ\u00e9e de solidarit\u00e9\u00a0?"},"content":{"rendered":"\n<p class=\"\">Le lundi 9 juin 2025 est la journ\u00e9e de Pentec\u00f4te que beaucoup d&rsquo;entreprises choisissent comme journ\u00e9e de solidarit\u00e9. Une journ\u00e9e de travail gratuite. Avec un effet sur le salaire ?Chaque ann\u00e9e, les salari\u00e9s du secteur priv\u00e9 et du secteur public se posent la question : va-t-on \u00eatre pay\u00e9 le lundi de Pentec\u00f4te ? Vous le savez peut-\u00eatre d\u00e9j\u00e0, cette journ\u00e9e (qui tombe le 9 juin cette ann\u00e9e) est f\u00e9ri\u00e9e,&nbsp;<a href=\"https:\/\/actu.fr\/societe\/lundi-de-pentecote-jour-ferie-jour-chome-jour-non-paye-doit-on-aller-travailler-le-9-juin_62718272.html\">mais pas forc\u00e9ment non travaill\u00e9e<\/a>.<\/p>\n\n\n\n<h2 class=\"wp-block-heading\">Les salari\u00e9s qui travaillent le font-ils gratuitement ?<\/h2>\n\n\n\n<p class=\"\">Et pour cause : c\u2019est une journ\u00e9e de solidarit\u00e9, instaur\u00e9e en 2004 pour financer des actions en faveur de l\u2019autonomie des&nbsp;<a href=\"https:\/\/actu.fr\/tag\/seniors\">personnes \u00e2g\u00e9es<\/a>&nbsp;ou&nbsp;<a href=\"https:\/\/actu.fr\/tag\/handicap\">handicap\u00e9es<\/a>, et qui concerne tous les actifs. De son c\u00f4t\u00e9, l\u2019employeur doit verser \u00e0 l\u2019\u00c9tat la \u00ab contribution solidarit\u00e9 autonomie \u00bb (CSA).<\/p>\n\n\n\n<p class=\"\">Mais selon les entreprises, les accords de branches, et les services au sein m\u00eame des entreprises, certains salari\u00e9s travaillent, alors que d\u2019autres non.&nbsp;<\/p>\n\n\n\n<p class=\"\">Dans les faits, la journ\u00e9e de solidarit\u00e9 se traduit par&nbsp;<strong>une journ\u00e9e suppl\u00e9mentaire de travail non r\u00e9mun\u00e9r\u00e9e<\/strong>. Elle peut \u00eatre accomplie selon l\u2019une des modalit\u00e9s suivantes :<\/p>\n\n\n\n<ul class=\"wp-block-list\">\n<li class=\"\">soit pendant un jour f\u00e9ri\u00e9 qui \u00e9tait pr\u00e9c\u00e9demment ch\u00f4m\u00e9 autre que le 1er mai (comme le lundi de Pentec\u00f4te) ;<\/li>\n\n\n\n<li class=\"\">soit en supprimant une journ\u00e9e de RTT<\/li>\n\n\n\n<li class=\"\">soit selon toute autre modalit\u00e9 permettant le travail de sept heures pr\u00e9c\u00e9demment non travaill\u00e9es (comme travailler un samedi, par exemple).<\/li>\n<\/ul>\n\n\n\n<h2 class=\"wp-block-heading\">Jour de cong\u00e9s impos\u00e9s ou pas<\/h2>\n\n\n\n<p class=\"\">Donc, pour r\u00e9sumer, selon les entreprises, dans certains services, on impose parfois aux salari\u00e9s de poser un jour (RTT ou cong\u00e9 pay\u00e9), ou alors\u00a0<strong>pour n\u00e9cessit\u00e9 de service, on leur demande de travailler,<\/strong>\u00a0et donc de donner sept heures de travail suppl\u00e9mentaire \u00e0 l\u2019entreprise. Qui, elle, les redonne \u00e0 l\u2019\u00c9tat.Et puisqu\u2019il s\u2019agit d\u2019une journ\u00e9e de travail suppl\u00e9mentaire dans l\u2019ann\u00e9e dont l\u2019objectif est de financer l\u2019autonomie des personnes \u00e2g\u00e9es ou handicap\u00e9es, c\u2019est une journ\u00e9e offerte par les travailleurs et \u00e0 ce titre non pay\u00e9e.<\/p>\n\n\n\n<p class=\"\">Mais attention, certaines entreprises d\u00e9cident de faire cadeau de cette journ\u00e9e aux salari\u00e9s, qui n\u2019ont donc pas l\u2019obligation de travailler, ni de poser un jour obligatoirement. En fait, tout d\u00e9pend des entreprises.<\/p>\n\n\n\n<p class=\"\">\u00c0 titre d\u2019exemple, chez actu.fr, l\u2019entreprise a choisi le lundi de Pentec\u00f4te comme journ\u00e9e de solidarit\u00e9. Ainsi, les journalistes de l\u2019entreprise travaillent normalement, pour n\u00e9cessit\u00e9 de service. Mais dans les services administratifs, sauf contre-indication, les employ\u00e9s sont encourag\u00e9s \u00e0 poser un jour de RTT ou de CP obligatoirement ce jour-l\u00e0.<\/p>\n\n\n\n<p class=\"\">Dans les cabinets de services en revanche, ou bien les industries agroalimentaires, si le cabinet est ferm\u00e9 ou la chaine de production \u00e0 l\u2019arr\u00eat, les salari\u00e9s doivent poser un jour de cong\u00e9.Pas un salaire inf\u00e9rieur en juin<\/p>\n\n\n\n<p class=\"\">Pour autant, au mois de juin,&nbsp;<strong>cela ne veut pas dire que votre salaire sera inf\u00e9rieur<\/strong>&nbsp;aux autres mois de l\u2019ann\u00e9e. En fait, ces sept heures de travail en moins sont liss\u00e9es sur l\u2019ann\u00e9e.<\/p>\n\n\n\n<p class=\"\">Pour simplifier, vous ne vous rendez pas compte que vous \u00eates moins pay\u00e9 pour cette journ\u00e9e de travail gratuite en juin, car dans les faits, vous n\u2019\u00eates pas moins pay\u00e9, vous travaillez juste sept heures de plus dans l\u2019ann\u00e9e. Mais sans perdre en salaire.<\/p>\n\n\n\n<p class=\"\">Donc, si vous travaillez pour la journ\u00e9e de Pentec\u00f4te, rassurez-vous, vous ne verrez pas votre salaire amput\u00e9 d\u2019une journ\u00e9e.<\/p>\n","protected":false},"excerpt":{"rendered":"<p>Le lundi 9 juin 2025 est la journ\u00e9e de Pentec\u00f4te que beaucoup d&rsquo;entreprises choisissent comme journ\u00e9e de solidarit\u00e9. Une journ\u00e9e de travail gratuite. Avec un effet sur le salaire ?Chaque ann\u00e9e, les salari\u00e9s du secteur priv\u00e9 et du secteur public se posent la question : va-t-on \u00eatre pay\u00e9 le lundi de Pentec\u00f4te ? Vous le [&hellip;]<\/p>\n","protected":false},"author":2,"featured_media":35641,"comment_status":"open","ping_status":"open","sticky":false,"template":"","format":"standard","meta":{"_jetpack_memberships_contains_paid_content":false,"footnotes":"","jetpack_publicize_message":"","jetpack_publicize_feature_enabled":true,"jetpack_social_post_already_shared":true,"jetpack_social_options":{"image_generator_settings":{"template":"highway","default_image_id":0,"enabled":true,"token":"eyJpbWciOiJodHRwczpcL1wvd3d3LmljZWFnZXR2LmNvbVwvcmFkaW9zaXRlXC93cC1jb250ZW50XC91cGxvYWRzXC8yMDI1XC8wNlwvYWRvYmVzdG9jay0xMzA1NzUwMi05NjB4NjQwLTEuanBlZyIsInR4dCI6Ikx1bmRpIGRlIFBlbnRlY1x1MDBmNHRlIDogbm90cmUgc2FsYWlyZSB2YS10LWlsIGJhaXNzZXIgZW4ganVpbiBcdTAwZTAgY2F1c2UgZGUgbGEgam91cm5cdTAwZTllIGRlIHNvbGlkYXJpdFx1MDBlOVx1MDBhMD8iLCJ0ZW1wbGF0ZSI6ImhpZ2h3YXkiLCJibG9nX2lkIjoxMTEwMTY0NjF9.cDCy79EKzY0l0mfQktp3G2Q1gQVj98jpA8Hg215Bop8MQ"},"version":2},"_wpas_customize_per_network":false},"categories":[405],"tags":[],"class_list":["post-35640","post","type-post","status-publish","format-standard","has-post-thumbnail","hentry","category-actu-france-monde"],"jetpack_publicize_connections":[],"jetpack_featured_media_url":"https:\/\/i0.wp.com\/www.iceagetv.com\/radiosite\/wp-content\/uploads\/2025\/06\/adobestock-13057502-960x640-1.jpeg?fit=960%2C640&ssl=1","jetpack_sharing_enabled":true,"_links":{"self":[{"href":"https:\/\/www.iceagetv.com\/radiosite\/wp-json\/wp\/v2\/posts\/35640","targetHints":{"allow":["GET"]}}],"collection":[{"href":"https:\/\/www.iceagetv.com\/radiosite\/wp-json\/wp\/v2\/posts"}],"about":[{"href":"https:\/\/www.iceagetv.com\/radiosite\/wp-json\/wp\/v2\/types\/post"}],"author":[{"embeddable":true,"href":"https:\/\/www.iceagetv.com\/radiosite\/wp-json\/wp\/v2\/users\/2"}],"replies":[{"embeddable":true,"href":"https:\/\/www.iceagetv.com\/radiosite\/wp-json\/wp\/v2\/comments?post=35640"}],"version-history":[{"count":1,"href":"https:\/\/www.iceagetv.com\/radiosite\/wp-json\/wp\/v2\/posts\/35640\/revisions"}],"predecessor-version":[{"id":35642,"href":"https:\/\/www.iceagetv.com\/radiosite\/wp-json\/wp\/v2\/posts\/35640\/revisions\/35642"}],"wp:featuredmedia":[{"embeddable":true,"href":"https:\/\/www.iceagetv.com\/radiosite\/wp-json\/wp\/v2\/media\/35641"}],"wp:attachment":[{"href":"https:\/\/www.iceagetv.com\/radiosite\/wp-json\/wp\/v2\/media?parent=35640"}],"wp:term":[{"taxonomy":"category","embeddable":true,"href":"https:\/\/www.iceagetv.com\/radiosite\/wp-json\/wp\/v2\/categories?post=35640"},{"taxonomy":"post_tag","embeddable":true,"href":"https:\/\/www.iceagetv.com\/radiosite\/wp-json\/wp\/v2\/tags?post=35640"}],"curies":[{"name":"wp","href":"https:\/\/api.w.org\/{rel}","templated":true}]}}