{"id":35646,"date":"2025-06-09T16:18:14","date_gmt":"2025-06-09T14:18:14","guid":{"rendered":"https:\/\/www.iceagetv.com\/radiosite\/?p=35646"},"modified":"2025-06-09T16:18:19","modified_gmt":"2025-06-09T14:18:19","slug":"un-quart-des-francais-a-deja-utilise-la-radio-pour-sinformer-dans-une-situation-de-crise-comme-une-catastrophe-naturelle-ou-un-acte-terroriste-selon-un-sondage-commande-par-larcom","status":"publish","type":"post","link":"https:\/\/www.iceagetv.com\/radiosite\/un-quart-des-francais-a-deja-utilise-la-radio-pour-sinformer-dans-une-situation-de-crise-comme-une-catastrophe-naturelle-ou-un-acte-terroriste-selon-un-sondage-commande-par-larcom\/","title":{"rendered":"Un quart des Fran\u00e7ais a d\u00e9j\u00e0 utilis\u00e9 la radio pour s&rsquo;informer dans une situation de crise comme une catastrophe naturelle ou un acte terroriste, selon un sondage command\u00e9 par l&rsquo;Arcom"},"content":{"rendered":"\n<p class=\"\">Un quart des Fran\u00e7ais a d\u00e9j\u00e0 utilis\u00e9 la radio pour s&rsquo;informer dans une situation de crise comme une catastrophe naturelle ou un acte terroriste, selon un sondage command\u00e9 par le r\u00e9gulateur de l&rsquo;audiovisuel, l&rsquo;Arcom.<\/p>\n\n\n\n<p class=\"\">Qu&rsquo;elles l&rsquo;aient elles-m\u00eames fait ou non, quelque 85% des personnes interrog\u00e9es estiment que la radio joue un r\u00f4le important pour s&rsquo;informer en pareilles circonstances, selon ce sondage Ifop publi\u00e9 \u00e0 l&rsquo;occasion de la quatri\u00e8me \u00e9dition des assises de la radio.<\/p>\n\n\n\n<p class=\"\">Ce m\u00e9dia est un bon moyen de recevoir rapidement des informations essentielles (pour 87%), d&rsquo;entendre les experts ou les t\u00e9moins (82%) et savoir quoi faire pour se prot\u00e9ger ou se rendre utile (82%). En outre, la radio permet de se changer les id\u00e9es, se divertir (84%), s&rsquo;assurer un lien vers l&rsquo;ext\u00e9rieur (84%) et se sentir moins seul (82%).<\/p>\n\n\n\n<p class=\"\">Apr\u00e8s la m\u00e9ga-panne \u00e9lectrique du 28 avril, qui avait priv\u00e9 d&rsquo;\u00e9lectricit\u00e9 l&rsquo;Espagne, le Portugal et des localit\u00e9s du Pays basque fran\u00e7ais, la pr\u00e9sidente de Radio France Sibyle Veil avait soulign\u00e9 sur le r\u00e9seau LinkedIn qu'\u00a0\u00bben cas de crise, la radio reste un roc\u00a0\u00bb. \u00ab\u00a0Elle repose sur des infrastructures autonomes et robustes\u00a0\u00bb et est \u00ab\u00a0accessible \u00e0 tous: un poste et deux piles suffisent\u00a0\u00bb, relevait-elle.<\/p>\n","protected":false},"excerpt":{"rendered":"<p>Un quart des Fran\u00e7ais a d\u00e9j\u00e0 utilis\u00e9 la radio pour s&rsquo;informer dans une situation de crise comme une catastrophe naturelle ou un acte terroriste, selon un sondage command\u00e9 par le r\u00e9gulateur de l&rsquo;audiovisuel, l&rsquo;Arcom. Qu&rsquo;elles l&rsquo;aient elles-m\u00eames fait ou non, quelque 85% des personnes interrog\u00e9es estiment que la radio joue un r\u00f4le important pour s&rsquo;informer [&hellip;]<\/p>\n","protected":false},"author":2,"featured_media":35647,"comment_status":"open","ping_status":"open","sticky":false,"template":"","format":"standard","meta":{"_jetpack_memberships_contains_paid_content":false,"footnotes":"","jetpack_publicize_message":"","jetpack_publicize_feature_enabled":true,"jetpack_social_post_already_shared":true,"jetpack_social_options":{"image_generator_settings":{"template":"highway","default_image_id":0,"enabled":true,"token":"eyJpbWciOiJodHRwczpcL1wvd3d3LmljZWFnZXR2LmNvbVwvcmFkaW9zaXRlXC93cC1jb250ZW50XC91cGxvYWRzXC8yMDI1XC8wNlwvT2lZVHpORmcuanBnIiwidHh0IjoiVW4gcXVhcnQgZGVzIEZyYW5cdTAwZTdhaXMgYSBkXHUwMGU5alx1MDBlMCB1dGlsaXNcdTAwZTkgbGEgcmFkaW8gcG91ciBzJiM4MjE3O2luZm9ybWVyIGRhbnMgdW5lIHNpdHVhdGlvbiBkZSBjcmlzZSBjb21tZSB1bmUgY2F0YXN0cm9waGUgbmF0dXJlbGxlIG91IHVuIGFjdGUgdGVycm9yaXN0ZSwgc2Vsb24gdW4gc29uZGFnZSBjb21tYW5kXHUwMGU5IHBhciBsJiM4MjE3O0FyY29tIiwidGVtcGxhdGUiOiJoaWdod2F5IiwiYmxvZ19pZCI6MTExMDE2NDYxfQ.eVJDoDm-G1thMtQRiYYnKzp9HXM3SlYXmsOqEnaeZ9gMQ"},"version":2},"_wpas_customize_per_network":false},"categories":[68],"tags":[],"class_list":["post-35646","post","type-post","status-publish","format-standard","has-post-thumbnail","hentry","category-actu-culturelle"],"jetpack_publicize_connections":[],"jetpack_featured_media_url":"https:\/\/i0.wp.com\/www.iceagetv.com\/radiosite\/wp-content\/uploads\/2025\/06\/OiYTzNFg.jpg?fit=679%2C293&ssl=1","jetpack_sharing_enabled":true,"_links":{"self":[{"href":"https:\/\/www.iceagetv.com\/radiosite\/wp-json\/wp\/v2\/posts\/35646","targetHints":{"allow":["GET"]}}],"collection":[{"href":"https:\/\/www.iceagetv.com\/radiosite\/wp-json\/wp\/v2\/posts"}],"about":[{"href":"https:\/\/www.iceagetv.com\/radiosite\/wp-json\/wp\/v2\/types\/post"}],"author":[{"embeddable":true,"href":"https:\/\/www.iceagetv.com\/radiosite\/wp-json\/wp\/v2\/users\/2"}],"replies":[{"embeddable":true,"href":"https:\/\/www.iceagetv.com\/radiosite\/wp-json\/wp\/v2\/comments?post=35646"}],"version-history":[{"count":1,"href":"https:\/\/www.iceagetv.com\/radiosite\/wp-json\/wp\/v2\/posts\/35646\/revisions"}],"predecessor-version":[{"id":35648,"href":"https:\/\/www.iceagetv.com\/radiosite\/wp-json\/wp\/v2\/posts\/35646\/revisions\/35648"}],"wp:featuredmedia":[{"embeddable":true,"href":"https:\/\/www.iceagetv.com\/radiosite\/wp-json\/wp\/v2\/media\/35647"}],"wp:attachment":[{"href":"https:\/\/www.iceagetv.com\/radiosite\/wp-json\/wp\/v2\/media?parent=35646"}],"wp:term":[{"taxonomy":"category","embeddable":true,"href":"https:\/\/www.iceagetv.com\/radiosite\/wp-json\/wp\/v2\/categories?post=35646"},{"taxonomy":"post_tag","embeddable":true,"href":"https:\/\/www.iceagetv.com\/radiosite\/wp-json\/wp\/v2\/tags?post=35646"}],"curies":[{"name":"wp","href":"https:\/\/api.w.org\/{rel}","templated":true}]}}