{"id":35665,"date":"2025-06-10T13:11:01","date_gmt":"2025-06-10T11:11:01","guid":{"rendered":"https:\/\/www.iceagetv.com\/radiosite\/?p=35665"},"modified":"2025-06-10T13:11:05","modified_gmt":"2025-06-10T11:11:05","slug":"haute-marne-la-surveillante-poignardee-ce-matin-par-un-collegien-de-14-ans-a-nogent-est-decedee-emmanuel-macron-denonce-un-deferlement-de-violence-insense-la-ministre-de-leducation-e","status":"publish","type":"post","link":"https:\/\/www.iceagetv.com\/radiosite\/haute-marne-la-surveillante-poignardee-ce-matin-par-un-collegien-de-14-ans-a-nogent-est-decedee-emmanuel-macron-denonce-un-deferlement-de-violence-insense-la-ministre-de-leducation-e\/","title":{"rendered":"Haute-Marne: La surveillante poignard\u00e9e ce matin par un coll\u00e9gien de 14 ans \u00e0 Nogent est d\u00e9c\u00e9d\u00e9e &#8211; Emmanuel Macron d\u00e9nonce \u00ab\u00a0un d\u00e9ferlement de violence insens\u00e9\u00a0\u00bb &#8211; La ministre de l\u2019Education Elisabeth Borne se rend sur place"},"content":{"rendered":"\n<p class=\"\"><strong>R\u00e9action du Premier ministre Fran\u00e7ois Bayrou<\/strong><\/p>\n\n\n\n<p class=\"\">\u00ab\u00a0\u00c0 nouveau, l\u2019horreur. Cette fois, c\u2019est un coll\u00e8ge de Nogent, o\u00f9 une assistante d\u2019\u00e9ducation a \u00e9t\u00e9 poignard\u00e9e, tu\u00e9e par un \u00e9l\u00e8ve de 14 ans. Nos pens\u00e9es vont \u00e0 son petit gar\u00e7on, \u00e0 sa famille, aux siens et \u00e0 toute la communaut\u00e9 \u00e9ducative. La menace des armes blanches chez nos enfants est devenue critique. Comme d\u00e9cid\u00e9 le 27 mars et le 29 avril, il nous revient de faire de ce fl\u00e9au r\u00e9pandu partout, un ennemi public\u00a0\u00bb.Le chef des communistes Fabien Roussel a \u00e9voqu\u00e9 son \u00ab horreur \u00bb et sa \u00ab profonde \u00e9motion \u00bb face \u00e0 ce meurtre. \u00ab L\u2019\u00e9cole et ceux qui la d\u00e9fendent doivent \u00eatre prot\u00e9g\u00e9s de la violence \u00bb, a-t-il enjoint.La mort de l\u2019assistante d\u2019\u00e9ducation poignard\u00e9e par un \u00e9l\u00e8ve de l\u2019\u00e9tablissement o\u00f9 elle travaillait, \u00e0 Nogent, est absolument terrible. Elle horrifie et elle nous glace \u00bb, a d\u00e9clar\u00e9 de son c\u00f4t\u00e9 Mathilde Panot, pr\u00e9sidente du groupe LFI \u00e0 l\u2019Assembl\u00e9e nationale.Une minute de silence sera observ\u00e9e \u00e0 l&rsquo;Assembl\u00e9e nationale cet apr\u00e8s-midi \u00e0 15 heures en hommage \u00e0 la surveillante d\u00e9c\u00e9d\u00e9e apr\u00e8s avoir \u00e9t\u00e9 poignard\u00e9e par un coll\u00e9gien \u00e0 Nogent, selon Franceinfo.a pr\u00e9sidente de l\u2019Assembl\u00e9e nationale Ya\u00ebl Braun-Pivet a post\u00e9 un message sur son compte X. \u00ab&nbsp;Comme m\u00e8re, comme citoyenne, je sais ce que l\u2019on attend de l\u2019\u00c9cole : qu\u2019elle soit un lieu s\u00fbr, exigeant, protecteur&nbsp;\u00bb, \u00e9crit-t-elle sur le r\u00e9seau social.<\/p>\n\n\n\n<p class=\"\">Et de poursuivre : \u00ab\u00a0Aucun mot n&rsquo;est \u00e0 la hauteur de l&rsquo;horreur de la mort de la surveillante poignard\u00e9e par un \u00e9l\u00e8ve en Haute-Marne. J&rsquo;adresse mes condol\u00e9ances \u00e0 ses proches et \u00e0 toute la communaut\u00e9 \u00e9ducative\u00a0\u00bb.<strong>Le point sur ce que l&rsquo;on sait \u00e0 la mi-journ\u00e9e<\/strong><\/p>\n\n\n\n<p class=\"\">Une assistante d\u2019\u00e9ducation est d\u00e9c\u00e9d\u00e9e mardi peu apr\u00e8s avoir re\u00e7u des coups de couteau lors d\u2019un contr\u00f4le des sacs devant un coll\u00e8ge \u00e0 Nogent (Haute-Marne) et un \u00e9l\u00e8ve de 15 ans, imm\u00e9diatement ma\u00eetris\u00e9, a \u00e9t\u00e9 plac\u00e9 en garde \u00e0 vue.<\/p>\n\n\n\n<p class=\"\">Le coll\u00e9gien a \u00e9t\u00e9 arr\u00eat\u00e9 apr\u00e8s avoir \u00ab&nbsp;bless\u00e9 gri\u00e8vement une assistante d\u2019\u00e9ducation&nbsp;\u00bb de 31 ans avec un couteau, a indiqu\u00e9 la pr\u00e9fecture en d\u00e9but de matin\u00e9e. La surveillante est d\u00e9c\u00e9d\u00e9e de ses blessures, a ensuite indiqu\u00e9 une source proche de l\u2019enqu\u00eate.<\/p>\n\n\n\n<p class=\"\">Inconnu des services de police, le suspect est \u00e2g\u00e9 de 15 ans, selon une source proche du dossier. Il a \u00e9t\u00e9 plac\u00e9 en garde \u00e0 vue \u00e0 la gendarmerie de Nogent, a pr\u00e9cis\u00e9 la pr\u00e9fecture.<\/p>\n\n\n\n<p class=\"\">\u00ab&nbsp;Plusieurs coups de couteau&nbsp;\u00bb ont \u00e9t\u00e9 port\u00e9s juste au moment de la rentr\u00e9e des classes, et le suspect, imm\u00e9diatement ma\u00eetris\u00e9 par les gendarmes pr\u00e9sents pour le contr\u00f4le, \u00ab&nbsp;serait bien un coll\u00e9gien de l\u2019\u00e9tablissement&nbsp;\u00bb selon les premi\u00e8res informations disponibles, selon le rectorat.<\/p>\n\n\n\n<p class=\"\">L\u2019acad\u00e9mie de Reims a d\u00e9ploy\u00e9 une \u00e9quipe mobile de s\u00e9curit\u00e9 sur place, et d\u00e9clench\u00e9 la mise en place d\u2019une cellule de soutien psychologique.<\/p>\n\n\n\n<p class=\"\">Ce contr\u00f4le de sacs \u00e9tait \u00ab&nbsp;pr\u00e9vu de longue date&nbsp;\u00bb conjointement avec la gendarmerie, \u00ab&nbsp;dans le cadre de la circulaire Retailleau-Borne&nbsp;\u00bb, a pr\u00e9cis\u00e9 le rectorat, soulignant qu\u2019il n\u2019y avait \u00ab&nbsp;pas de difficult\u00e9s particuli\u00e8res&nbsp;\u00bb dans cet \u00e9tablissement.<\/p>\n\n\n\n<p class=\"\">Des contr\u00f4les al\u00e9atoires de sacs dans les \u00e9tablissements scolaires ont \u00e9t\u00e9 mis en place apr\u00e8s une rixe en mars qui avait provoqu\u00e9 la mort d\u2019un jeune de 17 ans devant un lyc\u00e9e en Essonne.<\/p>\n\n\n\n<p class=\"\">Le ministre de l\u2019Int\u00e9rieur avait alors promis davantage de \u00ab&nbsp;dissuasion et de sanctions&nbsp;\u00bb aux abords des \u00e9tablissements scolaires apr\u00e8s la \u00ab&nbsp;longue litanie&nbsp;\u00bb de rixes mortelles.<\/p>\n\n\n\n<p class=\"\">La ministre de l\u2019\u00c9ducation Elisabeth Borne a exprim\u00e9 mardi sur X \u00ab&nbsp;tout (son) soutien \u00e0 la victime et \u00e0 ses proches&nbsp;\u00bb, apr\u00e8s \u00ab&nbsp;un drame terrible&nbsp;\u00bb, et annonc\u00e9 qu\u2019elle se rendait \u00e0 Nogent \u00ab&nbsp;en soutien \u00e0 l\u2019ensemble de la communaut\u00e9 scolaire et des forces de l\u2019ordre&nbsp;\u00bb. Elle est attendue sur place \u00e0 la mi-journ\u00e9e.<\/p>\n","protected":false},"excerpt":{"rendered":"<p>R\u00e9action du Premier ministre Fran\u00e7ois Bayrou \u00ab\u00a0\u00c0 nouveau, l\u2019horreur. Cette fois, c\u2019est un coll\u00e8ge de Nogent, o\u00f9 une assistante d\u2019\u00e9ducation a \u00e9t\u00e9 poignard\u00e9e, tu\u00e9e par un \u00e9l\u00e8ve de 14 ans. Nos pens\u00e9es vont \u00e0 son petit gar\u00e7on, \u00e0 sa famille, aux siens et \u00e0 toute la communaut\u00e9 \u00e9ducative. La menace des armes blanches chez nos [&hellip;]<\/p>\n","protected":false},"author":2,"featured_media":35666,"comment_status":"open","ping_status":"open","sticky":false,"template":"","format":"standard","meta":{"_jetpack_memberships_contains_paid_content":false,"footnotes":"","jetpack_publicize_message":"","jetpack_publicize_feature_enabled":true,"jetpack_social_post_already_shared":true,"jetpack_social_options":{"image_generator_settings":{"template":"highway","default_image_id":0,"enabled":true,"token":"eyJpbWciOiJodHRwczpcL1wvd3d3LmljZWFnZXR2LmNvbVwvcmFkaW9zaXRlXC93cC1jb250ZW50XC91cGxvYWRzXC8yMDI1XC8wNlwvMzhtZTdtWlAuanBnIiwidHh0IjoiSGF1dGUtTWFybmU6IExhIHN1cnZlaWxsYW50ZSBwb2lnbmFyZFx1MDBlOWUgY2UgbWF0aW4gcGFyIHVuIGNvbGxcdTAwZTlnaWVuIGRlIDE0IGFucyBcdTAwZTAgTm9nZW50IGVzdCBkXHUwMGU5Y1x1MDBlOWRcdTAwZTllICYjODIxMTsgRW1tYW51ZWwgTWFjcm9uIGRcdTAwZTlub25jZSAmIzgyMjA7dW4gZFx1MDBlOWZlcmxlbWVudCBkZSB2aW9sZW5jZSBpbnNlbnNcdTAwZTkmIzgyMjE7ICYjODIxMTsgTGEgbWluaXN0cmUgZGUgbFx1MjAxOUVkdWNhdGlvbiBFbGlzYWJldGggQm9ybmUgc2UgcmVuZCBzdXIgcGxhY2UiLCJ0ZW1wbGF0ZSI6ImhpZ2h3YXkiLCJibG9nX2lkIjoxMTEwMTY0NjF9.BR5elT6B-YLnqOj4BeCmrdP7gT_sA43HUM5UAJ_5PUMMQ"},"version":2},"_wpas_customize_per_network":false},"categories":[405],"tags":[],"class_list":["post-35665","post","type-post","status-publish","format-standard","has-post-thumbnail","hentry","category-actu-france-monde"],"jetpack_publicize_connections":[],"jetpack_featured_media_url":"https:\/\/i0.wp.com\/www.iceagetv.com\/radiosite\/wp-content\/uploads\/2025\/06\/38me7mZP.jpg?fit=679%2C293&ssl=1","jetpack_sharing_enabled":true,"_links":{"self":[{"href":"https:\/\/www.iceagetv.com\/radiosite\/wp-json\/wp\/v2\/posts\/35665","targetHints":{"allow":["GET"]}}],"collection":[{"href":"https:\/\/www.iceagetv.com\/radiosite\/wp-json\/wp\/v2\/posts"}],"about":[{"href":"https:\/\/www.iceagetv.com\/radiosite\/wp-json\/wp\/v2\/types\/post"}],"author":[{"embeddable":true,"href":"https:\/\/www.iceagetv.com\/radiosite\/wp-json\/wp\/v2\/users\/2"}],"replies":[{"embeddable":true,"href":"https:\/\/www.iceagetv.com\/radiosite\/wp-json\/wp\/v2\/comments?post=35665"}],"version-history":[{"count":1,"href":"https:\/\/www.iceagetv.com\/radiosite\/wp-json\/wp\/v2\/posts\/35665\/revisions"}],"predecessor-version":[{"id":35667,"href":"https:\/\/www.iceagetv.com\/radiosite\/wp-json\/wp\/v2\/posts\/35665\/revisions\/35667"}],"wp:featuredmedia":[{"embeddable":true,"href":"https:\/\/www.iceagetv.com\/radiosite\/wp-json\/wp\/v2\/media\/35666"}],"wp:attachment":[{"href":"https:\/\/www.iceagetv.com\/radiosite\/wp-json\/wp\/v2\/media?parent=35665"}],"wp:term":[{"taxonomy":"category","embeddable":true,"href":"https:\/\/www.iceagetv.com\/radiosite\/wp-json\/wp\/v2\/categories?post=35665"},{"taxonomy":"post_tag","embeddable":true,"href":"https:\/\/www.iceagetv.com\/radiosite\/wp-json\/wp\/v2\/tags?post=35665"}],"curies":[{"name":"wp","href":"https:\/\/api.w.org\/{rel}","templated":true}]}}