{"id":35669,"date":"2025-06-10T13:13:28","date_gmt":"2025-06-10T11:13:28","guid":{"rendered":"https:\/\/www.iceagetv.com\/radiosite\/?p=35669"},"modified":"2025-06-10T13:13:31","modified_gmt":"2025-06-10T11:13:31","slug":"autriche-un-bilan-provisoire-fait-etat-dau-moins-dix-morts-et-de-plusieurs-blesses-graves-dans-lattaque-dun-etablissement-scolaire-a-graz-dans-le-sud-est-du-pays","status":"publish","type":"post","link":"https:\/\/www.iceagetv.com\/radiosite\/autriche-un-bilan-provisoire-fait-etat-dau-moins-dix-morts-et-de-plusieurs-blesses-graves-dans-lattaque-dun-etablissement-scolaire-a-graz-dans-le-sud-est-du-pays\/","title":{"rendered":"Autriche: Un bilan provisoire fait \u00e9tat d&rsquo;au moins dix morts et de plusieurs bless\u00e9s graves dans l\u2019attaque d\u2019un \u00e9tablissement scolaire \u00e0 Graz, dans le sud-est du pays"},"content":{"rendered":"\n<p class=\"\"><strong>Dix personnes sont mortes mardi matin lors d&rsquo;une attaque dans une \u00e9cole de Graz en&nbsp;Autriche,&nbsp;vraisemblablement perp\u00e9tr\u00e9e par un \u00e9l\u00e8ve, selon la maire de la ville Elke Kahr, cit\u00e9e par l&rsquo;agence de presse APA.<\/strong><\/p>\n\n\n\n<p class=\"\">Parmi les victimes, figurent des \u00e9l\u00e8ves et au moins un adulte. L&rsquo;auteur pr\u00e9sum\u00e9, qui a agi seul selon la police et dont le mobile est inconnu \u00e0 ce stade, est d\u00e9c\u00e9d\u00e9, a pr\u00e9cis\u00e9 Mme Kahr. \u00ab\u00a0Plusieurs unit\u00e9s d&rsquo;intervention sp\u00e9ciale sont sur place\u00a0\u00bb, a indiqu\u00e9 la police sur X, \u00e9voquant \u00ab\u00a0des coups de feu\u00a0\u00bb sans plus de pr\u00e9cisions.<\/p>\n\n\n\n<p class=\"\">\u00ab\u00a0La situation est tr\u00e8s confuse pour l&rsquo;instant. Il pourrait s&rsquo;agir d&rsquo;un cas de folie meurtri\u00e8re\u00a0\u00bb, ont d\u00e9clar\u00e9 des sources polici\u00e8res \u00e0 l&rsquo;agence de presse APA.<strong>Le point sur ce que l&rsquo;on sait \u00e0 la mi-journ\u00e9e<\/strong><\/p>\n\n\n\n<p class=\"\">Des tirs ont fait plusieurs morts, dont l\u2019assaillant pr\u00e9sum\u00e9, ainsi que des bless\u00e9s graves dans un \u00e9tablissement scolaire de Graz mardi, dans le sud-est de l\u2019Autriche, selon le minist\u00e8re de l\u2019Int\u00e9rieur cit\u00e9 par la t\u00e9l\u00e9vision publique.<\/p>\n\n\n\n<p class=\"\">\u00ab&nbsp;Plusieurs unit\u00e9s d\u2019intervention sp\u00e9ciale sont sur place&nbsp;\u00bb, a indiqu\u00e9 la police sur X, \u00e9voquant \u00ab&nbsp;des coups de feu&nbsp;\u00bb sans plus de pr\u00e9cisions.<\/p>\n\n\n\n<p class=\"\">Selon la cha\u00eene ORF, le minist\u00e8re de l\u2019Int\u00e9rieur a fait \u00e9tat de plusieurs d\u00e9c\u00e8s. Des \u00e9l\u00e8ves et enseignants auraient \u00e9galement \u00e9t\u00e9 gri\u00e8vement bless\u00e9s. L\u2019AFP n\u2019\u00e9tait pas en mesure de confirmer l\u2019information dans l\u2019imm\u00e9diat. Un \u00e9l\u00e8ve du lyc\u00e9e serait \u00e0 l\u2019origine des tirs ayant n\u00e9cessit\u00e9 une \u00e9vacuation d\u2019urgence.<\/p>\n\n\n\n<p class=\"\">Selon le porte-parole de la police Fritz Grundnig cit\u00e9 par ORF sur son site internet, il s\u2019est probablement donn\u00e9 la mort. \u00ab&nbsp;La situation est tr\u00e8s confuse pour l\u2019instant. Il pourrait s\u2019agir d\u2019un cas de folie meurtri\u00e8re&nbsp;\u00bb, ont d\u00e9clar\u00e9 des sources polici\u00e8res \u00e0 l\u2019agence de presse APA.<\/p>\n\n\n\n<p class=\"\">Loin des drames de ce genre qui secouent r\u00e9guli\u00e8rement les Etats-Unis et d\u2019autres pays occidentaux, l\u2019Autriche, un pays membre de l\u2019UE de 9,2 millions d\u2019habitants, n\u2019a pas l\u2019habitude de ce type de criminalit\u00e9.<\/p>\n\n\n\n<p class=\"\">Elle figure parmi les dix Etats les plus s\u00fbrs du monde, d\u2019apr\u00e8s l\u2019Indice mondial pour la paix (Global Peace Index), qui prend en compte le taux d\u2019homicide aux c\u00f4t\u00e9s d\u2019autres indicateurs comme la militarisation et les conflits.<strong>Ces derni\u00e8res ann\u00e9es, l\u2019Europe a \u00e9t\u00e9 secou\u00e9e par de rares attaques en milieu scolaire et universitaire, ne relevant pas d\u2019actes de terrorisme.<\/strong><\/p>\n\n\n\n<p class=\"\">&#8211; En janvier 2025, un jeune homme de 18 ans avait mortellement poignard\u00e9 jeudi une lyc\u00e9enne et une enseignante dans un \u00e9tablissement scolaire du nord-est de la Slovaquie<\/p>\n\n\n\n<p class=\"\">&#8211; En d\u00e9cembre 2024, un jeune adulte de 19 ans avait poignard\u00e9 \u00e0 mort un \u00e9l\u00e8ve de sept ans et en avait bless\u00e9 plusieurs autres dans une \u00e9cole primaire \u00e0 Zagreb en Croatie.<\/p>\n\n\n\n<p class=\"\">&#8211; En d\u00e9cembre 2023, une attaque perp\u00e9tr\u00e9e par un \u00e9tudiant avait fait 14 morts et 25 bless\u00e9s fin 2023 dans une universit\u00e9 de Prague, en R\u00e9publique tch\u00e8que.<\/p>\n\n\n\n<p class=\"\">&#8211; Quelques mois plus t\u00f4t la m\u00eame ann\u00e9e, huit \u00e9l\u00e8ves ainsi que le gardien d\u2019une \u00e9cole du centre de Belgrade en Serbie avaient \u00e9t\u00e9 tu\u00e9s par balles par un \u00e9l\u00e8ve de treize ans.<\/p>\n\n\n\n<p class=\"\">&#8211; En 2009, un adolescent de 17 ans avait commis un carnage dans son ancien coll\u00e8ge pr\u00e8s de Stuttgart en Allemagne, tuant quinze personnes. En 2002, seize personnes sont tu\u00e9es \u00e0 Erfurt, par un forcen\u00e9 de 19 ans.<\/p>\n\n\n\n<p class=\"\">&#8211; La Finlande a \u00e9galement \u00e9t\u00e9 endeuill\u00e9e \u00e0 deux reprises. En septembre 2008, un \u00e9tudiant de 22 ans avait tu\u00e9 neuf \u00e9l\u00e8ves de sa classe et un professeur du lyc\u00e9e professionnel de Kauhajoki en Finlande, petite ville du sud-ouest du pays.<\/p>\n\n\n\n<p class=\"\">En 2007, un jeune homme de 18 ans avait abattu huit personnes, dont la principale de l\u2019\u00e9tablissement et l\u2019infirmi\u00e8re d\u2019un lyc\u00e9e de Jokela, au nord d\u2019Helskinki, avant de se suicider.<\/p>\n","protected":false},"excerpt":{"rendered":"<p>Dix personnes sont mortes mardi matin lors d&rsquo;une attaque dans une \u00e9cole de Graz en&nbsp;Autriche,&nbsp;vraisemblablement perp\u00e9tr\u00e9e par un \u00e9l\u00e8ve, selon la maire de la ville Elke Kahr, cit\u00e9e par l&rsquo;agence de presse APA. Parmi les victimes, figurent des \u00e9l\u00e8ves et au moins un adulte. L&rsquo;auteur pr\u00e9sum\u00e9, qui a agi seul selon la police et dont [&hellip;]<\/p>\n","protected":false},"author":2,"featured_media":35670,"comment_status":"open","ping_status":"open","sticky":false,"template":"","format":"standard","meta":{"_jetpack_memberships_contains_paid_content":false,"footnotes":"","jetpack_publicize_message":"","jetpack_publicize_feature_enabled":true,"jetpack_social_post_already_shared":true,"jetpack_social_options":{"image_generator_settings":{"template":"highway","default_image_id":0,"enabled":true,"token":"eyJpbWciOiJodHRwczpcL1wvd3d3LmljZWFnZXR2LmNvbVwvcmFkaW9zaXRlXC93cC1jb250ZW50XC91cGxvYWRzXC8yMDI1XC8wNlwvTE11ejdmUnQuanBnIiwidHh0IjoiQXV0cmljaGU6IFVuIGJpbGFuIHByb3Zpc29pcmUgZmFpdCBcdTAwZTl0YXQgZCYjODIxNzthdSBtb2lucyBkaXggbW9ydHMgZXQgZGUgcGx1c2lldXJzIGJsZXNzXHUwMGU5cyBncmF2ZXMgZGFucyBsXHUyMDE5YXR0YXF1ZSBkXHUyMDE5dW4gXHUwMGU5dGFibGlzc2VtZW50IHNjb2xhaXJlIFx1MDBlMCBHcmF6LCBkYW5zIGxlIHN1ZC1lc3QgZHUgcGF5cyIsInRlbXBsYXRlIjoiaGlnaHdheSIsImJsb2dfaWQiOjExMTAxNjQ2MX0.EOfumUWKf8qaY78l9EDYHTHme5uXi6MKCCI7UNvNeL8MQ"},"version":2},"_wpas_customize_per_network":false},"categories":[405],"tags":[],"class_list":["post-35669","post","type-post","status-publish","format-standard","has-post-thumbnail","hentry","category-actu-france-monde"],"jetpack_publicize_connections":[],"jetpack_featured_media_url":"https:\/\/i0.wp.com\/www.iceagetv.com\/radiosite\/wp-content\/uploads\/2025\/06\/LMuz7fRt.jpg?fit=679%2C293&ssl=1","jetpack_sharing_enabled":true,"_links":{"self":[{"href":"https:\/\/www.iceagetv.com\/radiosite\/wp-json\/wp\/v2\/posts\/35669","targetHints":{"allow":["GET"]}}],"collection":[{"href":"https:\/\/www.iceagetv.com\/radiosite\/wp-json\/wp\/v2\/posts"}],"about":[{"href":"https:\/\/www.iceagetv.com\/radiosite\/wp-json\/wp\/v2\/types\/post"}],"author":[{"embeddable":true,"href":"https:\/\/www.iceagetv.com\/radiosite\/wp-json\/wp\/v2\/users\/2"}],"replies":[{"embeddable":true,"href":"https:\/\/www.iceagetv.com\/radiosite\/wp-json\/wp\/v2\/comments?post=35669"}],"version-history":[{"count":1,"href":"https:\/\/www.iceagetv.com\/radiosite\/wp-json\/wp\/v2\/posts\/35669\/revisions"}],"predecessor-version":[{"id":35671,"href":"https:\/\/www.iceagetv.com\/radiosite\/wp-json\/wp\/v2\/posts\/35669\/revisions\/35671"}],"wp:featuredmedia":[{"embeddable":true,"href":"https:\/\/www.iceagetv.com\/radiosite\/wp-json\/wp\/v2\/media\/35670"}],"wp:attachment":[{"href":"https:\/\/www.iceagetv.com\/radiosite\/wp-json\/wp\/v2\/media?parent=35669"}],"wp:term":[{"taxonomy":"category","embeddable":true,"href":"https:\/\/www.iceagetv.com\/radiosite\/wp-json\/wp\/v2\/categories?post=35669"},{"taxonomy":"post_tag","embeddable":true,"href":"https:\/\/www.iceagetv.com\/radiosite\/wp-json\/wp\/v2\/tags?post=35669"}],"curies":[{"name":"wp","href":"https:\/\/api.w.org\/{rel}","templated":true}]}}