{"id":35681,"date":"2025-06-11T11:40:18","date_gmt":"2025-06-11T09:40:18","guid":{"rendered":"https:\/\/www.iceagetv.com\/radiosite\/?p=35681"},"modified":"2025-06-11T11:40:22","modified_gmt":"2025-06-11T09:40:22","slug":"le-multimilliardaire-elon-musk-dit-regretter-detre-alle-trop-loin-dans-certaines-de-ses-publications-contre-le-president-americain-donald-trump-je-regrette-certains-de-mes-messages","status":"publish","type":"post","link":"https:\/\/www.iceagetv.com\/radiosite\/le-multimilliardaire-elon-musk-dit-regretter-detre-alle-trop-loin-dans-certaines-de-ses-publications-contre-le-president-americain-donald-trump-je-regrette-certains-de-mes-messages\/","title":{"rendered":"Le multimilliardaire Elon Musk dit regretter d\u2019\u00eatre \u00ab\u00a0all\u00e9 trop loin\u00a0\u00bb dans certaines de ses publications contre le pr\u00e9sident am\u00e9ricain Donald Trump: \u00ab\u00a0Je regrette certains de mes messages\u00a0\u00bb"},"content":{"rendered":"\n<p class=\"\">Le multimilliardaire Elon Musk a dit mercredi regretter d\u2019\u00eatre \u00ab&nbsp;all\u00e9 trop loin&nbsp;\u00bb dans certaines de ses publications contre Donald Trump, son ancien alli\u00e9, quelques jours apr\u00e8s leur tonitruante dispute en place publique.<\/p>\n\n\n\n<p class=\"\">\u00ab&nbsp;Je regrette certains de mes messages sur le pr\u00e9sident (&#8230;) la semaine derni\u00e8re. Ils sont all\u00e9s trop loin&nbsp;\u00bb, a-t-il publi\u00e9 sur X.<\/p>\n\n\n\n<p class=\"\">Il avait fait un premier geste en supprimant en fin de semaine derni\u00e8re un post sur X publi\u00e9 au plus fort de sa dispute avec le pr\u00e9sident am\u00e9ricain, dans lequel il l\u2019accusait d\u2019\u00eatre impliqu\u00e9 dans l\u2019affaire Jeffrey Epstein, du nom d\u2019un financier accus\u00e9 d\u2019exploitation sexuelle de mineures.<\/p>\n\n\n\n<p class=\"\">D\u2019autres posts \u00e9crits ou partag\u00e9s par le milliardaire, dont l\u2019un appelait \u00e0 destituer Donald Trump, ont \u00e9galement \u00e9t\u00e9 supprim\u00e9s.<\/p>\n\n\n\n<p class=\"\">Elon Musk n\u2019a pas d\u00e9taill\u00e9 mercredi \u00e0 quelles publications il faisait r\u00e9f\u00e9rence.<\/p>\n\n\n\n<p class=\"\">Les deux hommes, qui ont \u00e9t\u00e9 tr\u00e8s proches pendant la campagne de Donald Trump et au d\u00e9but de son second mandat, se sont d\u00e9chir\u00e9s publiquement, dans des registres tant professionnels que personnels. L\u2019homme d\u2019affaires avait ainsi d\u00e9nonc\u00e9 le projet de loi budg\u00e9taire port\u00e9 par Donald Trump, lequel avait mis en cause la sant\u00e9 mentale de ce dernier.<\/p>\n\n\n\n<p class=\"\">Mais cette s\u00e9paration porte aussi en germe de cons\u00e9quences tr\u00e8s concr\u00e8tes, notamment pour les entreprises li\u00e9es \u00e0 Elon Musk, comme SpaceX ou Tesla, ou encore pour la Nasa.<\/p>\n","protected":false},"excerpt":{"rendered":"<p>Le multimilliardaire Elon Musk a dit mercredi regretter d\u2019\u00eatre \u00ab&nbsp;all\u00e9 trop loin&nbsp;\u00bb dans certaines de ses publications contre Donald Trump, son ancien alli\u00e9, quelques jours apr\u00e8s leur tonitruante dispute en place publique. \u00ab&nbsp;Je regrette certains de mes messages sur le pr\u00e9sident (&#8230;) la semaine derni\u00e8re. Ils sont all\u00e9s trop loin&nbsp;\u00bb, a-t-il publi\u00e9 sur X. Il [&hellip;]<\/p>\n","protected":false},"author":2,"featured_media":35683,"comment_status":"open","ping_status":"open","sticky":false,"template":"","format":"standard","meta":{"_jetpack_memberships_contains_paid_content":false,"footnotes":"","jetpack_publicize_message":"","jetpack_publicize_feature_enabled":true,"jetpack_social_post_already_shared":true,"jetpack_social_options":{"image_generator_settings":{"template":"highway","default_image_id":0,"enabled":true,"token":"eyJpbWciOiJodHRwczpcL1wvd3d3LmljZWFnZXR2LmNvbVwvcmFkaW9zaXRlXC93cC1jb250ZW50XC91cGxvYWRzXC8yMDI1XC8wNlwvTGUtbXVsdGltaWxsaWFyZGFpcmUtRWxvbi1NdXNrLmpwZyIsInR4dCI6IkxlIG11bHRpbWlsbGlhcmRhaXJlIEVsb24gTXVzayBkaXQgcmVncmV0dGVyIGRcdTIwMTlcdTAwZWF0cmUgJiM4MjIwO2FsbFx1MDBlOSB0cm9wIGxvaW4mIzgyMjE7IGRhbnMgY2VydGFpbmVzIGRlIHNlcyBwdWJsaWNhdGlvbnMgY29udHJlIGxlIHByXHUwMGU5c2lkZW50IGFtXHUwMGU5cmljYWluIERvbmFsZCBUcnVtcDogJiM4MjIwO0plIHJlZ3JldHRlIGNlcnRhaW5zIGRlIG1lcyBtZXNzYWdlcyYjODIyMTsiLCJ0ZW1wbGF0ZSI6ImhpZ2h3YXkiLCJibG9nX2lkIjoxMTEwMTY0NjF9.DtErgn4T3DwhBXfhttRZ1BWglrBKOxgf0PjFyK8QVmMMQ"},"version":2},"_wpas_customize_per_network":false},"categories":[405],"tags":[],"class_list":["post-35681","post","type-post","status-publish","format-standard","has-post-thumbnail","hentry","category-actu-france-monde"],"jetpack_publicize_connections":[],"jetpack_featured_media_url":"https:\/\/i0.wp.com\/www.iceagetv.com\/radiosite\/wp-content\/uploads\/2025\/06\/Le-multimilliardaire-Elon-Musk.jpg?fit=602%2C255&ssl=1","jetpack_sharing_enabled":true,"_links":{"self":[{"href":"https:\/\/www.iceagetv.com\/radiosite\/wp-json\/wp\/v2\/posts\/35681","targetHints":{"allow":["GET"]}}],"collection":[{"href":"https:\/\/www.iceagetv.com\/radiosite\/wp-json\/wp\/v2\/posts"}],"about":[{"href":"https:\/\/www.iceagetv.com\/radiosite\/wp-json\/wp\/v2\/types\/post"}],"author":[{"embeddable":true,"href":"https:\/\/www.iceagetv.com\/radiosite\/wp-json\/wp\/v2\/users\/2"}],"replies":[{"embeddable":true,"href":"https:\/\/www.iceagetv.com\/radiosite\/wp-json\/wp\/v2\/comments?post=35681"}],"version-history":[{"count":1,"href":"https:\/\/www.iceagetv.com\/radiosite\/wp-json\/wp\/v2\/posts\/35681\/revisions"}],"predecessor-version":[{"id":35684,"href":"https:\/\/www.iceagetv.com\/radiosite\/wp-json\/wp\/v2\/posts\/35681\/revisions\/35684"}],"wp:featuredmedia":[{"embeddable":true,"href":"https:\/\/www.iceagetv.com\/radiosite\/wp-json\/wp\/v2\/media\/35683"}],"wp:attachment":[{"href":"https:\/\/www.iceagetv.com\/radiosite\/wp-json\/wp\/v2\/media?parent=35681"}],"wp:term":[{"taxonomy":"category","embeddable":true,"href":"https:\/\/www.iceagetv.com\/radiosite\/wp-json\/wp\/v2\/categories?post=35681"},{"taxonomy":"post_tag","embeddable":true,"href":"https:\/\/www.iceagetv.com\/radiosite\/wp-json\/wp\/v2\/tags?post=35681"}],"curies":[{"name":"wp","href":"https:\/\/api.w.org\/{rel}","templated":true}]}}