{"id":35695,"date":"2025-06-11T17:45:01","date_gmt":"2025-06-11T15:45:01","guid":{"rendered":"https:\/\/www.iceagetv.com\/radiosite\/?p=35695"},"modified":"2025-06-11T17:45:05","modified_gmt":"2025-06-11T15:45:05","slug":"tuer-une-surveillante-nimporte-laquelle-le-suspect-de-nogent-nexprime-pas-de-regret-ni-de-compassion-pour-la-victime-selon-le-procureur","status":"publish","type":"post","link":"https:\/\/www.iceagetv.com\/radiosite\/tuer-une-surveillante-nimporte-laquelle-le-suspect-de-nogent-nexprime-pas-de-regret-ni-de-compassion-pour-la-victime-selon-le-procureur\/","title":{"rendered":"Tuer une surveillante, n\u2019importe laquelle\u00bb: le suspect de Nogent n\u2019exprime \u00abpas de regret ni de compassion\u00bb pour la victime, selon le procureur"},"content":{"rendered":"\n<p class=\"\">Le procureur de Chaumont, Denis Devallois, a expliqu\u00e9 durant une conf\u00e9rence de presse ce mercredi que le suspect du meurtre d\u2019une surveillante \u00e0 Nogent n\u2019avait montr\u00e9 \u00abaucun signe \u00e9voquant un possible trouble mental\u00bb.<a href=\"https:\/\/www.lefigaro.fr\/faits-divers\/tuer-une-surveillante-n-importe-laquelle-le-suspect-de-nogent-n-exprime-pas-de-regret-ni-de-compassion-pour-la-victime-selon-le-procureur-20250611#fig-a11y-skip-main-native_atf\">Les premi\u00e8res analyses m\u00e9dico-l\u00e9gales ont conclu que la victime, attaqu\u00e9e mercredi entre 8h15 et 8h30 devant le coll\u00e8ge Fran\u00e7oise Dolto, avait \u00e9t\u00e9 touch\u00e9e \u00e0 sept reprises, avec notamment une plaie au niveau du cr\u00e2ne et une au niveau du dos qui a \u00e9t\u00e9 \u00e0 l\u2019origine sa mort, avec une plaie de de 18 cm. L\u2019arme du crime est un couteau de cuisine de 34 cm, pr\u00e9sentant une lame de 20 centim\u00e8tres, que le suspect, un adolescent de 14 ans, a pris \u00e0 son domicile le matin m\u00eame.<\/a>En garde \u00e0 vue, le suspect, un coll\u00e9gien en classe de troisi\u00e8me, a reconnu \u00eatre l\u2019auteur des faits, mais ne \u00ab<em>l\u2019explique pas<\/em>\u00bb. Le suspect explique avoir voulu s\u2019en prendre \u00e0 \u00ab<em>une surveillante, sans cibler une en particulier.<\/em>\u00bb Il fait notamment un rapprochement avec un fait r\u00e9cent: le 6 juin, il a \u00e9t\u00e9 \u00ab<em>sermonn\u00e9<\/em>\u00bb par une surveillante parce qu\u2019il \u00ab<em>embrassait sa petite amie<\/em>\u00bb. Apr\u00e8s \u00e7a, il a \u00ab<em>ressass\u00e9 le projet de tuer une surveillante, n\u2019importe laquelle<\/em>\u00bb.&nbsp;<em>\u00abIl ne supportait plus le comportement des surveillantes en g\u00e9n\u00e9ral, qui auraient eu une attitude diff\u00e9rente selon les \u00e9l\u00e8ves\u00bb<\/em>, explique le procureur.<\/p>\n\n\n\n<p class=\"\">Devant les enqu\u00eateurs, l\u2019adolescent \u00ab<em>se montre d\u00e9tach\u00e9<\/em>\u00bb, n\u2019a \u00ab<em>aucun regret ni aucune compassion<\/em>\u00bb. Selon le procureur, il est en \u00ab<em>perte de rep\u00e8re quant \u00e0 la vie humaine \u00e0 laquelle il n\u2019attache pas une importance particuli\u00e8re.<\/em>\u00bb Au travers de son interrogatoire, il montre \u00ab<em>une fascination pour la mort<\/em>\u00bb et se pr\u00e9sente comme un \u00ab<em>adepte de jeux vid\u00e9o violents, sans pour autant \u00eatre addict<\/em>\u00bb, fait savoir Denis Devallois.<\/p>\n\n\n\n<p class=\"\">Mais selon le magistrat, il \u00ab<em>ne manifeste aucun signe \u00e9voquant un possible trouble mental<\/em>\u00bb. D\u2019ailleurs, ni sa famille, ni le personnel \u00e9ducatif n\u2019avaient eu des inqui\u00e9tudes le concernant. L\u2019adolescent avait fait l\u2019objet de deux exclusions \u00ab<em>en d\u00e9but d\u2019ann\u00e9e scolaire<\/em>\u00bb, soit \u00e0 l\u2019automne 2024, suite \u00e0 \u00ab<em>des perturbations<\/em>\u00bb, mais il n\u2019avait depuis plus refait parler de lui. Il est d\u00e9crit comme \u00ab<em>sociable, plut\u00f4t bon \u00e9l\u00e8ve, int\u00e9gr\u00e9 \u00e0 la vie de son \u00e9tablissement\u00bb,&nbsp;<\/em>indique le procureur<em>.<\/em>&nbsp;L\u2019int\u00e9ress\u00e9 est issu d\u2019une famille unie et ins\u00e9r\u00e9e professionnellement, aucun membre de sa famille ou lui n\u2019ont eu affaire \u00e0 la justice jusqu\u2019\u00e0 pr\u00e9sent.<\/p>\n","protected":false},"excerpt":{"rendered":"<p>Le procureur de Chaumont, Denis Devallois, a expliqu\u00e9 durant une conf\u00e9rence de presse ce mercredi que le suspect du meurtre d\u2019une surveillante \u00e0 Nogent n\u2019avait montr\u00e9 \u00abaucun signe \u00e9voquant un possible trouble mental\u00bb.Les premi\u00e8res analyses m\u00e9dico-l\u00e9gales ont conclu que la victime, attaqu\u00e9e mercredi entre 8h15 et 8h30 devant le coll\u00e8ge Fran\u00e7oise Dolto, avait \u00e9t\u00e9 touch\u00e9e [&hellip;]<\/p>\n","protected":false},"author":2,"featured_media":35696,"comment_status":"open","ping_status":"open","sticky":false,"template":"","format":"standard","meta":{"_jetpack_memberships_contains_paid_content":false,"footnotes":"","jetpack_publicize_message":"","jetpack_publicize_feature_enabled":true,"jetpack_social_post_already_shared":true,"jetpack_social_options":{"image_generator_settings":{"template":"highway","default_image_id":0,"enabled":true,"token":"eyJpbWciOiJodHRwczpcL1wvd3d3LmljZWFnZXR2LmNvbVwvcmFkaW9zaXRlXC93cC1jb250ZW50XC91cGxvYWRzXC8yMDI1XC8wNlwvTGUtcHJvY3VyZXVyLWRlLUNoYXVtb250LmpwZyIsInR4dCI6IlR1ZXIgdW5lIHN1cnZlaWxsYW50ZSwgblx1MjAxOWltcG9ydGUgbGFxdWVsbGVcdTAwYmI6IGxlIHN1c3BlY3QgZGUgTm9nZW50IG5cdTIwMTlleHByaW1lIFx1MDBhYnBhcyBkZSByZWdyZXQgbmkgZGUgY29tcGFzc2lvblx1MDBiYiBwb3VyIGxhIHZpY3RpbWUsIHNlbG9uIGxlIHByb2N1cmV1ciIsInRlbXBsYXRlIjoiaGlnaHdheSIsImJsb2dfaWQiOjExMTAxNjQ2MX0.c_lPpFJPjzOGVERHSXPeXF5Gp99fTfGbigGNU5QAEzkMQ"},"version":2},"_wpas_customize_per_network":false},"categories":[405],"tags":[],"class_list":["post-35695","post","type-post","status-publish","format-standard","has-post-thumbnail","hentry","category-actu-france-monde"],"jetpack_publicize_connections":[],"jetpack_featured_media_url":"https:\/\/i0.wp.com\/www.iceagetv.com\/radiosite\/wp-content\/uploads\/2025\/06\/Le-procureur-de-Chaumont.jpg?fit=978%2C673&ssl=1","jetpack_sharing_enabled":true,"_links":{"self":[{"href":"https:\/\/www.iceagetv.com\/radiosite\/wp-json\/wp\/v2\/posts\/35695","targetHints":{"allow":["GET"]}}],"collection":[{"href":"https:\/\/www.iceagetv.com\/radiosite\/wp-json\/wp\/v2\/posts"}],"about":[{"href":"https:\/\/www.iceagetv.com\/radiosite\/wp-json\/wp\/v2\/types\/post"}],"author":[{"embeddable":true,"href":"https:\/\/www.iceagetv.com\/radiosite\/wp-json\/wp\/v2\/users\/2"}],"replies":[{"embeddable":true,"href":"https:\/\/www.iceagetv.com\/radiosite\/wp-json\/wp\/v2\/comments?post=35695"}],"version-history":[{"count":1,"href":"https:\/\/www.iceagetv.com\/radiosite\/wp-json\/wp\/v2\/posts\/35695\/revisions"}],"predecessor-version":[{"id":35697,"href":"https:\/\/www.iceagetv.com\/radiosite\/wp-json\/wp\/v2\/posts\/35695\/revisions\/35697"}],"wp:featuredmedia":[{"embeddable":true,"href":"https:\/\/www.iceagetv.com\/radiosite\/wp-json\/wp\/v2\/media\/35696"}],"wp:attachment":[{"href":"https:\/\/www.iceagetv.com\/radiosite\/wp-json\/wp\/v2\/media?parent=35695"}],"wp:term":[{"taxonomy":"category","embeddable":true,"href":"https:\/\/www.iceagetv.com\/radiosite\/wp-json\/wp\/v2\/categories?post=35695"},{"taxonomy":"post_tag","embeddable":true,"href":"https:\/\/www.iceagetv.com\/radiosite\/wp-json\/wp\/v2\/tags?post=35695"}],"curies":[{"name":"wp","href":"https:\/\/api.w.org\/{rel}","templated":true}]}}