{"id":35700,"date":"2025-06-11T18:19:40","date_gmt":"2025-06-11T16:19:40","guid":{"rendered":"https:\/\/www.iceagetv.com\/radiosite\/?p=35700"},"modified":"2025-06-11T18:19:44","modified_gmt":"2025-06-11T16:19:44","slug":"lenseigne-de-magasins-dameublement-casa-france-qui-emploie-pres-de-700-salaries-annonce-sa-liquidation-judiciaire","status":"publish","type":"post","link":"https:\/\/www.iceagetv.com\/radiosite\/lenseigne-de-magasins-dameublement-casa-france-qui-emploie-pres-de-700-salaries-annonce-sa-liquidation-judiciaire\/","title":{"rendered":"L&rsquo;enseigne de magasins d&rsquo;ameublement Casa France, qui emploie pr\u00e8s de 700 salari\u00e9s, annonce sa liquidation judiciaire"},"content":{"rendered":"\n<p class=\"\">L&rsquo;entreprise avait \u00e9t\u00e9 plac\u00e9e en redressement judiciaire au mois d&rsquo;avril, apr\u00e8s la faillite de la filiale belge.Triste nouvelle pour Casa France.&nbsp;L&rsquo;enseigne de magasins d&rsquo;ameublement, qui emploie pr\u00e8s de 700&nbsp;personnes en France, a annonc\u00e9 avoir \u00e9t\u00e9 mise en liquidation judiciaire par le tribunal de commerce de Bobigny, mercredi 11 juin,&nbsp;<em>\u00ab\u00a0en l&rsquo;absence d&rsquo;offre de reprise jug\u00e9e recevable\u00a0\u00bb<\/em>. Cette mesure&nbsp;<em>\u00ab\u00a0concerne l&rsquo;ensemble des magasins\u00a0\u00bb<\/em>, au nombre de 143 en France, et les<em>&nbsp;\u00ab\u00a0fonctions supports de l&rsquo;enseigne en France\u00a0\u00bb<\/em>, a ajout\u00e9 la soci\u00e9t\u00e9.<\/p>\n\n\n\n<p class=\"\">Les magasins du groupe participaient d\u00e9j\u00e0 depuis plusieurs semaines&nbsp;<a href=\"https:\/\/www.franceinfo.fr\/economie\/commerce\/casa-en-faillite-les-produits-de-l-enseigne-sont-vendus-a-prix-casses_7303494.html\">\u00e0 une op\u00e9ration de d\u00e9stockage<\/a>&nbsp;avec des produits brad\u00e9s.&nbsp;L&rsquo;entreprise&nbsp;<a href=\"https:\/\/www.franceinfo.fr\/economie\/l-enseigne-d-ameublement-casa-france-demande-son-placement-en-redressement-judiciaire_7143633.html\">avait \u00e9t\u00e9<\/a>&nbsp;plac\u00e9e en redressement judiciaire, en avril, apr\u00e8s la faillite de la filiale belge qui assurait la logistique&nbsp;<em>\u00ab\u00a0du groupe ainsi que des services essentiels comme l&rsquo;informatique de gestion et la finance, dont Casa France<\/em>&nbsp;[\u00e9tait]&nbsp;<em>d\u00e9sormais priv\u00e9e\u00a0\u00bb<\/em>.<\/p>\n\n\n\n<p class=\"\">Comme beaucoup d&rsquo;enseignes du secteur, Casa France souffre d&rsquo;un ralentissement des affaires li\u00e9 \u00e0 la crise de l&rsquo;immobilier, de la concurrence du g\u00e9ant su\u00e9dois Ikea et du commerce en ligne. Elle avait d\u00e9j\u00e0 ferm\u00e9 ou vendu plus de 10% de ses magasins en Europe, dans le cadre d&rsquo;un plan de relance mis en \u0153uvre d\u00e9but 2024 et destin\u00e9 \u00e0 renouer avec la rentabilit\u00e9 en 2026.<\/p>\n","protected":false},"excerpt":{"rendered":"<p>L&rsquo;entreprise avait \u00e9t\u00e9 plac\u00e9e en redressement judiciaire au mois d&rsquo;avril, apr\u00e8s la faillite de la filiale belge.Triste nouvelle pour Casa France.&nbsp;L&rsquo;enseigne de magasins d&rsquo;ameublement, qui emploie pr\u00e8s de 700&nbsp;personnes en France, a annonc\u00e9 avoir \u00e9t\u00e9 mise en liquidation judiciaire par le tribunal de commerce de Bobigny, mercredi 11 juin,&nbsp;\u00ab\u00a0en l&rsquo;absence d&rsquo;offre de reprise jug\u00e9e recevable\u00a0\u00bb. [&hellip;]<\/p>\n","protected":false},"author":2,"featured_media":35701,"comment_status":"open","ping_status":"open","sticky":false,"template":"","format":"standard","meta":{"_jetpack_memberships_contains_paid_content":false,"footnotes":"","jetpack_publicize_message":"","jetpack_publicize_feature_enabled":true,"jetpack_social_post_already_shared":true,"jetpack_social_options":{"image_generator_settings":{"template":"highway","default_image_id":0,"enabled":true,"token":"eyJpbWciOiJodHRwczpcL1wvd3d3LmljZWFnZXR2LmNvbVwvcmFkaW9zaXRlXC93cC1jb250ZW50XC91cGxvYWRzXC8yMDI1XC8wNlwvY2FzYS5qcGciLCJ0eHQiOiJMJiM4MjE3O2Vuc2VpZ25lIGRlIG1hZ2FzaW5zIGQmIzgyMTc7YW1ldWJsZW1lbnQgQ2FzYSBGcmFuY2UsIHF1aSBlbXBsb2llIHByXHUwMGU4cyBkZSA3MDAgc2FsYXJpXHUwMGU5cywgYW5ub25jZSBzYSBsaXF1aWRhdGlvbiBqdWRpY2lhaXJlIiwidGVtcGxhdGUiOiJoaWdod2F5IiwiYmxvZ19pZCI6MTExMDE2NDYxfQ.nNP79MuOMPMxp9unPf2lRd-0xxDoLTnQE0BWTrAroAsMQ"},"version":2},"_wpas_customize_per_network":false},"categories":[405],"tags":[],"class_list":["post-35700","post","type-post","status-publish","format-standard","has-post-thumbnail","hentry","category-actu-france-monde"],"jetpack_publicize_connections":[],"jetpack_featured_media_url":"https:\/\/i0.wp.com\/www.iceagetv.com\/radiosite\/wp-content\/uploads\/2025\/06\/casa.jpg?fit=824%2C429&ssl=1","jetpack_sharing_enabled":true,"_links":{"self":[{"href":"https:\/\/www.iceagetv.com\/radiosite\/wp-json\/wp\/v2\/posts\/35700","targetHints":{"allow":["GET"]}}],"collection":[{"href":"https:\/\/www.iceagetv.com\/radiosite\/wp-json\/wp\/v2\/posts"}],"about":[{"href":"https:\/\/www.iceagetv.com\/radiosite\/wp-json\/wp\/v2\/types\/post"}],"author":[{"embeddable":true,"href":"https:\/\/www.iceagetv.com\/radiosite\/wp-json\/wp\/v2\/users\/2"}],"replies":[{"embeddable":true,"href":"https:\/\/www.iceagetv.com\/radiosite\/wp-json\/wp\/v2\/comments?post=35700"}],"version-history":[{"count":1,"href":"https:\/\/www.iceagetv.com\/radiosite\/wp-json\/wp\/v2\/posts\/35700\/revisions"}],"predecessor-version":[{"id":35702,"href":"https:\/\/www.iceagetv.com\/radiosite\/wp-json\/wp\/v2\/posts\/35700\/revisions\/35702"}],"wp:featuredmedia":[{"embeddable":true,"href":"https:\/\/www.iceagetv.com\/radiosite\/wp-json\/wp\/v2\/media\/35701"}],"wp:attachment":[{"href":"https:\/\/www.iceagetv.com\/radiosite\/wp-json\/wp\/v2\/media?parent=35700"}],"wp:term":[{"taxonomy":"category","embeddable":true,"href":"https:\/\/www.iceagetv.com\/radiosite\/wp-json\/wp\/v2\/categories?post=35700"},{"taxonomy":"post_tag","embeddable":true,"href":"https:\/\/www.iceagetv.com\/radiosite\/wp-json\/wp\/v2\/tags?post=35700"}],"curies":[{"name":"wp","href":"https:\/\/api.w.org\/{rel}","templated":true}]}}