{"id":35723,"date":"2025-06-12T15:47:47","date_gmt":"2025-06-12T13:47:47","guid":{"rendered":"https:\/\/www.iceagetv.com\/radiosite\/?p=35723"},"modified":"2025-06-12T15:47:49","modified_gmt":"2025-06-12T13:47:49","slug":"irlande-du-nord-la-ville-de-ballymena-a-connu-une-nouvelle-soiree-de-tensions-hier-avec-plusieurs-centaines-de-personnes-descendues-dans-la-rue-face-a-une-police-deployee-en-nombre","status":"publish","type":"post","link":"https:\/\/www.iceagetv.com\/radiosite\/irlande-du-nord-la-ville-de-ballymena-a-connu-une-nouvelle-soiree-de-tensions-hier-avec-plusieurs-centaines-de-personnes-descendues-dans-la-rue-face-a-une-police-deployee-en-nombre\/","title":{"rendered":"Irlande du Nord: La ville de Ballymena a connu une nouvelle soir\u00e9e de tensions hier, avec plusieurs centaines de personnes descendues dans la rue face \u00e0 une police d\u00e9ploy\u00e9e en nombre"},"content":{"rendered":"\n<p class=\"\">La police anti\u00e9meute a fait face dans la soir\u00e9e \u00e0 des jets de cocktails Molotov et autres projectiles \u00e0 Ballymena, auxquels elle a r\u00e9pondu avec des canons \u00e0 eau. Mais la situation n\u2019a pas atteint le niveau de violence des jours pr\u00e9c\u00e9dents et la foule s\u2019est progressivement dispers\u00e9e, a constat\u00e9 un journaliste de l\u2019AFP.<\/p>\n\n\n\n<p class=\"\">Plus t\u00f4t dans la journ\u00e9e, les dirigeants de la province avaient multipli\u00e9 les appels au calme dans cette ville situ\u00e9e \u00e0 une cinquantaine de kilom\u00e8tres au nord de Belfast et secou\u00e9e lundi et mardi par des heurts qualifi\u00e9s de \u00ab&nbsp;racistes&nbsp;\u00bb par la police et \u00ab&nbsp;d\u2019attaques insens\u00e9es&nbsp;\u00bb par le Premier ministre Keir Starmer.<\/p>\n\n\n\n<p class=\"\">D\u2019autres localit\u00e9s ont toutefois connus des violences mercredi. Un centre de loisirs a notamment \u00e9t\u00e9 incendi\u00e9 \u00e0 Larne, situ\u00e9e \u00e0 une trentaine de kilom\u00e8tres \u00e0 l\u2019est de Ballymena.<\/p>\n\n\n\n<p class=\"\">Selon les m\u00e9dias locaux, ce centre a temporairement accueilli la veille des personnes qui avaient besoin d\u2019un h\u00e9bergement d\u2019urgence du fait des violences.<\/p>\n\n\n\n<p class=\"\">\u00ab&nbsp;Le centre de loisirs de Larne a \u00e9t\u00e9 attaqu\u00e9 par des voyous masqu\u00e9s (&#8230;) Larne n\u2019a pas besoin de cela&nbsp;\u00bb, a r\u00e9agi sur X un d\u00e9put\u00e9 local, Danny Donnelly.<\/p>\n\n\n\n<p class=\"\">Les premiers heurts ont \u00e9clat\u00e9 lundi apr\u00e8s l\u2019inculpation de deux adolescents de 14 ans pour la tentative de viol d\u2019une jeune fille.<\/p>\n\n\n\n<p class=\"\">La police, qui \u00e9voque des violences \u00ab&nbsp;motiv\u00e9es par des consid\u00e9rations raciales&nbsp;\u00bb, n\u2019a pas communiqu\u00e9 sur l\u2019origine des deux jeunes. Selon les m\u00e9dias britanniques, ils se sont exprim\u00e9s par l\u2019interm\u00e9diaire d\u2019un interpr\u00e8te roumain lors de leur comparution lundi au tribunal.<\/p>\n\n\n\n<p class=\"\">En deux jours, 32 policiers ont \u00e9t\u00e9 bless\u00e9s tandis que six personnes ont \u00e9t\u00e9 arr\u00eat\u00e9es. L\u2019une d\u2019elles a \u00e9t\u00e9 inculp\u00e9e pour troubles \u00e0 l\u2019ordre public, a d\u00e9clar\u00e9 mercredi un responsable de la police, Ryan Henderson, lors d\u2019une conf\u00e9rence de presse.<\/p>\n\n\n\n<p class=\"\">Les forces de l\u2019ordre ont fait appel \u00e0 des renforts du reste du pays en pr\u00e9vision de nouveaux heurts.<\/p>\n\n\n\n<p class=\"\">Devant le Parlement mercredi, Keir Starmer a dit condamner \u00ab&nbsp;fermement&nbsp;\u00bb les violences des jours pr\u00e9c\u00e9dents.<\/p>\n\n\n\n<p class=\"\">Mardi soir, des centaines d\u2019individus avaient pris pour cible des habitations et commerces et jet\u00e9 des briques, fus\u00e9es et cocktails Molotov sur la police.<\/p>\n\n\n\n<p class=\"\">Des incidents plus sporadiques ont aussi eu lieu dans d\u2019autres villes notamment \u00e0 Belfast, Carrickfergus et Newtownabbey, mardi, et Coleraine, mercredi.<\/p>\n\n\n\n<p class=\"\">Les repr\u00e9sentants du gouvernement nord-irlandais, compos\u00e9 de quatre partis politiques et dirig\u00e9 par l\u2019\u00e9lue r\u00e9publicaine du Sinn Fein Michelle O\u2019Neill, ont condamn\u00e9 mercredi ces \u00ab&nbsp;violences \u00e0 caract\u00e8re raciste&nbsp;\u00bb et lanc\u00e9 \u00ab&nbsp;un appel urgent au calme&nbsp;\u00bb.<\/p>\n\n\n\n<p class=\"\">Ces \u00e9meutes ont notamment vis\u00e9 des zones o\u00f9 vivent des immigr\u00e9s roumains \u00e0 Ballymena.<\/p>\n\n\n\n<p class=\"\">\u00ab&nbsp;Ce sont les Roumains qui sont plus sp\u00e9cifiquement cibl\u00e9s&nbsp;\u00bb, estime ainsi Nicola Guy, une habitante de Ballymena \u00e2g\u00e9e de 42 ans, r\u00e9sidant non loin d\u2019une maison incendi\u00e9e qui \u00e9tait habit\u00e9e par une famille de Roms.<\/p>\n\n\n\n<p class=\"\">\u00ab&nbsp;Nous envoyons le message que Ballymena en a assez des \u00e9trangers&nbsp;\u00bb, a d\u00e9clar\u00e9 mercredi soir \u00e0 l\u2019AFP Allison McCurdy, 52 ans, une habitante.<\/p>\n","protected":false},"excerpt":{"rendered":"<p>La police anti\u00e9meute a fait face dans la soir\u00e9e \u00e0 des jets de cocktails Molotov et autres projectiles \u00e0 Ballymena, auxquels elle a r\u00e9pondu avec des canons \u00e0 eau. Mais la situation n\u2019a pas atteint le niveau de violence des jours pr\u00e9c\u00e9dents et la foule s\u2019est progressivement dispers\u00e9e, a constat\u00e9 un journaliste de l\u2019AFP. Plus [&hellip;]<\/p>\n","protected":false},"author":2,"featured_media":35724,"comment_status":"open","ping_status":"open","sticky":false,"template":"","format":"standard","meta":{"_jetpack_memberships_contains_paid_content":false,"footnotes":"","jetpack_publicize_message":"","jetpack_publicize_feature_enabled":true,"jetpack_social_post_already_shared":true,"jetpack_social_options":{"image_generator_settings":{"template":"highway","default_image_id":0,"enabled":true,"token":"eyJpbWciOiJodHRwczpcL1wvd3d3LmljZWFnZXR2LmNvbVwvcmFkaW9zaXRlXC93cC1jb250ZW50XC91cGxvYWRzXC8yMDI1XC8wNlwvdlZPLVA0bGMuanBnIiwidHh0IjoiSXJsYW5kZSBkdSBOb3JkOiBMYSB2aWxsZSBkZSBCYWxseW1lbmEgYSBjb25udSB1bmUgbm91dmVsbGUgc29pclx1MDBlOWUgZGUgdGVuc2lvbnMgaGllciwgYXZlYyBwbHVzaWV1cnMgY2VudGFpbmVzIGRlIHBlcnNvbm5lcyBkZXNjZW5kdWVzIGRhbnMgbGEgcnVlIGZhY2UgXHUwMGUwIHVuZSBwb2xpY2UgZFx1MDBlOXBsb3lcdTAwZTllIGVuIG5vbWJyZSIsInRlbXBsYXRlIjoiaGlnaHdheSIsImJsb2dfaWQiOjExMTAxNjQ2MX0.KtwqFvCbe5zsXlesWeT0IHr5A7r3eRXyL2ct6q1biVkMQ"},"version":2},"_wpas_customize_per_network":false},"categories":[405],"tags":[],"class_list":["post-35723","post","type-post","status-publish","format-standard","has-post-thumbnail","hentry","category-actu-france-monde"],"jetpack_publicize_connections":[],"jetpack_featured_media_url":"https:\/\/i0.wp.com\/www.iceagetv.com\/radiosite\/wp-content\/uploads\/2025\/06\/vVO-P4lc.jpg?fit=679%2C293&ssl=1","jetpack_sharing_enabled":true,"_links":{"self":[{"href":"https:\/\/www.iceagetv.com\/radiosite\/wp-json\/wp\/v2\/posts\/35723","targetHints":{"allow":["GET"]}}],"collection":[{"href":"https:\/\/www.iceagetv.com\/radiosite\/wp-json\/wp\/v2\/posts"}],"about":[{"href":"https:\/\/www.iceagetv.com\/radiosite\/wp-json\/wp\/v2\/types\/post"}],"author":[{"embeddable":true,"href":"https:\/\/www.iceagetv.com\/radiosite\/wp-json\/wp\/v2\/users\/2"}],"replies":[{"embeddable":true,"href":"https:\/\/www.iceagetv.com\/radiosite\/wp-json\/wp\/v2\/comments?post=35723"}],"version-history":[{"count":1,"href":"https:\/\/www.iceagetv.com\/radiosite\/wp-json\/wp\/v2\/posts\/35723\/revisions"}],"predecessor-version":[{"id":35725,"href":"https:\/\/www.iceagetv.com\/radiosite\/wp-json\/wp\/v2\/posts\/35723\/revisions\/35725"}],"wp:featuredmedia":[{"embeddable":true,"href":"https:\/\/www.iceagetv.com\/radiosite\/wp-json\/wp\/v2\/media\/35724"}],"wp:attachment":[{"href":"https:\/\/www.iceagetv.com\/radiosite\/wp-json\/wp\/v2\/media?parent=35723"}],"wp:term":[{"taxonomy":"category","embeddable":true,"href":"https:\/\/www.iceagetv.com\/radiosite\/wp-json\/wp\/v2\/categories?post=35723"},{"taxonomy":"post_tag","embeddable":true,"href":"https:\/\/www.iceagetv.com\/radiosite\/wp-json\/wp\/v2\/tags?post=35723"}],"curies":[{"name":"wp","href":"https:\/\/api.w.org\/{rel}","templated":true}]}}