{"id":35729,"date":"2025-06-12T17:59:08","date_gmt":"2025-06-12T15:59:08","guid":{"rendered":"https:\/\/www.iceagetv.com\/radiosite\/?p=35729"},"modified":"2025-06-12T17:59:12","modified_gmt":"2025-06-12T15:59:12","slug":"environ-800-medecins-et-7-800-infirmieres-pour-12-millions-deleves-le-milieu-scolaire-peine-a-soigner-la-souffrance-psychique-des-jeunes","status":"publish","type":"post","link":"https:\/\/www.iceagetv.com\/radiosite\/environ-800-medecins-et-7-800-infirmieres-pour-12-millions-deleves-le-milieu-scolaire-peine-a-soigner-la-souffrance-psychique-des-jeunes\/","title":{"rendered":"Environ 800 m\u00e9decins et 7\u00a0800 infirmi\u00e8res pour 12 millions d&rsquo;\u00e9l\u00e8ves\u00a0: le milieu scolaire peine \u00e0 soigner la souffrance psychique des jeunes"},"content":{"rendered":"\n<p class=\"\">Apr\u00e8s les meurtres d&rsquo;une lyc\u00e9enne \u00e0 Nantes et d&rsquo;une surveillante \u00e0 Nogent, le gouvernement a annonc\u00e9 des mesures visant \u00e0 une meilleure prise en charge de la souffrance psychique des \u00e9l\u00e8ves. Mais les professionnels d\u00e9noncent, eux, des moyens insuffisants depuis des ann\u00e9es.<\/p>\n\n\n\n<p class=\"\"><em>\u00ab\u00a0Il faut regarder&nbsp;<\/em><a href=\"https:\/\/www.franceinfo.fr\/faits-divers\/attaque-dans-un-lycee-a-nantes\/attaque-au-couteau-a-nantes-pourquoi-ce-drame-remet-en-lumiere-la-question-de-la-sante-mentale-des-jeunes_7210185.html\"><em>la sant\u00e9 mentale des jeunes<\/em><\/a><em>&nbsp;en face.\u00a0\u00bb&nbsp;<\/em>Au lendemain du meurtre d&rsquo;une surveillante du coll\u00e8ge Fran\u00e7oise-Dolto de Nogent (Haute-Marne),&nbsp;<a href=\"https:\/\/www.franceinfo.fr\/faits-divers\/un-collegien-blesse-gravement-une-surveillante-au-couteau-en-haute-marne_7303092.html\">poignard\u00e9e par un \u00e9l\u00e8ve de 14 ans<\/a>, Marine Tondelier estime que \u00ab\u00a0<em>c&rsquo;est un probl\u00e8me soci\u00e9tal qui ne pourra pas \u00eatre r\u00e9solu par plus de forces de l&rsquo;ordre ou des portiques\u00a0\u00bb<\/em>. La secr\u00e9taire nationale des Ecologistes a r\u00e9agi&nbsp;<a href=\"https:\/\/www.franceinfo.fr\/faits-divers\/surveillante-de-college-tuee-en-haute-marne-c-est-un-probleme-societal-estime-marine-tondelier-sceptique-sur-les-portiques_7305168.html\">sur franceinfo<\/a>, mercredi 11&nbsp;juin, aux annonces de Fran\u00e7ois Bayrou, qui veut travailler \u00e0&nbsp;<em>\u00ab\u00a0l&rsquo;exp\u00e9rimentation\u00a0\u00bb<\/em>&nbsp;<a href=\"https:\/\/www.franceinfo.fr\/faits-divers\/attaque-dans-un-lycee-a-nantes\/attaque-au-couteau-dans-un-lycee-a-nantes-quatre-questions-sur-l-installation-de-portiques-de-securite-devant-les-etablissements-scolaires-evoquee-par-francois-bayrou_7210032.html\">de portiques de s\u00e9curit\u00e9 \u00e0 l&rsquo;entr\u00e9e<\/a>&nbsp;des \u00e9tablissements scolaires, en plus d&rsquo;interdire la vente aux mineurs&nbsp;<a href=\"https:\/\/www.franceinfo.fr\/faits-divers\/surveillante-de-college-tuee-en-haute-marne-francois-bayrou-promet-d-interdire-tout-de-suite-la-vente-aux-mineurs-de-tous-les-couteaux_7303899.html\">de<em>&nbsp;\u00ab\u00a0tout couteau qui peut constituer une arme\u00a0\u00bb.<\/em><\/a><\/p>\n\n\n\n<p class=\"\"><em>\u00ab\u00a0Avant de parler de s\u00e9curit\u00e9, il faut parler de pr\u00e9vention (&#8230;) Les pr\u00e9c\u00e9dents drames pointaient des difficult\u00e9s au niveau de la sant\u00e9 mentale des jeunes\u00a0\u00bb<\/em>, a \u00e9galement appuy\u00e9&nbsp;<a target=\"_blank\" rel=\"noreferrer noopener\" href=\"https:\/\/x.com\/franceinfo\/status\/1932379263694422170\">sur franceinfo(Nouvelle fen\u00eatre)<\/a>&nbsp;Elisabeth Allain-Moreno, secr\u00e9taire g\u00e9n\u00e9rale du syndicat enseignant SE-Unsa. Fin avril,&nbsp;<a href=\"https:\/\/www.franceinfo.fr\/faits-divers\/attaque-dans-un-lycee-a-nantes\/attaque-au-couteau-dans-un-lycee-a-nantes-deroule-des-faits-personnalite-du-suspect-ce-qu-il-faut-retenir-de-la-conference-de-presse-du-procureur_7210737.html\">le lyc\u00e9en nantais suspect\u00e9 d&rsquo;avoir tu\u00e9 une camarade d&rsquo;une cinquantaine de coups de couteau<\/a>&nbsp;pr\u00e9sentait un profil&nbsp;<em>\u00ab\u00a0suicidaire\u00a0\u00bb<\/em>. A la demande de sa m\u00e8re, il avait consult\u00e9 des professionnels, les mois pr\u00e9c\u00e9dents, \u00e0 la Maison des adolescents de Nantes.<\/p>\n\n\n\n<p class=\"\">Si le suspect de Nogent ne pr\u00e9sentait<em>\u00a0\u00ab\u00a0aucun signe \u00e9voquant un possible trouble mental\u00a0\u00bb<\/em>\u00a0avant le meurtre de son assistante d&rsquo;\u00e9ducation, il est apparu aupr\u00e8s des enqu\u00eateurs\u00a0<em>\u00ab\u00a0en perte de rep\u00e8res quant \u00e0 la valeur de la vie humaine, \u00e0 laquelle il ne semble pas attacher d&rsquo;importance\u00a0\u00bb<\/em>, a fait savoir mercredi le procureur de Chaumont.Outre ces cas les plus graves, les \u00e9tudes sont unanimes&nbsp;: les jeunes vont tr\u00e8s mal depuis le Covid-19, et ils allaient mal avant.&nbsp;<a target=\"_blank\" rel=\"noreferrer noopener\" href=\"https:\/\/www.santepubliquefrance.fr\/maladies-et-traumatismes\/sante-mentale\/depression-et-anxiete\/documents\/enquetes-etudes\/la-sante-mentale-et-le-bien-etre-des-collegiens-et-lyceens-en-france-hexagonale-resultats-de-l-enquete-enclass-2022\">Une enqu\u00eate de Sant\u00e9 publique France(Nouvelle fen\u00eatre)<\/a>, publi\u00e9e en avril 2024, montre par exemple que les coll\u00e9giens et les lyc\u00e9ens ont connu une nette d\u00e9gradation de leur sant\u00e9 mentale entre 2018 et 2022. Environ 14% des coll\u00e9giens et 15% des lyc\u00e9ens pr\u00e9sentaient un risque important de d\u00e9pression en 2022<em>. \u00ab\u00a0Cela fait vingt ans que nous constatons une augmentation lente et permanente des expressions de souffrance\u00a0\u00bb,&nbsp;<\/em><a href=\"https:\/\/www.franceinfo.fr\/sante\/enfant-ado\/grand-entretien-assises-de-la-pediatrie-la-sante-mentale-des-jeunes-doit-devenir-une-cause-nationale-plaide-le-pedopsychiatre-guillaume-bronsard_6548006.html\">rapportait \u00e0 franceinfo le p\u00e9dopsychiatre Guillaume Bronsard<\/a>&nbsp;en mai 2024.<\/p>\n\n\n\n<p class=\"\">Face \u00e0 ce constat dramatique, le gouvernement a \u00e9rig\u00e9 la sant\u00e9 mentale comme grande cause nationale. Mi-mai,&nbsp;<a target=\"_blank\" rel=\"noreferrer noopener\" href=\"https:\/\/www.education.gouv.fr\/dossier-de-presse-sante-scolaire-agir-pour-les-eleves-au-coeur-de-l-ecole-450420\">le minist\u00e8re de l&rsquo;Education(Nouvelle fen\u00eatre)<\/a>&nbsp;a ainsi lanc\u00e9 un plan sur la sant\u00e9 scolaire. Mais les annonces d&rsquo;Elisabeth Borne&nbsp;<em>\u00ab\u00a0ont ent\u00e9rin\u00e9 le m\u00e9pris\u00a0\u00bb&nbsp;<\/em>envers les personnels,&nbsp;<a target=\"_blank\" rel=\"noreferrer noopener\" href=\"https:\/\/www.snes.edu\/agissons\/campagnes\/psyen-encore-et-toujours-meprise-es\/\">selon le Snes-FSU(Nouvelle fen\u00eatre)<\/a>. Infirmi\u00e8res, psychologues et assistantes sociales de l&rsquo;Education nationale ont manifest\u00e9 mardi, une mobilisation qui \u00e9tait pr\u00e9vue avant m\u00eame la trag\u00e9die de Nogent. Ils d\u00e9noncent principalement des moyens insuffisants.&nbsp;<\/p>\n\n\n\n<p class=\"\">L&rsquo;\u00e9cole&nbsp;<em>\u00ab\u00a0manque de professionnels pour accompagner et identifier, le plus pr\u00e9cocement possible\u00a0\u00bb,<\/em>&nbsp;les situations de mal-\u00eatre ou de troubles psychiques chez les adolescents, confirme Saphia Guereschi, infirmi\u00e8re scolaire en Bourgogne et secr\u00e9taire g\u00e9n\u00e9rale du Snics-FSU, qui repr\u00e9sente la profession.&nbsp;<\/p>\n\n\n\n<h2 class=\"wp-block-heading\">Seuls 20% des \u00e9l\u00e8ves de sixi\u00e8me passent une visite m\u00e9dicale<\/h2>\n\n\n\n<p class=\"\">Alors, l&rsquo;Education nationale est-il l&rsquo;<em>\u00ab\u00a0un des principaux d\u00e9serts m\u00e9dicaux de ce pays\u00a0\u00bb<\/em>, comme d\u00e9nonc\u00e9 par Marine Tondelier\u00a0? Prenons les chiffres de plusieurs corps de m\u00e9tier de la sant\u00e9 scolaire.\u00a0<a href=\"https:\/\/www.franceinfo.fr\/societe\/education\/education-medecin-scolaire-un-metier-avec-peu-de-candidats_4213135.html\">A commencer par les m\u00e9decins\u00a0<\/a>: en 2022, la France en compte \u00e0 peine plus de 800 pour 12\u00a0millions d&rsquo;\u00e9l\u00e8ves, soit une diminution de plus de 28% en moins de dix ans, selon\u00a0<a href=\"https:\/\/www.senat.fr\/rap\/l23-414\/l23-4143.html\" target=\"_blank\" rel=\"noreferrer noopener\">un rapport s\u00e9natorial(Nouvelle fen\u00eatre)<\/a>\u00a0reprenant les donn\u00e9es de la Direction g\u00e9n\u00e9rale de l&rsquo;enseignement scolaire (Dgesco). En cons\u00e9quence, ils peinent \u00e0 remplir certaines de leurs missions, m\u00eame les visites obligatoires.<em>\u00a0\u00ab\u00a0En sixi\u00e8me, moins d\u2019un enfant sur cinq en b\u00e9n\u00e9ficie alors qu\u2019elle est en principe universelle\u00a0\u00bb<\/em>, note\u00a0<a href=\"https:\/\/www.ccomptes.fr\/system\/files\/2020-05\/20200527-rapport-58-2-medecins-personnels-sante-scolaire.pdf\" target=\"_blank\" rel=\"noreferrer noopener\">un rapport de la Cour des comptes(Nouvelle fen\u00eatre)<\/a>.La situation n&rsquo;est pas meilleure pour les infirmi\u00e8res scolaires.&nbsp;<em>\u00ab\u00a0Nous sommes environ 7<\/em>&nbsp;<em>800, alors qu&rsquo;il en faudrait 23&nbsp;000&Prime;<\/em>, estime Saphia Guereschi, qui s&rsquo;occupe de deux coll\u00e8ges ruraux dans l&rsquo;Yonne, et de la trentaine d&rsquo;\u00e9coles du secteur. En termes de sant\u00e9 mentale,<em>&nbsp;\u00ab\u00a0les jeunes viennent nous voir pour des &lsquo;petits&rsquo; maux, comme un chagrin d&rsquo;amour, mais c&rsquo;est tr\u00e8s important de traiter \u00e7a sur le moment, car cela a une importance capitale pour eux. En les aidant sur \u00e7a, on peut \u00e9galement identifier d&rsquo;autres &lsquo;gros&rsquo; maux, comme l&rsquo;inceste\u00a0\u00bb<\/em>, d\u00e9taille l&rsquo;infirmi\u00e8re. A son \u00e9chelle, elle a constat\u00e9 une augmentation de<em>&nbsp;\u00ab\u00a0la scarification\u00a0\u00bb<\/em>,&nbsp;<em>\u00ab\u00a0des troubles du comportement alimentaire\u00a0\u00bb&nbsp;<\/em>et&nbsp;<em>\u00ab\u00a0des actes suicidaires\u00a0\u00bb&nbsp;<\/em>ces derni\u00e8res ann\u00e9es.<\/p>\n\n\n\n<p class=\"\">Le ministre de la Sant\u00e9, Yannick Neuder, a d\u00e9voil\u00e9 mercredi au&nbsp;<a target=\"_blank\" rel=\"noreferrer noopener\" href=\"https:\/\/www.leparisien.fr\/societe\/sante\/la-situation-est-trop-grave-il-faut-des-leviers-immediats-yannick-neuder-devoile-le-plan-sante-mentale-11-06-2025-VOMC655HCVCUJLDQROLMQNLLBE.php\"><em>Parisien<\/em>(Nouvelle fen\u00eatre)<\/a><em>&nbsp;<\/em>les ambitions du gouvernement pour am\u00e9liorer le rep\u00e9rage et l&rsquo;accompagnement des jeunes qui font face \u00e0 des troubles psychiques. Certaines mesures reprennent celles d&rsquo;Elisabeth Borne. Dans les objectifs&nbsp;: former deux adultes rep\u00e8res dans chaque \u00e9tablissement du second degr\u00e9 et chaque circonscription du premier degr\u00e9 d&rsquo;ici 2026, former 100% des personnels de sant\u00e9 scolaire au rep\u00e9rage pr\u00e9coce&#8230;&nbsp;<em>\u00ab\u00a0Sans moyens financiers, on ne voit pas bien comment \u00e7a peut fonctionner\u00a0\u00bb<\/em>, a r\u00e9torqu\u00e9 \u00e0 l&rsquo;AFP Catherine Nave-Bekhti, secr\u00e9taire g\u00e9n\u00e9ral de la CFDT Education.<\/p>\n\n\n\n<h2 class=\"wp-block-heading\">Des psychologues scolaires d\u00e9bord\u00e9s<\/h2>\n\n\n\n<p class=\"\">Dans l&rsquo;acad\u00e9mie de Cr\u00e9teil, G\u00e9raldine Duriez est psychologue. Cette responsable syndicale au Snes-FSU tourne sur trois \u00e9tablissements du second degr\u00e9, en plus d&rsquo;assurer des permanences au Centre d&rsquo;information et d&rsquo;orientation (CIO). En moyenne, on d\u00e9nombre un psychologue pour environ 1&nbsp;500 \u00e9l\u00e8ves dans le premier degr\u00e9, et un pour 1&nbsp;000 \u00e9l\u00e8ves dans les coll\u00e8ges et les lyc\u00e9es, selon&nbsp;<a target=\"_blank\" rel=\"noreferrer noopener\" href=\"https:\/\/www.education.gouv.fr\/geographie-de-l-ecole-323657\">un rapport de l&rsquo;Education nationale(Nouvelle fen\u00eatre)<\/a>&nbsp;publi\u00e9 en 2021. Pour G\u00e9raldine Duriez,<em>&nbsp;\u00ab\u00a0pour bien faire notre travail, il faudrait que l&rsquo;on soit un psy pour 600&nbsp;jeunes.\u00a0\u00bb<\/em><\/p>\n\n\n\n<p class=\"\">Entre les \u00e9l\u00e8ves en situation de d\u00e9crochage, ceux en situation de handicap, ceux en signe de souffrance psychique, ceux qui sont harcel\u00e9s ou qui harc\u00e8lent&#8230;&nbsp;<em>\u00ab\u00a0Il y a clairement des files d&rsquo;attente\u00a0\u00bb&nbsp;<\/em>qui se mettent en place, regrette G\u00e9raldine Duriez. Selon elle, les personnels de sant\u00e9 scolaire et les CPE manquent \u00e9galement de temps pour se concerter. Or, il est toujours plus pertinent de<em>&nbsp;\u00ab\u00a0croiser les regards sur la situation d&rsquo;un \u00e9l\u00e8ve\u00a0\u00bb<\/em>&nbsp;afin de lui proposer le meilleur accompagnement.&nbsp;<\/p>\n\n\n\n<p class=\"\">G\u00e9raldine Duriez rappelle par ailleurs que les jeunes en situation de mal-\u00eatre ne sont pas tous destin\u00e9s \u00e0 \u00eatre violents. Et que les causes de la violence des mineurs restent multiples.&nbsp;<em>\u00ab\u00a0On est dans une soci\u00e9t\u00e9 qui n&rsquo;est pas au meilleur de sa forme.\u00a0\u00bb<\/em><\/p>\n\n\n\n<p class=\"\">Un constat partag\u00e9 par Eric Debarbieux, psychop\u00e9dagogue. Lors des entretiens qu&rsquo;il a men\u00e9s pour \u00e9crire son livre&nbsp;<em>Z\u00e9ro point\u00e9&nbsp;? Une histoire politique de la violence \u00e0 l&rsquo;\u00e9cole<\/em>, il a relev\u00e9 une&nbsp;<em>\u00ab\u00a0inflexion des violences et du harc\u00e8lement en milieu scolaire li\u00e9s au rejet de l&rsquo;autre \u2013&nbsp;sexisme, homophobie, racisme\u00a0\u00bb,&nbsp;<\/em>et qui correspond, selon lui, aux&nbsp;<em>\u00ab\u00a0discours de certains adultes\u00a0\u00bb.&nbsp;<\/em>D&rsquo;apr\u00e8s lui, toutefois,&nbsp;<em>\u00ab\u00a0il n&rsquo;y a pas d&rsquo;augmentation en moyenne de la violence \u00e0 l&rsquo;\u00e9cole\u00a0\u00bb,&nbsp;<\/em>except\u00e9 les cas les plus violents (et m\u00e9diatis\u00e9s) qui ont vis\u00e9 des membres du personnel \u00e9ducatif ces derni\u00e8res ann\u00e9es.&nbsp;<\/p>\n\n\n\n<h2 class=\"wp-block-heading\">\u00ab\u00a0On a supprim\u00e9 plus de 100&nbsp;000 postes et on paye les pots cass\u00e9s\u00a0\u00bb<\/h2>\n\n\n\n<p class=\"\">Mercredi, Fran\u00e7ois Bayrou a quand m\u00eame \u00e9voqu\u00e9 la sant\u00e9 mentale des adolescents. Il a appel\u00e9 parents et \u00e9ducateurs \u00e0 mieux savoir d\u00e9tecter<em>&nbsp;\u00ab\u00a0les signes qu&rsquo;un adolescent ne va pas bien\u00a0\u00bb,&nbsp;<\/em>et souhaite que,&nbsp;<em>\u00ab\u00a0\u00e0 la premi\u00e8re alerte, (&#8230;) il puisse y avoir un examen, un diagnostic ou une proposition de traitement\u00a0\u00bb.&nbsp;<\/em>Saphia Guereschi d\u00e9plore une d\u00e9connexion avec la r\u00e9alit\u00e9 du terrain.<em>&nbsp;\u00ab\u00a0Ce sont les d\u00e9clarations de quelqu&rsquo;un qui n&rsquo;y comprend rien (&#8230;) Notre travail est celui du temps long (&#8230;) Il n&rsquo;existe pas de test biom\u00e9trique pour la sant\u00e9 mentale des jeunes et il n&rsquo;y en aura jamais.\u00a0\u00bb<\/em><\/p>\n\n\n\n<p class=\"\">Le chef du gouvernement a lui-m\u00eame reconnu qu&rsquo;<em>\u00ab\u00a0on manque cruellement\u00a0\u00bb\u00a0<\/em>d&rsquo;infirmi\u00e8res et de psychologues. Mais il ne s&rsquo;est avanc\u00e9 sur aucune mesure sp\u00e9cifique \u00e0 ce sujet.<em>\u00a0\u00ab\u00a0La m\u00e9decine et la psychologie scolaire ont \u00e9t\u00e9 la variable d\u2019ajustement de l&rsquo;Education nationale il y a quinze ans de \u00e7a. A l\u2019\u00e9poque, on a supprim\u00e9 plus de 100<\/em>\u00a0<em>000 postes et on paye les pots cass\u00e9s maintenant\u00a0\u00bb<\/em>, contextualise Eric Debarbieux.En dehors de l&rsquo;\u00e9cole, d&rsquo;autres structures s&rsquo;occupant de la sant\u00e9 mentale des jeunes sont en perdition. Dans&nbsp;<a href=\"https:\/\/www.franceinfo.fr\/sante\/enfant-ado\/la-defenseure-des-droits-demande-un-plan-d-urgence-pour-la-sante-mentale-des-jeunes_5173609.html\">un rapport publi\u00e9 en novembre 2021<\/a>, la D\u00e9fenseure des droits, Claire H\u00e9don, signalait que&nbsp;<em>\u00ab\u00a0plus d&rsquo;une dizaine de d\u00e9partements&nbsp;<\/em>[\u00e9taient]&nbsp;<em>totalement d\u00e9pourvus de p\u00e9dopsychiatres lib\u00e9raux\u00a0\u00bb.<\/em><\/p>\n\n\n\n<p class=\"\">Avec son plan, Yannick Neuder a dit vouloir favoriser&nbsp;<em>\u00ab\u00a0une psychiatrie de proximit\u00e9, lisible et accessible\u00a0\u00bb<\/em>, pour mieux traiter avant, pendant et apr\u00e8s une crise aigu\u00eb. En lib\u00e9ral, il veut notamment atteindre 12&nbsp;000 psychologues conventionn\u00e9s pour Mon soutien psy d&rsquo;ici 2027, contre 6&nbsp;000 aujourd&rsquo;hui. Pour<em>&nbsp;\u00ab\u00a0reconstruire\u00a0\u00bb<\/em>&nbsp;la psychiatrie, il souhaite aussi porter le nombre d&rsquo;internes dans cette sp\u00e9cialit\u00e9 de 500 \u00e0 600 par an \u00e0 partir de 2027. Des mesures qui n&rsquo;ont pas convaincu le secteur.&nbsp;<em>\u00ab\u00a0On prend ces mesurettes, mais \u00e7a ne va pas r\u00e9soudre quoi que ce soit\u00a0\u00bb<\/em>, a regrett\u00e9 aupr\u00e8s de l&rsquo;AFP Jean-Pierre Salvarelli, du syndicat des psychiatres hospitaliers<em>.<\/em><\/p>\n","protected":false},"excerpt":{"rendered":"<p>Apr\u00e8s les meurtres d&rsquo;une lyc\u00e9enne \u00e0 Nantes et d&rsquo;une surveillante \u00e0 Nogent, le gouvernement a annonc\u00e9 des mesures visant \u00e0 une meilleure prise en charge de la souffrance psychique des \u00e9l\u00e8ves. Mais les professionnels d\u00e9noncent, eux, des moyens insuffisants depuis des ann\u00e9es. \u00ab\u00a0Il faut regarder&nbsp;la sant\u00e9 mentale des jeunes&nbsp;en face.\u00a0\u00bb&nbsp;Au lendemain du meurtre d&rsquo;une surveillante [&hellip;]<\/p>\n","protected":false},"author":2,"featured_media":35730,"comment_status":"open","ping_status":"open","sticky":false,"template":"","format":"standard","meta":{"_jetpack_memberships_contains_paid_content":false,"footnotes":"","jetpack_publicize_message":"","jetpack_publicize_feature_enabled":true,"jetpack_social_post_already_shared":true,"jetpack_social_options":{"image_generator_settings":{"template":"highway","default_image_id":0,"enabled":true,"token":"eyJpbWciOiJodHRwczpcL1wvd3d3LmljZWFnZXR2LmNvbVwvcmFkaW9zaXRlXC93cC1jb250ZW50XC91cGxvYWRzXC8yMDI1XC8wNlwvRW52aXJvbi04MDAtbWVkZWNpbnMtZXQtNy04MDAtaW5maXJtaWVyZXMtcG91ci0xMi1taWxsaW9ucy1kZWxldmVzLTEwMjR4NjIxLmpwZyIsInR4dCI6IkVudmlyb24gODAwIG1cdTAwZTlkZWNpbnMgZXQgN1x1MDBhMDgwMCBpbmZpcm1pXHUwMGU4cmVzIHBvdXIgMTIgbWlsbGlvbnMgZCYjODIxNztcdTAwZTlsXHUwMGU4dmVzXHUwMGEwOiBsZSBtaWxpZXUgc2NvbGFpcmUgcGVpbmUgXHUwMGUwIHNvaWduZXIgbGEgc291ZmZyYW5jZSBwc3ljaGlxdWUgZGVzIGpldW5lcyIsInRlbXBsYXRlIjoiaGlnaHdheSIsImJsb2dfaWQiOjExMTAxNjQ2MX0.fbhYb2XTnH67AJWBb4xd00ePtA6TKWG1nFuTE9QnFcAMQ"},"version":2},"_wpas_customize_per_network":false},"categories":[405],"tags":[],"class_list":["post-35729","post","type-post","status-publish","format-standard","has-post-thumbnail","hentry","category-actu-france-monde"],"jetpack_publicize_connections":[],"jetpack_featured_media_url":"https:\/\/i0.wp.com\/www.iceagetv.com\/radiosite\/wp-content\/uploads\/2025\/06\/Environ-800-medecins-et-7-800-infirmieres-pour-12-millions-deleves.jpg?fit=1053%2C639&ssl=1","jetpack_sharing_enabled":true,"_links":{"self":[{"href":"https:\/\/www.iceagetv.com\/radiosite\/wp-json\/wp\/v2\/posts\/35729","targetHints":{"allow":["GET"]}}],"collection":[{"href":"https:\/\/www.iceagetv.com\/radiosite\/wp-json\/wp\/v2\/posts"}],"about":[{"href":"https:\/\/www.iceagetv.com\/radiosite\/wp-json\/wp\/v2\/types\/post"}],"author":[{"embeddable":true,"href":"https:\/\/www.iceagetv.com\/radiosite\/wp-json\/wp\/v2\/users\/2"}],"replies":[{"embeddable":true,"href":"https:\/\/www.iceagetv.com\/radiosite\/wp-json\/wp\/v2\/comments?post=35729"}],"version-history":[{"count":1,"href":"https:\/\/www.iceagetv.com\/radiosite\/wp-json\/wp\/v2\/posts\/35729\/revisions"}],"predecessor-version":[{"id":35731,"href":"https:\/\/www.iceagetv.com\/radiosite\/wp-json\/wp\/v2\/posts\/35729\/revisions\/35731"}],"wp:featuredmedia":[{"embeddable":true,"href":"https:\/\/www.iceagetv.com\/radiosite\/wp-json\/wp\/v2\/media\/35730"}],"wp:attachment":[{"href":"https:\/\/www.iceagetv.com\/radiosite\/wp-json\/wp\/v2\/media?parent=35729"}],"wp:term":[{"taxonomy":"category","embeddable":true,"href":"https:\/\/www.iceagetv.com\/radiosite\/wp-json\/wp\/v2\/categories?post=35729"},{"taxonomy":"post_tag","embeddable":true,"href":"https:\/\/www.iceagetv.com\/radiosite\/wp-json\/wp\/v2\/tags?post=35729"}],"curies":[{"name":"wp","href":"https:\/\/api.w.org\/{rel}","templated":true}]}}