{"id":35733,"date":"2025-06-13T08:18:03","date_gmt":"2025-06-13T06:18:03","guid":{"rendered":"https:\/\/www.iceagetv.com\/radiosite\/?p=35733"},"modified":"2025-06-13T08:18:08","modified_gmt":"2025-06-13T06:18:08","slug":"meteo-france-place-17-departements-en-vigilance-orange-en-raison-dune-degradation-orageuse-en-fin-dapres-midi-et-de-soiree-sur-le-sud-ouest-et-sur-le-nord-ouest","status":"publish","type":"post","link":"https:\/\/www.iceagetv.com\/radiosite\/meteo-france-place-17-departements-en-vigilance-orange-en-raison-dune-degradation-orageuse-en-fin-dapres-midi-et-de-soiree-sur-le-sud-ouest-et-sur-le-nord-ouest\/","title":{"rendered":"M\u00e9t\u00e9o France place 17 d\u00e9partements en vigilance orange en raison d&rsquo;une d\u00e9gradation orageuse en fin d\u2019apr\u00e8s-midi et de soir\u00e9e sur le Sud-Ouest et sur le Nord-Ouest"},"content":{"rendered":"\n<p class=\"\"><strong>Ce sont 17 d\u00e9partements qui sont plac\u00e9s ce matin en vigilance orange par M\u00e9t\u00e9o France qui alerte sur une \u00ab d\u00e9gradation orageuse marqu\u00e9e en fin d\u2019apr\u00e8s-midi et desoir\u00e9e de vendredi sur le Sud-Ouest et sur le Nord-Ouest, avec un fort risque de ph\u00e9nom\u00e8nes localement violents\u00a0\u00bb.<\/strong><\/p>\n\n\n\n<p class=\"\">Sur le Nord-Ouest : des orages vont commencer de remonter sur la fa\u00e7ade atlantique dans la matin\u00e9e, sans s\u00e9v\u00e9rit\u00e9 particuli\u00e8re dans un premier temps, puis vont gagner les Pays-de-Loire et la basse-Normandie dans l&rsquo;apr\u00e8s-midi, en s&rsquo;intensifiant.<\/p>\n\n\n\n<p class=\"\">Ils vont ensuite balayer toute la r\u00e9gion Normandie et atteindre l&rsquo;ouest des Hauts-de-France en soir\u00e9e. Ils pourront s&rsquo;organiser en ligne et seront accompagn\u00e9s de fortes rafales de vent, de l&rsquo;ordre de 100 km\/h, localement 110\/120 km\/h, de fortes pr\u00e9cipitations (jusqu&rsquo;\u00e0 30\/50 mm en 2 \u00e0 3 heures) et de chutes de gr\u00eale moyenne \u00e0 grosse. L&rsquo;activit\u00e9 \u00e9lectrique sera intense.<br>Sur le Sud-Ouest : apr\u00e8s une apr\u00e8s-midi tr\u00e8s chaude, des orages vont remonter des Pyr\u00e9n\u00e9es et gagner en soir\u00e9e l&rsquo;ouest de l&rsquo;Occitanie et le sud de la Nouvelle-Aquitaine, donnant par endroits de fortes chutes de gr\u00eale (diam\u00e8tre souvent sup\u00e9rieur \u00e0 2 cm), ainsi que de fortes rafales, de l&rsquo;ordre de 100 km\/h localement.<\/p>\n\n\n\n<p class=\"\">Sur la Nouvelle-Aquitaine par ailleurs, les cumuls de pluie pourront devenir importants, de l&rsquo;ordre de 30 \u00e0 50 mm en une \u00e0 3 heures. L&rsquo;activit\u00e9 \u00e9lectrique sera intense.<\/p>\n\n\n\n<p class=\"\">Ces orages devraient perdre de leur vigueur en fin de soir\u00e9e et nuit suivante, en atteignant le nord de l&rsquo;Occitanie et de la Nouvelle-Aquitaine. N\u00e9anmoins, sur les d\u00e9partements limitrophes de ceux plac\u00e9s en vigilance orange, des ph\u00e9nom\u00e8nes localement violents restent possibles (consulter les futures cartes de vigilance pour un suivi de la situation).<\/p>\n","protected":false},"excerpt":{"rendered":"<p>Ce sont 17 d\u00e9partements qui sont plac\u00e9s ce matin en vigilance orange par M\u00e9t\u00e9o France qui alerte sur une \u00ab d\u00e9gradation orageuse marqu\u00e9e en fin d\u2019apr\u00e8s-midi et desoir\u00e9e de vendredi sur le Sud-Ouest et sur le Nord-Ouest, avec un fort risque de ph\u00e9nom\u00e8nes localement violents\u00a0\u00bb. Sur le Nord-Ouest : des orages vont commencer de remonter [&hellip;]<\/p>\n","protected":false},"author":2,"featured_media":35734,"comment_status":"open","ping_status":"open","sticky":false,"template":"","format":"standard","meta":{"_jetpack_memberships_contains_paid_content":false,"footnotes":"","jetpack_publicize_message":"","jetpack_publicize_feature_enabled":true,"jetpack_social_post_already_shared":true,"jetpack_social_options":{"image_generator_settings":{"template":"highway","default_image_id":0,"enabled":true,"token":"eyJpbWciOiJodHRwczpcL1wvd3d3LmljZWFnZXR2LmNvbVwvcmFkaW9zaXRlXC93cC1jb250ZW50XC91cGxvYWRzXC8yMDI1XC8wNlwvTWV0ZW8tRnJhbmNlLXBsYWNlLTE3LWRlcGFydGVtZW50cy1lbi12aWdpbGFuY2Utb3JhbmdlLmpwZyIsInR4dCI6Ik1cdTAwZTl0XHUwMGU5byBGcmFuY2UgcGxhY2UgMTcgZFx1MDBlOXBhcnRlbWVudHMgZW4gdmlnaWxhbmNlIG9yYW5nZSBlbiByYWlzb24gZCYjODIxNzt1bmUgZFx1MDBlOWdyYWRhdGlvbiBvcmFnZXVzZSBlbiBmaW4gZFx1MjAxOWFwclx1MDBlOHMtbWlkaSBldCBkZSBzb2lyXHUwMGU5ZSBzdXIgbGUgU3VkLU91ZXN0IGV0IHN1ciBsZSBOb3JkLU91ZXN0IiwidGVtcGxhdGUiOiJoaWdod2F5IiwiYmxvZ19pZCI6MTExMDE2NDYxfQ.3nYCDWZ4OXkgdNo4khFw4D9zEEBxHzjhN9TmxCBirdsMQ"},"version":2},"_wpas_customize_per_network":false},"categories":[14],"tags":[],"class_list":["post-35733","post","type-post","status-publish","format-standard","has-post-thumbnail","hentry","category-actu-meteo"],"jetpack_publicize_connections":[],"jetpack_featured_media_url":"https:\/\/i0.wp.com\/www.iceagetv.com\/radiosite\/wp-content\/uploads\/2025\/06\/Meteo-France-place-17-departements-en-vigilance-orange.jpg?fit=677%2C336&ssl=1","jetpack_sharing_enabled":true,"_links":{"self":[{"href":"https:\/\/www.iceagetv.com\/radiosite\/wp-json\/wp\/v2\/posts\/35733","targetHints":{"allow":["GET"]}}],"collection":[{"href":"https:\/\/www.iceagetv.com\/radiosite\/wp-json\/wp\/v2\/posts"}],"about":[{"href":"https:\/\/www.iceagetv.com\/radiosite\/wp-json\/wp\/v2\/types\/post"}],"author":[{"embeddable":true,"href":"https:\/\/www.iceagetv.com\/radiosite\/wp-json\/wp\/v2\/users\/2"}],"replies":[{"embeddable":true,"href":"https:\/\/www.iceagetv.com\/radiosite\/wp-json\/wp\/v2\/comments?post=35733"}],"version-history":[{"count":1,"href":"https:\/\/www.iceagetv.com\/radiosite\/wp-json\/wp\/v2\/posts\/35733\/revisions"}],"predecessor-version":[{"id":35735,"href":"https:\/\/www.iceagetv.com\/radiosite\/wp-json\/wp\/v2\/posts\/35733\/revisions\/35735"}],"wp:featuredmedia":[{"embeddable":true,"href":"https:\/\/www.iceagetv.com\/radiosite\/wp-json\/wp\/v2\/media\/35734"}],"wp:attachment":[{"href":"https:\/\/www.iceagetv.com\/radiosite\/wp-json\/wp\/v2\/media?parent=35733"}],"wp:term":[{"taxonomy":"category","embeddable":true,"href":"https:\/\/www.iceagetv.com\/radiosite\/wp-json\/wp\/v2\/categories?post=35733"},{"taxonomy":"post_tag","embeddable":true,"href":"https:\/\/www.iceagetv.com\/radiosite\/wp-json\/wp\/v2\/tags?post=35733"}],"curies":[{"name":"wp","href":"https:\/\/api.w.org\/{rel}","templated":true}]}}