{"id":35737,"date":"2025-06-13T08:23:30","date_gmt":"2025-06-13T06:23:30","guid":{"rendered":"https:\/\/www.iceagetv.com\/radiosite\/?p=35737"},"modified":"2025-06-13T08:23:32","modified_gmt":"2025-06-13T06:23:32","slug":"ce-que-lon-sait-sur-les-frappes-israeliennes-en-iran","status":"publish","type":"post","link":"https:\/\/www.iceagetv.com\/radiosite\/ce-que-lon-sait-sur-les-frappes-israeliennes-en-iran\/","title":{"rendered":"Ce que l\u2019on sait sur les frappes isra\u00e9liennes en Iran"},"content":{"rendered":"\n<p class=\"\">Isra\u00ebl a annonc\u00e9 avoir proc\u00e9d\u00e9 \u00e0 des frappes contre des sites militaires et nucl\u00e9aires de l\u2019Iran, et promis de poursuivre son op\u00e9ration \u00ab\u00a0pour \u00e9liminer cette menace\u00a0\u00bb. Le chef des gardiens de la r\u00e9volution, Hossein Salami, a \u00e9t\u00e9 tu\u00e9 dans cette attaque men\u00e9e dans la nuit de jeudi \u00e0 vendredi.Vous pouvez partager un article en cliquant sur les ic\u00f4nes de partage en haut \u00e0 droite de celui-ci.<br>La reproduction totale ou partielle d\u2019un article, sans l\u2019autorisation \u00e9crite et pr\u00e9alable du <a href=\"https:\/\/www.lemonde.fr\">Monde<\/a>, est strictement interdite.<br><\/p>\n\n\n\n<h3 class=\"wp-block-heading\">Isra\u00ebl dit avoir \u00ab&nbsp;frapp\u00e9 le c\u0153ur du programme nucl\u00e9aire militaire de l\u2019Iran&nbsp;\u00bb<\/h3>\n\n\n\n<p class=\"\">L\u2019op\u00e9ration militaire contre l\u2019Iran \u2013 baptis\u00e9e \u00ab&nbsp;Lion dress\u00e9&nbsp;<em>\u00bb<\/em> \u2013 durera<em> \u00ab&nbsp;autant de jours que n\u00e9cessaire&nbsp;pour \u00e9liminer cette menace&nbsp;\u00bb<\/em>, a expliqu\u00e9, dans un message vid\u00e9o, le premier ministre isra\u00e9lien, Benyamin N\u00e9tanyahou. <em>\u00ab&nbsp;Nous avons frapp\u00e9 <\/em>[au] <em>c\u0153ur du programme d\u2019enrichissement<\/em> [d\u2019uranium] <em>de l\u2019Iran. Nous avons frapp\u00e9 le c\u0153ur du programme nucl\u00e9aire militaire de l\u2019Iran. Nous avons cibl\u00e9 la principale installation d\u2019enrichissement de l\u2019Iran \u00e0 Natanz&nbsp;\u00bb<\/em>, a ajout\u00e9 le dirigeant de l\u2019Etat h\u00e9breu.<\/p>\n\n\n\n<p class=\"\">L\u2019Agence internationale de l\u2019\u00e9nergie atomique (AIEA) a confirm\u00e9 que cet important site, situ\u00e9 dans le centre du pays, \u00e0 300&nbsp;km environ au sud de T\u00e9h\u00e9ran, avait \u00e9t\u00e9 vis\u00e9. <em>\u00ab&nbsp;L\u2019installation d\u2019enrichissement de Natanz a \u00e9t\u00e9 touch\u00e9e plusieurs fois,&nbsp;\u00bb<\/em> a rapport\u00e9 la t\u00e9l\u00e9vision d\u2019Etat iranienne, en montrant des images de fum\u00e9e \u00e9paisse s\u2019\u00e9chappant des lieux. L\u2019agence officielle iranienne IRNA a, elle, annonc\u00e9 que des immeubles r\u00e9sidentiels de T\u00e9h\u00e9ran avaient \u00e9t\u00e9 frapp\u00e9s, et que plusieurs personnes, dont des enfants, avaient \u00e9t\u00e9 tu\u00e9es. La t\u00e9l\u00e9vision d\u2019Etat a, elle, fait part d\u2019une cinquantaine de bless\u00e9s.<\/p>\n\n\n\n<p class=\"\">Selon le ministre de la d\u00e9fense isra\u00e9lien, Israel Katz, <em>\u00ab&nbsp;l\u2019Iran est plus d\u00e9termin\u00e9 que jamais \u00e0 r\u00e9aliser son projet de destruction d\u2019Isra\u00ebl. Nous sommes \u00e0 un tournant d\u00e9cisif. Si nous le manquons, nous n\u2019aurons aucun moyen d\u2019emp\u00eacher l\u2019Iran de se doter d\u2019armes nucl\u00e9aires qui mettront en danger notre propre existence.&nbsp;\u00bb<\/em><\/p>\n\n\n\n<h3 class=\"wp-block-heading\">Plusieurs cadres iraniens, dont le chef des gardiens de la r\u00e9volution, tu\u00e9s<\/h3>\n\n\n\n<p class=\"\">Le chef des gardiens de la r\u00e9volution, le g\u00e9n\u00e9ral Hossein Salami, a \u00e9t\u00e9 tu\u00e9 lors de cette vaste op\u00e9ration militaire, tout comme un autre haut commandant de ce corps d\u2019\u00e9lite iranien, le g\u00e9n\u00e9ral Gholam Ali Rashid. Le chef d\u2019\u00e9tat-major iranien, Mohammad Bagheri, a \u00e9galement p\u00e9ri. D\u2019apr\u00e8s l\u2019agence de presse Tasnim, deux scientifiques du programme nucl\u00e9aire iranien, Mohammad Mehdi Tehranchi et Fereydoun Abbasi, ont aussi \u00e9t\u00e9 tu\u00e9s dans ces attaques.<\/p>\n\n\n\n<h3 class=\"wp-block-heading\">L\u2019Iran promet des repr\u00e9sailles<\/h3>\n\n\n\n<p class=\"\">Le guide supr\u00eame iranien, Ali Khamenei, a menac\u00e9 Isra\u00ebl d\u2019un sort <em>\u00ab\u00a0amer et douloureux\u00a0\u00bb<\/em>, et les gardiens de la r\u00e9volution ont jur\u00e9 de venger la mort de leur chef. L\u2019espace a\u00e9rien de l\u2019Iran est ferm\u00e9 jusqu\u2019\u00e0 nouvel ordre, a annonc\u00e9 la t\u00e9l\u00e9vision d\u2019Etat, de m\u00eame qu\u2019en Irak.Vous pouvez partager un article en cliquant sur les ic\u00f4nes de partage en haut \u00e0 droite de celui-ci.<br>La reproduction totale ou partielle d\u2019un article, sans l\u2019autorisation \u00e9crite et pr\u00e9alable du <a href=\"https:\/\/www.lemonde.fr\">Monde<\/a>, est strictement interdite.<\/p>\n\n\n\n<p class=\"\">Isra\u00ebl a averti que l\u2019Iran pourrait conduire une attaque de repr\u00e9sailles <em>\u00ab&nbsp;dans un avenir imm\u00e9diat&nbsp;\u00bb<\/em>, a d\u00e9clar\u00e9 l\u2019\u00e9tat d\u2019urgence sur tout son territoire et ferm\u00e9 son espace a\u00e9rien jusqu\u2019\u00e0 nouvel ordre.<\/p>\n\n\n\n<p class=\"\"><em>\u00ab&nbsp;Citoyens d\u2019Isra\u00ebl, je ne peux pas promettre un succ\u00e8s absolu. Le r\u00e9gime iranien tentera de nous attaquer en riposte, et le bilan attendu sera diff\u00e9rent de ce \u00e0 quoi nous sommes habitu\u00e9s&nbsp;\u00bb<\/em>, a d\u00e9clar\u00e9 le chef d\u2019\u00e9tat-major isra\u00e9lien, Eyal Zamir. <em>\u00ab&nbsp;Nous sommes engag\u00e9s dans une campagne historique, sans pr\u00e9c\u00e9dent&nbsp;\u00bb<\/em>, a-t-il \u00e9galement dit.<\/p>\n\n\n\n<h3 class=\"wp-block-heading\">Les Etats-Unis disent ne pas \u00eatre impliqu\u00e9s<\/h3>\n\n\n\n<p class=\"\">Cette op\u00e9ration isra\u00e9lienne survient apr\u00e8s que Donald Trump a averti que l\u2019Etat h\u00e9breu pourrait bient\u00f4t frapper les sites nucl\u00e9aires iraniens. Le pr\u00e9sident am\u00e9ricain avait dit, plus t\u00f4t jeudi, rester <em>\u00ab&nbsp;engag\u00e9 \u00e0 r\u00e9gler de mani\u00e8re diplomatique la question du nucl\u00e9aire iranien&nbsp;\u00bb<\/em> et avait exhort\u00e9 Isra\u00ebl, proche alli\u00e9 des Etats-Unis, \u00e0 ne pas mener de frappes contre l\u2019Iran.<\/p>\n","protected":false},"excerpt":{"rendered":"<p>Isra\u00ebl a annonc\u00e9 avoir proc\u00e9d\u00e9 \u00e0 des frappes contre des sites militaires et nucl\u00e9aires de l\u2019Iran, et promis de poursuivre son op\u00e9ration \u00ab\u00a0pour \u00e9liminer cette menace\u00a0\u00bb. Le chef des gardiens de la r\u00e9volution, Hossein Salami, a \u00e9t\u00e9 tu\u00e9 dans cette attaque men\u00e9e dans la nuit de jeudi \u00e0 vendredi.Vous pouvez partager un article en cliquant [&hellip;]<\/p>\n","protected":false},"author":2,"featured_media":35738,"comment_status":"open","ping_status":"open","sticky":false,"template":"","format":"standard","meta":{"_jetpack_memberships_contains_paid_content":false,"footnotes":"","jetpack_publicize_message":"","jetpack_publicize_feature_enabled":true,"jetpack_social_post_already_shared":true,"jetpack_social_options":{"image_generator_settings":{"template":"highway","default_image_id":0,"enabled":true,"token":"eyJpbWciOiJodHRwczpcL1wvd3d3LmljZWFnZXR2LmNvbVwvcmFkaW9zaXRlXC93cC1jb250ZW50XC91cGxvYWRzXC8yMDI1XC8wNlwvQ2UtcXVlLWxvbi1zYWl0LXN1ci1sZXMtZnJhcHBlcy1pc3JhZWxpZW5uZXMtZW4tSXJhbi5qcGciLCJ0eHQiOiJDZSBxdWUgbFx1MjAxOW9uIHNhaXQgc3VyIGxlcyBmcmFwcGVzIGlzcmFcdTAwZTlsaWVubmVzIGVuIElyYW4iLCJ0ZW1wbGF0ZSI6ImhpZ2h3YXkiLCJibG9nX2lkIjoxMTEwMTY0NjF9.eeqj_IaTcKBKNLKRlzdemIA7sfvDKLwIpp1mX2uQaOEMQ"},"version":2},"_wpas_customize_per_network":false},"categories":[405],"tags":[],"class_list":["post-35737","post","type-post","status-publish","format-standard","has-post-thumbnail","hentry","category-actu-france-monde"],"jetpack_publicize_connections":[],"jetpack_featured_media_url":"https:\/\/i0.wp.com\/www.iceagetv.com\/radiosite\/wp-content\/uploads\/2025\/06\/Ce-que-lon-sait-sur-les-frappes-israeliennes-en-Iran.jpg?fit=534%2C350&ssl=1","jetpack_sharing_enabled":true,"_links":{"self":[{"href":"https:\/\/www.iceagetv.com\/radiosite\/wp-json\/wp\/v2\/posts\/35737","targetHints":{"allow":["GET"]}}],"collection":[{"href":"https:\/\/www.iceagetv.com\/radiosite\/wp-json\/wp\/v2\/posts"}],"about":[{"href":"https:\/\/www.iceagetv.com\/radiosite\/wp-json\/wp\/v2\/types\/post"}],"author":[{"embeddable":true,"href":"https:\/\/www.iceagetv.com\/radiosite\/wp-json\/wp\/v2\/users\/2"}],"replies":[{"embeddable":true,"href":"https:\/\/www.iceagetv.com\/radiosite\/wp-json\/wp\/v2\/comments?post=35737"}],"version-history":[{"count":1,"href":"https:\/\/www.iceagetv.com\/radiosite\/wp-json\/wp\/v2\/posts\/35737\/revisions"}],"predecessor-version":[{"id":35739,"href":"https:\/\/www.iceagetv.com\/radiosite\/wp-json\/wp\/v2\/posts\/35737\/revisions\/35739"}],"wp:featuredmedia":[{"embeddable":true,"href":"https:\/\/www.iceagetv.com\/radiosite\/wp-json\/wp\/v2\/media\/35738"}],"wp:attachment":[{"href":"https:\/\/www.iceagetv.com\/radiosite\/wp-json\/wp\/v2\/media?parent=35737"}],"wp:term":[{"taxonomy":"category","embeddable":true,"href":"https:\/\/www.iceagetv.com\/radiosite\/wp-json\/wp\/v2\/categories?post=35737"},{"taxonomy":"post_tag","embeddable":true,"href":"https:\/\/www.iceagetv.com\/radiosite\/wp-json\/wp\/v2\/tags?post=35737"}],"curies":[{"name":"wp","href":"https:\/\/api.w.org\/{rel}","templated":true}]}}