{"id":35748,"date":"2025-06-13T14:33:34","date_gmt":"2025-06-13T12:33:34","guid":{"rendered":"https:\/\/www.iceagetv.com\/radiosite\/?p=35748"},"modified":"2025-06-13T14:33:37","modified_gmt":"2025-06-13T12:33:37","slug":"sarthe-au-moins-quatre-personnes-sont-mortes-dans-un-accident-de-car-qui-transportait-des-adultes-et-des-adolescents-ukrainiens-sur-la81-11-personnes-grievement-blessees","status":"publish","type":"post","link":"https:\/\/www.iceagetv.com\/radiosite\/sarthe-au-moins-quatre-personnes-sont-mortes-dans-un-accident-de-car-qui-transportait-des-adultes-et-des-adolescents-ukrainiens-sur-la81-11-personnes-grievement-blessees\/","title":{"rendered":"Sarthe: Au moins quatre personnes sont mortes dans un accident de car, qui transportait des adultes et des adolescents ukrainiens, sur l&rsquo;A81 &#8211; 11 personnes gri\u00e8vement bless\u00e9es"},"content":{"rendered":"\n<p class=\"\">Quatre personnes sont mortes et 11 autres ont \u00e9t\u00e9 gri\u00e8vement bless\u00e9es vendredi dans un accident impliquant un autocar qui transportait des adultes et adolescents de nationalit\u00e9 ukrainienne sur l\u2019autoroute A81 dans la Sarthe, a annonc\u00e9 la pr\u00e9fecture du d\u00e9partement.<\/p>\n\n\n\n<p class=\"\">Le bilan provisoire fait \u00e9galement \u00e9tat de 34 bless\u00e9s l\u00e9gers, indique la pr\u00e9fecture, pr\u00e9cisant que l\u2019accident est survenu dans le sens Rennes-Le Mans \u00e0 hauteur de la commune de Degr\u00e9, au kilom\u00e8tre 179.<\/p>\n\n\n\n<p class=\"\">L\u2019autoroute devrait \u00eatre ferm\u00e9e \u00ab dans les deux sens \u00bb pour faciliter les op\u00e9rations d\u2019\u00e9vacuation et de secours, ajoute le communiqu\u00e9.<\/p>\n\n\n\n<p class=\"\">Quelque 87 sapeurs-pompiers du SDIS (Service d\u00e9partemental d\u2019incendie et de secours) et 49 engins des sapeurs-pompiers interviennent aupr\u00e8s de l\u2019autobus et des usagers impliqu\u00e9s.<\/p>\n\n\n\n<p class=\"\">Aucun d\u00e9tail suppl\u00e9mentaire sur les circonstances de l\u2019accident, le nombre de v\u00e9hicules impliqu\u00e9s ou l\u2019identit\u00e9 des victimes n\u2019\u00e9tait disponible \u00e0 ce stade.<\/p>\n\n\n\n<p class=\"\">Le pr\u00e9fet de la Sarthe, Emmanuel Aubry, a pris la direction des op\u00e9rations de secours et un Centre op\u00e9rationnel d\u00e9partemental (COD) a \u00e9t\u00e9 ouvert afin de coordonner les actions des diff\u00e9rents acteurs intervenant sur le terrain.<\/p>\n\n\n\n<p class=\"\">Le pr\u00e9fet de la Sarthe \u00ab appelle \u00e0 la plus grande vigilance sur ce secteur et \u00e0 ne pas g\u00eaner l\u2019intervention des secours. \u00bb Un num\u00e9ro vert a \u00e9t\u00e9 activ\u00e9 par la pr\u00e9fecture: 09 70 80 90 40.<\/p>\n","protected":false},"excerpt":{"rendered":"<p>Quatre personnes sont mortes et 11 autres ont \u00e9t\u00e9 gri\u00e8vement bless\u00e9es vendredi dans un accident impliquant un autocar qui transportait des adultes et adolescents de nationalit\u00e9 ukrainienne sur l\u2019autoroute A81 dans la Sarthe, a annonc\u00e9 la pr\u00e9fecture du d\u00e9partement. Le bilan provisoire fait \u00e9galement \u00e9tat de 34 bless\u00e9s l\u00e9gers, indique la pr\u00e9fecture, pr\u00e9cisant que l\u2019accident [&hellip;]<\/p>\n","protected":false},"author":2,"featured_media":35749,"comment_status":"open","ping_status":"open","sticky":false,"template":"","format":"standard","meta":{"_jetpack_memberships_contains_paid_content":false,"footnotes":"","jetpack_publicize_message":"","jetpack_publicize_feature_enabled":true,"jetpack_social_post_already_shared":true,"jetpack_social_options":{"image_generator_settings":{"template":"highway","default_image_id":0,"enabled":true,"token":"eyJpbWciOiJodHRwczpcL1wvd3d3LmljZWFnZXR2LmNvbVwvcmFkaW9zaXRlXC93cC1jb250ZW50XC91cGxvYWRzXC8yMDI1XC8wNlwvTEdadHNjQWIuanBnIiwidHh0IjoiU2FydGhlOiBBdSBtb2lucyBxdWF0cmUgcGVyc29ubmVzIHNvbnQgbW9ydGVzIGRhbnMgdW4gYWNjaWRlbnQgZGUgY2FyLCBxdWkgdHJhbnNwb3J0YWl0IGRlcyBhZHVsdGVzIGV0IGRlcyBhZG9sZXNjZW50cyB1a3JhaW5pZW5zLCBzdXIgbCYjODIxNztBODEgJiM4MjExOyAxMSBwZXJzb25uZXMgZ3JpXHUwMGU4dmVtZW50IGJsZXNzXHUwMGU5ZXMiLCJ0ZW1wbGF0ZSI6ImhpZ2h3YXkiLCJibG9nX2lkIjoxMTEwMTY0NjF9.mO_JeCegh7ypREsihe7PSwc58C_OCHQ1Scq4PrdrDI8MQ"},"version":2},"_wpas_customize_per_network":false},"categories":[405],"tags":[],"class_list":["post-35748","post","type-post","status-publish","format-standard","has-post-thumbnail","hentry","category-actu-france-monde"],"jetpack_publicize_connections":[],"jetpack_featured_media_url":"https:\/\/i0.wp.com\/www.iceagetv.com\/radiosite\/wp-content\/uploads\/2025\/06\/LGZtscAb.jpg?fit=679%2C293&ssl=1","jetpack_sharing_enabled":true,"_links":{"self":[{"href":"https:\/\/www.iceagetv.com\/radiosite\/wp-json\/wp\/v2\/posts\/35748","targetHints":{"allow":["GET"]}}],"collection":[{"href":"https:\/\/www.iceagetv.com\/radiosite\/wp-json\/wp\/v2\/posts"}],"about":[{"href":"https:\/\/www.iceagetv.com\/radiosite\/wp-json\/wp\/v2\/types\/post"}],"author":[{"embeddable":true,"href":"https:\/\/www.iceagetv.com\/radiosite\/wp-json\/wp\/v2\/users\/2"}],"replies":[{"embeddable":true,"href":"https:\/\/www.iceagetv.com\/radiosite\/wp-json\/wp\/v2\/comments?post=35748"}],"version-history":[{"count":1,"href":"https:\/\/www.iceagetv.com\/radiosite\/wp-json\/wp\/v2\/posts\/35748\/revisions"}],"predecessor-version":[{"id":35750,"href":"https:\/\/www.iceagetv.com\/radiosite\/wp-json\/wp\/v2\/posts\/35748\/revisions\/35750"}],"wp:featuredmedia":[{"embeddable":true,"href":"https:\/\/www.iceagetv.com\/radiosite\/wp-json\/wp\/v2\/media\/35749"}],"wp:attachment":[{"href":"https:\/\/www.iceagetv.com\/radiosite\/wp-json\/wp\/v2\/media?parent=35748"}],"wp:term":[{"taxonomy":"category","embeddable":true,"href":"https:\/\/www.iceagetv.com\/radiosite\/wp-json\/wp\/v2\/categories?post=35748"},{"taxonomy":"post_tag","embeddable":true,"href":"https:\/\/www.iceagetv.com\/radiosite\/wp-json\/wp\/v2\/tags?post=35748"}],"curies":[{"name":"wp","href":"https:\/\/api.w.org\/{rel}","templated":true}]}}