{"id":35761,"date":"2025-06-13T16:23:07","date_gmt":"2025-06-13T14:23:07","guid":{"rendered":"https:\/\/www.iceagetv.com\/radiosite\/?p=35761"},"modified":"2025-06-13T16:23:11","modified_gmt":"2025-06-13T14:23:11","slug":"orages-violents-la-vigilance-orange-encore-etendue-ce-vendredi-29-departements-concernes","status":"publish","type":"post","link":"https:\/\/www.iceagetv.com\/radiosite\/orages-violents-la-vigilance-orange-encore-etendue-ce-vendredi-29-departements-concernes\/","title":{"rendered":"Orages violents : la vigilance orange encore \u00e9tendue ce vendredi, 29 d\u00e9partements concern\u00e9s"},"content":{"rendered":"\n<p class=\"\">En fin d&rsquo;apr\u00e8s-midi et soir\u00e9e de ce vendredi 13 juin 2025, dans le sud-ouest et sur le nord-ouest notamment, des ph\u00e9nom\u00e8nes localement violents sont \u00e0 craindreDe l\u2019air tr\u00e8s (tr\u00e8s) chaud, devenant de plus en plus humide. Des\u00a0<a href=\"https:\/\/actu.fr\/tag\/orages\">orages<\/a>\u00a0potentiellement forts sont \u00e0 craindre ce vendredi 13 juin 2025 dans de nombreuses r\u00e9gions,\u00a0<a href=\"https:\/\/actu.fr\/meteo\/orages-violents-et-temps-explosif-ce-vendredi-grele-rafales-a-100-km-h-canicule-ce-qui-est-prevu_62762446.html\">comme nous l\u2019expliquons dans cet article<\/a>.Dans son bulletin de 6h, M\u00e9t\u00e9o France a ainsi d\u2019ores et d\u00e9j\u00e0 plac\u00e9 17 d\u00e9partements en vigilance orange et 45 en jaune pour ces ph\u00e9nom\u00e8nes violents et ces fortes chaleurs qui restent pr\u00e9sentes sur le pays.<\/p>\n\n\n\n<p class=\"\">Dans son bulletin actualis\u00e9 de 16h, la vigilance orange a \u00e9t\u00e9 \u00e9tendue \u00e0 29 d\u00e9partements :\u00a0Les d\u00e9partements en vigilance orange ce vendredi :<\/p>\n\n\n\n<p class=\"\">Val-D\u2019Oise : orages<\/p>\n\n\n\n<p class=\"\">Ari\u00e8ge : orages<\/p>\n\n\n\n<p class=\"\">Calvados : orages<\/p>\n\n\n\n<p class=\"\">Dordogne : orages<\/p>\n\n\n\n<p class=\"\">Eure : orages<\/p>\n\n\n\n<p class=\"\">Eure-et-Loir : orages<\/p>\n\n\n\n<p class=\"\">Haute-Garonne : orages<\/p>\n\n\n\n<p class=\"\">Gers : orages<\/p>\n\n\n\n<p class=\"\">Gironde : orages<\/p>\n\n\n\n<p class=\"\">Landes : orages<\/p>\n\n\n\n<p class=\"\">Lot : orages<\/p>\n\n\n\n<p class=\"\">Lot-et-Garonne : orages<\/p>\n\n\n\n<p class=\"\">Manche : orages<\/p>\n\n\n\n<p class=\"\">Mayenne : orages<\/p>\n\n\n\n<p class=\"\">Nord : orages<\/p>\n\n\n\n<p class=\"\">Oise : orages<\/p>\n\n\n\n<p class=\"\">Orne : orages<\/p>\n\n\n\n<p class=\"\">Pas-de-Calais : orages<\/p>\n\n\n\n<p class=\"\">Pyr\u00e9n\u00e9es-Atlantiques : orages<\/p>\n\n\n\n<p class=\"\">Hautes-Pyr\u00e9n\u00e9es : orages<\/p>\n\n\n\n<p class=\"\">Sarthe : orages<\/p>\n\n\n\n<p class=\"\">Paris : orages<\/p>\n\n\n\n<p class=\"\">Seine-Maritime : orages<\/p>\n\n\n\n<p class=\"\">Yvelines : orages<\/p>\n\n\n\n<p class=\"\">Somme : orages<\/p>\n\n\n\n<p class=\"\">Tarn-et-Garonne : orages<\/p>\n\n\n\n<p class=\"\">Hauts-de-Seine : orages<\/p>\n\n\n\n<p class=\"\">Seine-St-Denis : orages<\/p>\n\n\n\n<p class=\"\">Val-de-Marne : orages<\/p>\n","protected":false},"excerpt":{"rendered":"<p>En fin d&rsquo;apr\u00e8s-midi et soir\u00e9e de ce vendredi 13 juin 2025, dans le sud-ouest et sur le nord-ouest notamment, des ph\u00e9nom\u00e8nes localement violents sont \u00e0 craindreDe l\u2019air tr\u00e8s (tr\u00e8s) chaud, devenant de plus en plus humide. Des\u00a0orages\u00a0potentiellement forts sont \u00e0 craindre ce vendredi 13 juin 2025 dans de nombreuses r\u00e9gions,\u00a0comme nous l\u2019expliquons dans cet article.Dans [&hellip;]<\/p>\n","protected":false},"author":2,"featured_media":35762,"comment_status":"open","ping_status":"open","sticky":false,"template":"","format":"standard","meta":{"_jetpack_memberships_contains_paid_content":false,"footnotes":"","jetpack_publicize_message":"","jetpack_publicize_feature_enabled":true,"jetpack_social_post_already_shared":true,"jetpack_social_options":{"image_generator_settings":{"template":"highway","default_image_id":0,"enabled":true,"token":"eyJpbWciOiJodHRwczpcL1wvd3d3LmljZWFnZXR2LmNvbVwvcmFkaW9zaXRlXC93cC1jb250ZW50XC91cGxvYWRzXC8yMDI1XC8wNlwvMjgtZGVwYXJ0ZW1lbnRzLWVuLVZpZ2lsYW5jZS1vcmFuZ2UuanBnIiwidHh0IjoiT3JhZ2VzIHZpb2xlbnRzIDogbGEgdmlnaWxhbmNlIG9yYW5nZSBlbmNvcmUgXHUwMGU5dGVuZHVlIGNlIHZlbmRyZWRpLCAyOSBkXHUwMGU5cGFydGVtZW50cyBjb25jZXJuXHUwMGU5cyIsInRlbXBsYXRlIjoiaGlnaHdheSIsImJsb2dfaWQiOjExMTAxNjQ2MX0.W9TJ0E3_VYrEMCe1B_rf8fAUSFI6rQLlV99o7PQ3hdsMQ"},"version":2},"_wpas_customize_per_network":false},"categories":[14],"tags":[],"class_list":["post-35761","post","type-post","status-publish","format-standard","has-post-thumbnail","hentry","category-actu-meteo"],"jetpack_publicize_connections":[],"jetpack_featured_media_url":"https:\/\/i0.wp.com\/www.iceagetv.com\/radiosite\/wp-content\/uploads\/2025\/06\/28-departements-en-Vigilance-orange.jpg?fit=488%2C271&ssl=1","jetpack_sharing_enabled":true,"_links":{"self":[{"href":"https:\/\/www.iceagetv.com\/radiosite\/wp-json\/wp\/v2\/posts\/35761","targetHints":{"allow":["GET"]}}],"collection":[{"href":"https:\/\/www.iceagetv.com\/radiosite\/wp-json\/wp\/v2\/posts"}],"about":[{"href":"https:\/\/www.iceagetv.com\/radiosite\/wp-json\/wp\/v2\/types\/post"}],"author":[{"embeddable":true,"href":"https:\/\/www.iceagetv.com\/radiosite\/wp-json\/wp\/v2\/users\/2"}],"replies":[{"embeddable":true,"href":"https:\/\/www.iceagetv.com\/radiosite\/wp-json\/wp\/v2\/comments?post=35761"}],"version-history":[{"count":1,"href":"https:\/\/www.iceagetv.com\/radiosite\/wp-json\/wp\/v2\/posts\/35761\/revisions"}],"predecessor-version":[{"id":35763,"href":"https:\/\/www.iceagetv.com\/radiosite\/wp-json\/wp\/v2\/posts\/35761\/revisions\/35763"}],"wp:featuredmedia":[{"embeddable":true,"href":"https:\/\/www.iceagetv.com\/radiosite\/wp-json\/wp\/v2\/media\/35762"}],"wp:attachment":[{"href":"https:\/\/www.iceagetv.com\/radiosite\/wp-json\/wp\/v2\/media?parent=35761"}],"wp:term":[{"taxonomy":"category","embeddable":true,"href":"https:\/\/www.iceagetv.com\/radiosite\/wp-json\/wp\/v2\/categories?post=35761"},{"taxonomy":"post_tag","embeddable":true,"href":"https:\/\/www.iceagetv.com\/radiosite\/wp-json\/wp\/v2\/tags?post=35761"}],"curies":[{"name":"wp","href":"https:\/\/api.w.org\/{rel}","templated":true}]}}