{"id":35765,"date":"2025-06-13T17:51:34","date_gmt":"2025-06-13T15:51:34","guid":{"rendered":"https:\/\/www.iceagetv.com\/radiosite\/?p=35765"},"modified":"2025-06-13T17:51:38","modified_gmt":"2025-06-13T15:51:38","slug":"cote-dor-le-departement-place-en-vigilance-secheresse-la-population-invitee-a-economiser-leau","status":"publish","type":"post","link":"https:\/\/www.iceagetv.com\/radiosite\/cote-dor-le-departement-place-en-vigilance-secheresse-la-population-invitee-a-economiser-leau\/","title":{"rendered":"C\u00f4te-d&rsquo;Or\u00a0: le d\u00e9partement plac\u00e9 en vigilance s\u00e9cheresse, la population invit\u00e9e \u00e0 \u00e9conomiser l&rsquo;eau"},"content":{"rendered":"\n<p class=\"\">Le d\u00e9partement de la C\u00f4te-d&rsquo;Or est plac\u00e9 en vigilance s\u00e9cheresse par la pr\u00e9fecture, \u00e0 partir du vendredi 13 juin. En cause, les pluies insuffisantes depuis le d\u00e9but d&rsquo;ann\u00e9e, qui n&rsquo;ont pas assez recharg\u00e9 les nappes phr\u00e9atiques. La population est invit\u00e9e \u00e0 \u00e9conomiser l&rsquo;eau.<\/p>\n\n\n\n<p class=\"\">Malgr\u00e9 des pluies localis\u00e9es ces derniers jours,\u00a0<strong>tout le<\/strong>\u00a0<strong>d\u00e9partement de la C\u00f4te-d&rsquo;Or est plac\u00e9 en vigilance s\u00e9cheresse<\/strong>. La pr\u00e9fecture a sign\u00e9 un arr\u00eat\u00e9 pr\u00e9fectoral en ce sens, qui d\u00e9bute vendredi 13 juin.\u00a0<em>\u00ab\u00a0La\u00a0situation de la ressource en eau devient pr\u00e9occupante\u00a0\u00bb<\/em>, indique la pr\u00e9fecture dans un communiqu\u00e9. En cause,\u00a0<strong>des pluies hivernales insuffisantes depuis le d\u00e9but de l&rsquo;ann\u00e9e<\/strong>, qui ont notamment entra\u00een\u00e9\u00a0<em>\u00ab\u00a0une baisse des d\u00e9bits des cours d&rsquo;eau du d\u00e9partement\u00a0\u00bb<\/em>. Le premier seuil de vigilance a \u00e9t\u00e9 franchi, mais\u00a0<strong>l&rsquo;utilisation de l&rsquo;eau n&rsquo;est pour l&rsquo;instant pas restreinte dans le d\u00e9partement<\/strong>.La population invit\u00e9e \u00e0 \u00e9conomiser l&rsquo;eau<\/p>\n\n\n\n<p class=\"\">La pr\u00e9fecture invite fortement la population \u00e0&nbsp;<strong>adopter des gestes pour \u00e9conomiser les ressources en eau<\/strong>&nbsp;: ne pas faire tourner son lave-linge ou lave-vaisselle \u00e0 moiti\u00e9 vide, recueillir l&rsquo;eau de pluie pour arroser ses espaces verts, ne pas laisser couler l&rsquo;eau en permanence au robinet.<\/p>\n\n\n\n<p class=\"\"><strong>Pour \u00eatre inform\u00e9 en temps r\u00e9el des restrictions et des alertes en vigueur<\/strong>&nbsp;dans le d\u00e9partement, la pr\u00e9fecture de la C\u00f4te-d&rsquo;Or invite les citoyens \u00e0 utiliser&nbsp;<a target=\"_blank\" rel=\"noreferrer noopener\" href=\"https:\/\/vigieau.gouv.fr\/\">la plateforme VigiEau<\/a>.<\/p>\n","protected":false},"excerpt":{"rendered":"<p>Le d\u00e9partement de la C\u00f4te-d&rsquo;Or est plac\u00e9 en vigilance s\u00e9cheresse par la pr\u00e9fecture, \u00e0 partir du vendredi 13 juin. En cause, les pluies insuffisantes depuis le d\u00e9but d&rsquo;ann\u00e9e, qui n&rsquo;ont pas assez recharg\u00e9 les nappes phr\u00e9atiques. La population est invit\u00e9e \u00e0 \u00e9conomiser l&rsquo;eau. Malgr\u00e9 des pluies localis\u00e9es ces derniers jours,\u00a0tout le\u00a0d\u00e9partement de la C\u00f4te-d&rsquo;Or est [&hellip;]<\/p>\n","protected":false},"author":2,"featured_media":35767,"comment_status":"open","ping_status":"open","sticky":false,"template":"","format":"standard","meta":{"_jetpack_memberships_contains_paid_content":false,"footnotes":"","jetpack_publicize_message":"","jetpack_publicize_feature_enabled":true,"jetpack_social_post_already_shared":true,"jetpack_social_options":{"image_generator_settings":{"template":"highway","default_image_id":0,"enabled":true,"token":"eyJpbWciOiJodHRwczpcL1wvd3d3LmljZWFnZXR2LmNvbVwvcmFkaW9zaXRlXC93cC1jb250ZW50XC91cGxvYWRzXC8yMDI1XC8wNlwvQ290ZS1kT3IuanBnIiwidHh0IjoiQ1x1MDBmNHRlLWQmIzgyMTc7T3JcdTAwYTA6IGxlIGRcdTAwZTlwYXJ0ZW1lbnQgcGxhY1x1MDBlOSBlbiB2aWdpbGFuY2Ugc1x1MDBlOWNoZXJlc3NlLCBsYSBwb3B1bGF0aW9uIGludml0XHUwMGU5ZSBcdTAwZTAgXHUwMGU5Y29ub21pc2VyIGwmIzgyMTc7ZWF1IiwidGVtcGxhdGUiOiJoaWdod2F5IiwiYmxvZ19pZCI6MTExMDE2NDYxfQ.utW6-pFmfGoV2gjpv3AHvgUJKeErbAcCMxBOhleXgKIMQ"},"version":2},"_wpas_customize_per_network":false},"categories":[17],"tags":[],"class_list":["post-35765","post","type-post","status-publish","format-standard","has-post-thumbnail","hentry","category-actu-regions"],"jetpack_publicize_connections":[],"jetpack_featured_media_url":"https:\/\/i0.wp.com\/www.iceagetv.com\/radiosite\/wp-content\/uploads\/2025\/06\/Cote-dOr.jpg?fit=640%2C302&ssl=1","jetpack_sharing_enabled":true,"_links":{"self":[{"href":"https:\/\/www.iceagetv.com\/radiosite\/wp-json\/wp\/v2\/posts\/35765","targetHints":{"allow":["GET"]}}],"collection":[{"href":"https:\/\/www.iceagetv.com\/radiosite\/wp-json\/wp\/v2\/posts"}],"about":[{"href":"https:\/\/www.iceagetv.com\/radiosite\/wp-json\/wp\/v2\/types\/post"}],"author":[{"embeddable":true,"href":"https:\/\/www.iceagetv.com\/radiosite\/wp-json\/wp\/v2\/users\/2"}],"replies":[{"embeddable":true,"href":"https:\/\/www.iceagetv.com\/radiosite\/wp-json\/wp\/v2\/comments?post=35765"}],"version-history":[{"count":1,"href":"https:\/\/www.iceagetv.com\/radiosite\/wp-json\/wp\/v2\/posts\/35765\/revisions"}],"predecessor-version":[{"id":35768,"href":"https:\/\/www.iceagetv.com\/radiosite\/wp-json\/wp\/v2\/posts\/35765\/revisions\/35768"}],"wp:featuredmedia":[{"embeddable":true,"href":"https:\/\/www.iceagetv.com\/radiosite\/wp-json\/wp\/v2\/media\/35767"}],"wp:attachment":[{"href":"https:\/\/www.iceagetv.com\/radiosite\/wp-json\/wp\/v2\/media?parent=35765"}],"wp:term":[{"taxonomy":"category","embeddable":true,"href":"https:\/\/www.iceagetv.com\/radiosite\/wp-json\/wp\/v2\/categories?post=35765"},{"taxonomy":"post_tag","embeddable":true,"href":"https:\/\/www.iceagetv.com\/radiosite\/wp-json\/wp\/v2\/tags?post=35765"}],"curies":[{"name":"wp","href":"https:\/\/api.w.org\/{rel}","templated":true}]}}