{"id":35774,"date":"2025-06-14T11:44:49","date_gmt":"2025-06-14T09:44:49","guid":{"rendered":"https:\/\/www.iceagetv.com\/radiosite\/?p=35774"},"modified":"2025-06-14T11:44:53","modified_gmt":"2025-06-14T09:44:53","slug":"un-mort-une-femme-dans-un-etat-grave-plus-de-30-000-eclairs-le-bilan-des-orages-impressionnants-salourdit","status":"publish","type":"post","link":"https:\/\/www.iceagetv.com\/radiosite\/un-mort-une-femme-dans-un-etat-grave-plus-de-30-000-eclairs-le-bilan-des-orages-impressionnants-salourdit\/","title":{"rendered":"Un mort, une femme dans un \u00e9tat grave, plus de 30 000 \u00e9clairs\u2026 le bilan des orages impressionnants s&rsquo;alourdit"},"content":{"rendered":"\n<p class=\"\">Orages, gr\u00eale et rafales, c\u2019est le&nbsp;<a href=\"https:\/\/actu.fr\/meteo\/un-cocktail-explosif-des-orages-parfois-tres-violents-prevus-partout-en-france-cette-semaine-voici-ou_62755850.html\">\u00ab\u2009cocktail explosif\u2009\u00bb<\/a>&nbsp;de la m\u00e9t\u00e9o de ce vendredi 13&nbsp;juin, comme l\u2019a d\u00e9crit le m\u00e9t\u00e9orologue Yann Amice dans un pr\u00e9c\u00e9dent article.<\/p>\n\n\n\n<p class=\"\">Alors que cette journ\u00e9e \u00e9tait la plus chaude de la semaine, deux d\u00e9gradations orageuses ont touch\u00e9 la France depuis la fin d\u2019apr\u00e8s-midi\u2009: l\u2019une qui est arriv\u00e9e par la Bretagne et a impact\u00e9 le nord-ouest du pays, l\u2019autre, remont\u00e9e d\u2019Espagne et qui a touch\u00e9 le sud-ouest.<\/p>\n\n\n\n<p class=\"\">Des orages d\u00e9j\u00e0 violents, avec des risques de tornade, comme nous l\u2019avions \u00e9crit dans un&nbsp;<a href=\"https:\/\/actu.fr\/meteo\/un-risque-important-avec-les-orages-des-tornades-pourraient-frapper-la-france-ce-vendredi-voici-ou_62766832.html\">pr\u00e9c\u00e9dent article,&nbsp;<\/a>&nbsp;sont survenus dans le pays. La m\u00e9t\u00e9o tr\u00e8s instable a cr\u00e9\u00e9 perturbations et d\u00e9g\u00e2ts dans de nombreux d\u00e9partements. Le bilan est plus lourd encore dans les Yvelines, o\u00f9 les orages ont caus\u00e9&nbsp;<strong>un mort.<\/strong><\/p>\n\n\n\n<h2 class=\"wp-block-heading\">Un mort dans les Yvelines<\/h2>\n\n\n\n<p class=\"\">Selon une information de&nbsp;<em>BFMTV<\/em>,<a href=\"https:\/\/actu.fr\/ile-de-france\/grandchamp_78283\/orage-dans-les-yvelines-un-homme-tue-par-la-chute-dun-arbre-sur-un-pavillon-de-chasse_62773361.html\">&nbsp;confirm\u00e9e par notre r\u00e9daction&nbsp;<em>78 actu<\/em><\/a><em>,<\/em>&nbsp;un homme de 68 ans est mort dans les Yvelines, \u00e0 Grandchamp, apr\u00e8s avoir \u00e9t\u00e9 frapp\u00e9 par la foudre dans un pavillon de chasse dans lequel il s\u2019\u00e9tait r\u00e9fugi\u00e9 avec deux autres personnes. Un arbre est tomb\u00e9 sur la cabane, tuant l\u2019homme sur le coup, vers 22 heures,&nbsp;<a href=\"https:\/\/www.francebleu.fr\/infos\/faits-divers-justice\/orages-un-homme-de-68-ans-est-mort-dans-un-pavillon-de-chasse-dans-les-yvelines-7944906\">confirme \u00e9galement&nbsp;<em>Ici<\/em>.<\/a><\/p>\n\n\n\n<p class=\"\">Par ailleurs, \u00e0 Paris, une femme est dans un \u00e9tat grave apr\u00e8s la chute d\u2019une branche d\u2019arbre,&nbsp;<a href=\"https:\/\/actu.fr\/ile-de-france\/paris_75056\/orages-a-paris-une-femme-gravement-blessee-apres-la-chute-d-une-branche-d-arbre-frappe-par-la-foudre_62773338.html\">rapporte notre r\u00e9daction locale.&nbsp;<\/a>La victime, qui passait la soir\u00e9e avec des amis quand la foudre a frapp\u00e9 l\u2019arbre sous lequel elle se trouvait, a \u00e9t\u00e9 plong\u00e9e dans le coma.<\/p>\n\n\n\n<h2 class=\"wp-block-heading\">Des \u00ab&nbsp;dizaines de milliers&nbsp;\u00bb d\u2019\u00e9clairs<\/h2>\n\n\n\n<p class=\"\">En tout, pas moins de 30 291 \u00e9clairs ont \u00e9t\u00e9 d\u00e9tect\u00e9s en France entre vendredi minuit et samedi 6h30, selon Guillaume S\u00e9chet, fondateur du site m\u00e9t\u00e9o-villes.com.Hier, c&rsquo;est le d\u00e9partement de l&rsquo;Eure qui a \u00e9t\u00e9 le plus touch\u00e9 avec 4326 \u00e9clairs, mais localement Tremblay-les-villages (28) avec 78 \u00e9clairs ! La nuit derni\u00e8re, c&rsquo;est le Pas-de-Calais avec 566 \u00e9clairs, mais localement Saint-L\u00e9ger-en-Yvelines (78) avec 29 \u00e9clairs.D\u00e9g\u00e2ts en Normandie<\/p>\n\n\n\n<p class=\"\">Une supercellule, un type particulier d\u2019orage qui est associ\u00e9 avec des ph\u00e9nom\u00e8nes violents, particuli\u00e8rement impressionnante, a \u00e9t\u00e9 aper\u00e7ue en Seine-Maritime. Hier soir, l\u2019observatoire fran\u00e7ais des orages Keraunos a d\u00e9crit un syst\u00e8me orageux \u00ab\u00a0plus lin\u00e9aire\u00a0\u00bb qui s\u2019est organis\u00e9 \u00e0 l\u2019ouest du bassin parisien avec de violentes rafales :\u00a0<strong>123 km\/h \u00e0 Rouen<\/strong>-Boos et 102 km\/h \u00e0 Chartres-ChampfolAilleurs en France, dans la r\u00e9gion de Chartres, &nbsp;95 interventions des pompiers ont \u00e9t\u00e9 recens\u00e9es, et une maison a \u00e9t\u00e9 d\u00e9truite par la foudre en Eure-et-Loir, comme l\u2019explique notre r\u00e9daction locale<em>&nbsp;actu Chartres<\/em>&nbsp;<a href=\"https:\/\/actu.fr\/faits-divers\/orages-violents-95-interventions-des-pompiers-une-maison-detruite-par-la-foudre-en-eure-et-loir_62773175.html\">dans cet article.<\/a><\/p>\n\n\n\n<p class=\"\">Et en effet,&nbsp;<a href=\"https:\/\/www.keraunos.org\/previsions\/prevision-orage-tornade-france-convective-outlook.html\">dans son bulletin, Keraunos<\/a>&nbsp;a d\u00e9crit une activit\u00e9 orageuse s\u00e9v\u00e8re pour hier soir, accompagn\u00e9e de gros gr\u00ealons.<\/p>\n\n\n\n<h2 class=\"wp-block-heading\">Le trafic a\u00e9rien perturb\u00e9 \u00e0 Paris<\/h2>\n\n\n\n<p class=\"\">L\u2019aviation civile fran\u00e7aise avait demand\u00e9 aux compagnies a\u00e9riennes de r\u00e9duire de 20\u2009% leur programme de vols vendredi soir \u00e0 l\u2019a\u00e9roport parisien d\u2019Orly, pour limiter d\u2019\u00e9ventuelles perturbations li\u00e9es \u00e0 l\u2019\u00e9pisode orageux annonc\u00e9,&nbsp;<a href=\"https:\/\/actu.fr\/ile-de-france\/orly_94054\/orages-violents-attendus-autour-de-paris-l-aeroport-d-orly-doit-reduire-ses-vols-de-20_62772668.html\">rapportent nos confr\u00e8res d\u2019<em>actu Paris<\/em><\/a>.<\/p>\n\n\n\n<p class=\"\">\u00ab\u2009Afin de limiter les perturbations du trafic a\u00e9rien, la Direction g\u00e9n\u00e9rale de l\u2019Aviation civile (DGAC) demande aux compagnies a\u00e9riennes de r\u00e9duire leur programme de vols de 20\u2009% sur l\u2019a\u00e9roport de Paris-Orly \u00e0 partir de 18\u2009h\u200900 (16\u2009h\u200900 GMT) jusqu\u2019\u00e0 24\u2009h\u200900 (22\u2009h\u200900 GMT)\u2009\u00bb, a indiqu\u00e9 la DGAC dans un communiqu\u00e9.<\/p>\n\n\n\n<p class=\"\">Elle n\u2019a en revanche pas mentionn\u00e9 de r\u00e9duction des vols pour l\u2019a\u00e9roport de Roissy, situ\u00e9 au nord de la capitale.<\/p>\n\n\n\n<h2 class=\"wp-block-heading\">Une route inond\u00e9e dans le Morbihan<\/h2>\n\n\n\n<p class=\"\">Le violent orage qui a frapp\u00e9 le golfe du Morbihan en fin d\u2019apr\u00e8s midi a inond\u00e9 la route nationale 165,&nbsp;<a href=\"https:\/\/actu.fr\/bretagne\/ploeren_56164\/violents-orages-dans-le-morbihan-une-route-a-110-km-h-inondee-des-bouchons-se-forment_62772513.html\">indiquent nos confr\u00e8res d\u2019<em>actu Morbihan<\/em><\/a>.<\/p>\n\n\n\n<p class=\"\">La circulation se fait sur une seule voie, et des bouchons se sont form\u00e9s \u00e0 Ploeren. Dans l\u2019autre sens, sur la voie express de Vannes, un bouchon de 3&nbsp;km \u00e9tait en cours \u00e0 18\u2009h\u200945.<\/p>\n\n\n\n<h2 class=\"wp-block-heading\">Un spectaculaire arcus dans le ciel rennais<\/h2>\n\n\n\n<p class=\"\">\u00c0 Rennes (Ille-et-Vilaine),&nbsp;<a href=\"https:\/\/actu.fr\/bretagne\/rennes_35238\/un-petit-air-apocalyptique-c-est-quoi-ce-gros-nuage-observe-dans-le-ciel-a-rennes_62773340.html\">un impressionnant arcus s\u2019est form\u00e9 dans le ciel.<\/a>&nbsp;Ce type de nuages pr\u00e9c\u00e8de g\u00e9n\u00e9ralement les forts \u00e9pisodes orageux.<\/p>\n\n\n\n<p class=\"\">En forme de rouleaux horizontaux, l\u2019arcus annonce les cumulonimbus o\u00f9 se concentrent l\u2019activit\u00e9 \u00e9lectrique et les pr\u00e9cipitations.<\/p>\n","protected":false},"excerpt":{"rendered":"<p>Orages, gr\u00eale et rafales, c\u2019est le&nbsp;\u00ab\u2009cocktail explosif\u2009\u00bb&nbsp;de la m\u00e9t\u00e9o de ce vendredi 13&nbsp;juin, comme l\u2019a d\u00e9crit le m\u00e9t\u00e9orologue Yann Amice dans un pr\u00e9c\u00e9dent article. Alors que cette journ\u00e9e \u00e9tait la plus chaude de la semaine, deux d\u00e9gradations orageuses ont touch\u00e9 la France depuis la fin d\u2019apr\u00e8s-midi\u2009: l\u2019une qui est arriv\u00e9e par la Bretagne et a [&hellip;]<\/p>\n","protected":false},"author":2,"featured_media":35775,"comment_status":"open","ping_status":"open","sticky":false,"template":"","format":"standard","meta":{"_jetpack_memberships_contains_paid_content":false,"footnotes":"","jetpack_publicize_message":"","jetpack_publicize_feature_enabled":true,"jetpack_social_post_already_shared":true,"jetpack_social_options":{"image_generator_settings":{"template":"highway","default_image_id":0,"enabled":true,"token":"eyJpbWciOiJodHRwczpcL1wvd3d3LmljZWFnZXR2LmNvbVwvcmFkaW9zaXRlXC93cC1jb250ZW50XC91cGxvYWRzXC8yMDI1XC8wNlwvbGUtYmlsYW4tZGVzLW9yYWdlcy1pbXByZXNzaW9ubmFudHMtc2Fsb3VyZGl0LmpwZyIsInR4dCI6IlVuIG1vcnQsIHVuZSBmZW1tZSBkYW5zIHVuIFx1MDBlOXRhdCBncmF2ZSwgcGx1cyBkZSAzMCAwMDAgXHUwMGU5Y2xhaXJzXHUyMDI2IGxlIGJpbGFuIGRlcyBvcmFnZXMgaW1wcmVzc2lvbm5hbnRzIHMmIzgyMTc7YWxvdXJkaXQiLCJ0ZW1wbGF0ZSI6ImhpZ2h3YXkiLCJibG9nX2lkIjoxMTEwMTY0NjF9.OilsNhfDxP48Ci8yZoa5sVHiel8uZTdPi7UEvf92OeYMQ"},"version":2},"_wpas_customize_per_network":false},"categories":[14],"tags":[],"class_list":["post-35774","post","type-post","status-publish","format-standard","has-post-thumbnail","hentry","category-actu-meteo"],"jetpack_publicize_connections":[],"jetpack_featured_media_url":"https:\/\/i0.wp.com\/www.iceagetv.com\/radiosite\/wp-content\/uploads\/2025\/06\/le-bilan-des-orages-impressionnants-salourdit.jpg?fit=739%2C476&ssl=1","jetpack_sharing_enabled":true,"_links":{"self":[{"href":"https:\/\/www.iceagetv.com\/radiosite\/wp-json\/wp\/v2\/posts\/35774","targetHints":{"allow":["GET"]}}],"collection":[{"href":"https:\/\/www.iceagetv.com\/radiosite\/wp-json\/wp\/v2\/posts"}],"about":[{"href":"https:\/\/www.iceagetv.com\/radiosite\/wp-json\/wp\/v2\/types\/post"}],"author":[{"embeddable":true,"href":"https:\/\/www.iceagetv.com\/radiosite\/wp-json\/wp\/v2\/users\/2"}],"replies":[{"embeddable":true,"href":"https:\/\/www.iceagetv.com\/radiosite\/wp-json\/wp\/v2\/comments?post=35774"}],"version-history":[{"count":1,"href":"https:\/\/www.iceagetv.com\/radiosite\/wp-json\/wp\/v2\/posts\/35774\/revisions"}],"predecessor-version":[{"id":35776,"href":"https:\/\/www.iceagetv.com\/radiosite\/wp-json\/wp\/v2\/posts\/35774\/revisions\/35776"}],"wp:featuredmedia":[{"embeddable":true,"href":"https:\/\/www.iceagetv.com\/radiosite\/wp-json\/wp\/v2\/media\/35775"}],"wp:attachment":[{"href":"https:\/\/www.iceagetv.com\/radiosite\/wp-json\/wp\/v2\/media?parent=35774"}],"wp:term":[{"taxonomy":"category","embeddable":true,"href":"https:\/\/www.iceagetv.com\/radiosite\/wp-json\/wp\/v2\/categories?post=35774"},{"taxonomy":"post_tag","embeddable":true,"href":"https:\/\/www.iceagetv.com\/radiosite\/wp-json\/wp\/v2\/tags?post=35774"}],"curies":[{"name":"wp","href":"https:\/\/api.w.org\/{rel}","templated":true}]}}