{"id":35799,"date":"2025-06-15T08:14:12","date_gmt":"2025-06-15T06:14:12","guid":{"rendered":"https:\/\/www.iceagetv.com\/radiosite\/?p=35799"},"modified":"2025-06-15T08:14:16","modified_gmt":"2025-06-15T06:14:16","slug":"echange-de-tirs-entre-israel-et-liran-au-moins-huit-morts-et-130-blesses-dans-letat-hebreu","status":"publish","type":"post","link":"https:\/\/www.iceagetv.com\/radiosite\/echange-de-tirs-entre-israel-et-liran-au-moins-huit-morts-et-130-blesses-dans-letat-hebreu\/","title":{"rendered":"Echange de tirs entre Isra\u00ebl et l&rsquo;Iran : au moins huit morts et 130 bless\u00e9s dans l&rsquo;Etat h\u00e9breu"},"content":{"rendered":"\n<p class=\"\">La situation reste tendue au Moyen-Orient, ce dimanche 15&nbsp;juin 2025, troisi\u00e8me jour de conflit entre Isra\u00ebl et l\u2019Iran, au lendemain de&nbsp;<a href=\"https:\/\/actu.fr\/monde\/conflit-israel-iran-l-armee-israelienne-lance-actuellement-de-nouvelles-attaques-sur-l-iran_62773908.html\">nouvelles frappes isra\u00e9liennes meurtri\u00e8res<\/a>&nbsp;sur l\u2019Iran.<\/p>\n\n\n\n<p class=\"\">Le Premier ministre,<strong>&nbsp;Benyamin Netanyahou<\/strong>, a d\u00e9clar\u00e9 qu\u2019Isra\u00ebl va frapper \u00ab\u2009tous les sites du r\u00e9gime\u2009\u00bb.<\/p>\n\n\n\n<p class=\"\">\u00ab\u2009La poursuite de l\u2019agression sioniste entra\u00eenera\u00a0<strong>une riposte plus forte et plus virulente<\/strong>\u00a0de la part des forces arm\u00e9es iraniennes\u2009\u00bb, a d\u00e9clar\u00e9 le pr\u00e9sident iranien Masoud Pezeshkian lors d\u2019un appel avec le Premier ministre pakistanais Shehbaz Sharif, rapport\u00e9 par la pr\u00e9sidence iranienne.Donald Trump pr\u00e9vient l\u2019Iran<\/p>\n\n\n\n<p class=\"\">Donald Trump a pr\u00e9venu ce dimanche 15 juin l\u2019Iran que l\u2019arm\u00e9e am\u00e9ricaine r\u00e9pliquerait avec \u00ab\u00a0toute sa force\u00a0\u00bb s\u2019il attaquait les \u00c9tats-Unis, r\u00e9affirmant sur sa plateforme Truth Social que Washington \u00ab\u00a0n\u2019avait rien \u00e0 voir\u00a0\u00bb avec les attaques isra\u00e9liennes en cours contre T\u00e9h\u00e9ran.Nous pouvons facilement parvenir \u00e0 un accord entre l\u2019Iran et Isra\u00ebl et mettre fin \u00e0 ce conflit sanglant !&nbsp;\u00bb, a par ailleurs ajout\u00e9 le pr\u00e9sident am\u00e9ricain, qui avait d\u00e9clar\u00e9 \u00eatre au courant de l\u2019op\u00e9ration isra\u00e9lienne avant qu\u2019elle ne commence t\u00f4t vendredi.<\/p>\n\n\n\n<h2 class=\"wp-block-heading\">8 morts dans de nouvelles frappes<\/h2>\n\n\n\n<p class=\"\">Isra\u00ebl a men\u00e9 ce dimanche 15 juin 2025 de nouvelles frappes visant le programme nucl\u00e9aire de l\u2019Iran qui a ripost\u00e9 par des tirs de missiles faisant au moins&nbsp;<strong>huit morts sur le territoire isra\u00e9lien,<\/strong>&nbsp;au troisi\u00e8me jour d\u2019une escalade militaire sans pr\u00e9c\u00e9dent entre les deux pays ennemis.<\/p>\n\n\n\n<p class=\"\">Le Premier ministre isra\u00e9lien Benjamin Netanyahu a dit vouloir frapper \u00ab&nbsp;tous les sites du r\u00e9gime&nbsp;\u00bb dans le cadre de son attaque contre la R\u00e9publique islamique, d\u00e9clench\u00e9e vendredi matin avec l\u2019objectif de l\u2019emp\u00eacher d\u2019obtenir l\u2019arme nucl\u00e9aire.<\/p>\n\n\n\n<p class=\"\">Dimanche matin, l\u2019arm\u00e9e isra\u00e9lienne a indiqu\u00e9 avoir vis\u00e9 des cibles \u00ab&nbsp;li\u00e9es au projet d\u2019armes nucl\u00e9aires&nbsp;du r\u00e9gime iranien&nbsp;\u00bb, citant notamment le minist\u00e8re de la D\u00e9fense et le si\u00e8ge de l\u2019Organisation d\u2019innovation et de recherche d\u00e9fensives, \u00e9galement connue sous son acronyme persan, SPND. Plusieurs d\u00e9tonations ont \u00e9t\u00e9 entendues dans la capitale par les journalistes de&nbsp;<em>l\u2019AFP<\/em>.<\/p>\n\n\n\n<h2 class=\"wp-block-heading\">\u00ab&nbsp;T\u00e9h\u00e9ran br\u00fble&nbsp;\u00bb<\/h2>\n\n\n\n<p class=\"\">Selon l\u2019agence de presse iranienne Tasnim, un des b\u00e2timents du minist\u00e8re a \u00e9t\u00e9 \u00ab&nbsp;l\u00e9g\u00e8rement endommag\u00e9&nbsp;\u00bb.<\/p>\n\n\n\n<p class=\"\">Deux d\u00e9p\u00f4ts de carburant ont \u00e9galement \u00e9t\u00e9 frapp\u00e9s. \u00ab&nbsp;Le d\u00e9p\u00f4t p\u00e9trolier de Shahran (dans le nord-ouest de T\u00e9h\u00e9ran) ainsi qu\u2019un autre r\u00e9servoir au sud (de la ville) ont \u00e9t\u00e9 pris pour cible par le r\u00e9gime sioniste&nbsp;\u00bb, a indiqu\u00e9 le minist\u00e8re du P\u00e9trole dans la nuit. Le d\u00e9p\u00f4t de Shahran \u00e9tait la proie des flammes, selon un journaliste de&nbsp;<em>l\u2019AFP<\/em>.<\/p>\n\n\n\n<p class=\"\">\u00ab&nbsp;T\u00e9h\u00e9ran br\u00fble&nbsp;\u00bb, a comment\u00e9 dimanche matin sur X le ministre isra\u00e9lien de la D\u00e9fense, Isra\u00ebl Katz.<\/p>\n\n\n\n<h2 class=\"wp-block-heading\">\u00ab\u2009Un dangereux cycle de violence\u2009\u00bb<\/h2>\n\n\n\n<p class=\"\">\u00ab\u2009Cette agression pousse la r\u00e9gion dans un dangereux cycle de violence\u2009\u00bb, a estim\u00e9 le chef de la diplomatie Abbas Araghchi lors d\u2019un appel avec son homologue chinois, Wang Yi.<\/p>\n\n\n\n<p class=\"\">\u00ab\u2009L\u2019Iran a r\u00e9pondu et r\u00e9pondra de mani\u00e8re ferme aux actions barbares du r\u00e9gime sioniste\u2009\u00bb, a d\u00e9clar\u00e9 M. Araghchi, selon des propos rapport\u00e9s par son minist\u00e8re.<\/p>\n\n\n\n<p class=\"\">Et alors que des pourparlers entre l\u2019Iran et les \u00c9tats-Unis devaient avoir lieu \u00e0 Oman ce dimanche sur le programme nucl\u00e9aire, ceux-ci n\u2019auront pas lieu.<\/p>\n\n\n\n<h2 class=\"wp-block-heading\">Des dizaines de morts<\/h2>\n\n\n\n<p class=\"\">Cinq Gardiens de la R\u00e9volution dans le nord-ouest de l\u2019Iran, plus de 20 commandants dans la haute hi\u00e9rarchie des forces de s\u00e9curit\u00e9 iraniennes, deux personnes dans une ambulance\u2026 Le bilan humain des attaques isra\u00e9liennes sur l\u2019Iran, samedi 14&nbsp;juin, est relativement lourd<\/p>\n","protected":false},"excerpt":{"rendered":"<p>La situation reste tendue au Moyen-Orient, ce dimanche 15&nbsp;juin 2025, troisi\u00e8me jour de conflit entre Isra\u00ebl et l\u2019Iran, au lendemain de&nbsp;nouvelles frappes isra\u00e9liennes meurtri\u00e8res&nbsp;sur l\u2019Iran. Le Premier ministre,&nbsp;Benyamin Netanyahou, a d\u00e9clar\u00e9 qu\u2019Isra\u00ebl va frapper \u00ab\u2009tous les sites du r\u00e9gime\u2009\u00bb. \u00ab\u2009La poursuite de l\u2019agression sioniste entra\u00eenera\u00a0une riposte plus forte et plus virulente\u00a0de la part des forces [&hellip;]<\/p>\n","protected":false},"author":2,"featured_media":35800,"comment_status":"open","ping_status":"open","sticky":false,"template":"","format":"standard","meta":{"_jetpack_memberships_contains_paid_content":false,"footnotes":"","jetpack_publicize_message":"","jetpack_publicize_feature_enabled":true,"jetpack_social_post_already_shared":true,"jetpack_social_options":{"image_generator_settings":{"template":"highway","default_image_id":0,"enabled":true,"token":"eyJpbWciOiJodHRwczpcL1wvd3d3LmljZWFnZXR2LmNvbVwvcmFkaW9zaXRlXC93cC1jb250ZW50XC91cGxvYWRzXC8yMDI1XC8wNlwvMDg1YmE2ZjctODNmZS0zMGI3LTgzMTgtYmQ3ZGFmNTczY2RiLTk2MHg2NDAtMS5qcGVnIiwidHh0IjoiRWNoYW5nZSBkZSB0aXJzIGVudHJlIElzcmFcdTAwZWJsIGV0IGwmIzgyMTc7SXJhbiA6IGF1IG1vaW5zIGh1aXQgbW9ydHMgZXQgMTMwIGJsZXNzXHUwMGU5cyBkYW5zIGwmIzgyMTc7RXRhdCBoXHUwMGU5YnJldSIsInRlbXBsYXRlIjoiaGlnaHdheSIsImJsb2dfaWQiOjExMTAxNjQ2MX0.UCnDFN3UnVHFGuK4_JZV9TO39lzb01ztGyMmBYdvGtEMQ"},"version":2},"_wpas_customize_per_network":false},"categories":[405],"tags":[],"class_list":["post-35799","post","type-post","status-publish","format-standard","has-post-thumbnail","hentry","category-actu-france-monde"],"jetpack_publicize_connections":[],"jetpack_featured_media_url":"https:\/\/i0.wp.com\/www.iceagetv.com\/radiosite\/wp-content\/uploads\/2025\/06\/085ba6f7-83fe-30b7-8318-bd7daf573cdb-960x640-1.jpeg?fit=960%2C640&ssl=1","jetpack_sharing_enabled":true,"_links":{"self":[{"href":"https:\/\/www.iceagetv.com\/radiosite\/wp-json\/wp\/v2\/posts\/35799","targetHints":{"allow":["GET"]}}],"collection":[{"href":"https:\/\/www.iceagetv.com\/radiosite\/wp-json\/wp\/v2\/posts"}],"about":[{"href":"https:\/\/www.iceagetv.com\/radiosite\/wp-json\/wp\/v2\/types\/post"}],"author":[{"embeddable":true,"href":"https:\/\/www.iceagetv.com\/radiosite\/wp-json\/wp\/v2\/users\/2"}],"replies":[{"embeddable":true,"href":"https:\/\/www.iceagetv.com\/radiosite\/wp-json\/wp\/v2\/comments?post=35799"}],"version-history":[{"count":1,"href":"https:\/\/www.iceagetv.com\/radiosite\/wp-json\/wp\/v2\/posts\/35799\/revisions"}],"predecessor-version":[{"id":35801,"href":"https:\/\/www.iceagetv.com\/radiosite\/wp-json\/wp\/v2\/posts\/35799\/revisions\/35801"}],"wp:featuredmedia":[{"embeddable":true,"href":"https:\/\/www.iceagetv.com\/radiosite\/wp-json\/wp\/v2\/media\/35800"}],"wp:attachment":[{"href":"https:\/\/www.iceagetv.com\/radiosite\/wp-json\/wp\/v2\/media?parent=35799"}],"wp:term":[{"taxonomy":"category","embeddable":true,"href":"https:\/\/www.iceagetv.com\/radiosite\/wp-json\/wp\/v2\/categories?post=35799"},{"taxonomy":"post_tag","embeddable":true,"href":"https:\/\/www.iceagetv.com\/radiosite\/wp-json\/wp\/v2\/tags?post=35799"}],"curies":[{"name":"wp","href":"https:\/\/api.w.org\/{rel}","templated":true}]}}