{"id":35833,"date":"2025-06-16T20:56:37","date_gmt":"2025-06-16T18:56:37","guid":{"rendered":"https:\/\/www.iceagetv.com\/radiosite\/?p=35833"},"modified":"2025-06-16T20:56:41","modified_gmt":"2025-06-16T18:56:41","slug":"en-france-lessoufflement-de-la-baisse-des-emissions-de-co2-en-2024-se-confirme","status":"publish","type":"post","link":"https:\/\/www.iceagetv.com\/radiosite\/en-france-lessoufflement-de-la-baisse-des-emissions-de-co2-en-2024-se-confirme\/","title":{"rendered":"En France, l&rsquo;essoufflement de la baisse des \u00e9missions de CO2 en 2024 se confirme"},"content":{"rendered":"\n<p class=\"\">Une mauvaise nouvelle pour le climat. Les&nbsp;<a href=\"https:\/\/www.franceinfo.fr\/environnement\/la-baisse-des-emissions-de-gaz-a-effet-de-serre-en-france-montre-des-signes-de-ralentissement_6979157.html\">\u00e9missions de gaz \u00e0 effet de serre en France<\/a>&nbsp;ont baiss\u00e9 de 1,8% en 2024, a confirm\u00e9 lundi 16 juin l&rsquo;organisme Citepa, t\u00e9moignant d&rsquo;un net essoufflement du rythme de d\u00e9carbonation de l&rsquo;\u00e9conomie. Selon le bilan consolid\u00e9 de l&rsquo;organisme, mandat\u00e9 pour dresser le bilan carbone national, les \u00e9missions sont pass\u00e9es de 376&nbsp;millions de tonnes \u00e9quivalent CO2 (Mt CO2e) en 2023 \u00e0 369 en 2024. Si les chiffres ont l\u00e9g\u00e8rement \u00e9volu\u00e9 par rapport&nbsp;<a href=\"https:\/\/www.citepa.org\/barometre-du-citepa-premiere-estimation-sur-lensemble-de-lannee-2024\/\" target=\"_blank\" rel=\"noreferrer noopener\">\u00e0 la premi\u00e8re estimation publi\u00e9e fin mars(Nouvelle fen\u00eatre)<\/a>, le rythme de baisse annuelle de 1,8% est rest\u00e9 le m\u00eame, t\u00e9moignant d&rsquo;un fort ralentissement apr\u00e8s -5,8% en 2023.<\/p>\n\n\n\n<p class=\"\">Le gouvernement souligne avoir tenu ses engagements de baisse des \u00e9missions sur la p\u00e9riode 2019-2023, tout en reconnaissant qu&rsquo;il faut d\u00e9sormais&nbsp;<em>\u00ab\u00a0poursuivre les efforts\u00a0\u00bb<\/em>, notamment dans les transports et les b\u00e2timents.&nbsp;<em>\u00ab\u00a0Le<\/em>&nbsp;<em>ralentissement du rythme de r\u00e9duction de nos \u00e9missions de gaz \u00e0 effet de serre en 2024, \u00e0 un moment o\u00f9 certains responsables politiques remettent en cause par pur opportunisme politique la transition \u00e9cologique, nous rappelle plus que jamais que le chemin \u00e0 parcourir reste long\u00a0\u00bb,<\/em>&nbsp;a comment\u00e9 dans un communiqu\u00e9 la ministre de la Transition \u00e9cologique, Agn\u00e8s Pannier-Runacher.<\/p>\n\n\n\n<p class=\"\"><em>\u00ab\u00a0Les reculs politiques en mati\u00e8re de transition \u00e9cologique ont abouti \u00e0 un important coup de frein dans la baisse des \u00e9missions de gaz \u00e0 effet de serre en France en 2024. Ils laissent les Fran\u00e7ais dans une d\u00e9pendance co\u00fbteuse aux \u00e9nergies fossiles\u00a0\u00bb<\/em>, a pour sa part regrett\u00e9 aupr\u00e8s de l&rsquo;AFP Anne Bringault, directrice des programmes du R\u00e9seau action climat, qui f\u00e9d\u00e8re de nombreuses ONG.<\/p>\n","protected":false},"excerpt":{"rendered":"<p>Une mauvaise nouvelle pour le climat. Les&nbsp;\u00e9missions de gaz \u00e0 effet de serre en France&nbsp;ont baiss\u00e9 de 1,8% en 2024, a confirm\u00e9 lundi 16 juin l&rsquo;organisme Citepa, t\u00e9moignant d&rsquo;un net essoufflement du rythme de d\u00e9carbonation de l&rsquo;\u00e9conomie. Selon le bilan consolid\u00e9 de l&rsquo;organisme, mandat\u00e9 pour dresser le bilan carbone national, les \u00e9missions sont pass\u00e9es de [&hellip;]<\/p>\n","protected":false},"author":2,"featured_media":35834,"comment_status":"open","ping_status":"open","sticky":false,"template":"","format":"standard","meta":{"_jetpack_memberships_contains_paid_content":false,"footnotes":"","jetpack_publicize_message":"","jetpack_publicize_feature_enabled":true,"jetpack_social_post_already_shared":true,"jetpack_social_options":{"image_generator_settings":{"template":"highway","default_image_id":0,"enabled":true,"token":"eyJpbWciOiJodHRwczpcL1wvd3d3LmljZWFnZXR2LmNvbVwvcmFkaW9zaXRlXC93cC1jb250ZW50XC91cGxvYWRzXC8yMDI1XC8wNlwvZW1pc3Npb25zLWRlLUNPMi1lbi0yMDI0LXNlLWNvbmZpcm1lLmpwZyIsInR4dCI6IkVuIEZyYW5jZSwgbCYjODIxNztlc3NvdWZmbGVtZW50IGRlIGxhIGJhaXNzZSBkZXMgXHUwMGU5bWlzc2lvbnMgZGUgQ08yIGVuIDIwMjQgc2UgY29uZmlybWUiLCJ0ZW1wbGF0ZSI6ImhpZ2h3YXkiLCJibG9nX2lkIjoxMTEwMTY0NjF9.BtetAi4ZII-Xwnox9__NI115pRdvhNaTh_ny0xwXfS0MQ"},"version":2},"_wpas_customize_per_network":false},"categories":[14],"tags":[],"class_list":["post-35833","post","type-post","status-publish","format-standard","has-post-thumbnail","hentry","category-actu-meteo"],"jetpack_publicize_connections":[],"jetpack_featured_media_url":"https:\/\/i0.wp.com\/www.iceagetv.com\/radiosite\/wp-content\/uploads\/2025\/06\/emissions-de-CO2-en-2024-se-confirme.jpg?fit=818%2C453&ssl=1","jetpack_sharing_enabled":true,"_links":{"self":[{"href":"https:\/\/www.iceagetv.com\/radiosite\/wp-json\/wp\/v2\/posts\/35833","targetHints":{"allow":["GET"]}}],"collection":[{"href":"https:\/\/www.iceagetv.com\/radiosite\/wp-json\/wp\/v2\/posts"}],"about":[{"href":"https:\/\/www.iceagetv.com\/radiosite\/wp-json\/wp\/v2\/types\/post"}],"author":[{"embeddable":true,"href":"https:\/\/www.iceagetv.com\/radiosite\/wp-json\/wp\/v2\/users\/2"}],"replies":[{"embeddable":true,"href":"https:\/\/www.iceagetv.com\/radiosite\/wp-json\/wp\/v2\/comments?post=35833"}],"version-history":[{"count":1,"href":"https:\/\/www.iceagetv.com\/radiosite\/wp-json\/wp\/v2\/posts\/35833\/revisions"}],"predecessor-version":[{"id":35835,"href":"https:\/\/www.iceagetv.com\/radiosite\/wp-json\/wp\/v2\/posts\/35833\/revisions\/35835"}],"wp:featuredmedia":[{"embeddable":true,"href":"https:\/\/www.iceagetv.com\/radiosite\/wp-json\/wp\/v2\/media\/35834"}],"wp:attachment":[{"href":"https:\/\/www.iceagetv.com\/radiosite\/wp-json\/wp\/v2\/media?parent=35833"}],"wp:term":[{"taxonomy":"category","embeddable":true,"href":"https:\/\/www.iceagetv.com\/radiosite\/wp-json\/wp\/v2\/categories?post=35833"},{"taxonomy":"post_tag","embeddable":true,"href":"https:\/\/www.iceagetv.com\/radiosite\/wp-json\/wp\/v2\/tags?post=35833"}],"curies":[{"name":"wp","href":"https:\/\/api.w.org\/{rel}","templated":true}]}}