{"id":35848,"date":"2025-06-17T06:17:46","date_gmt":"2025-06-17T04:17:46","guid":{"rendered":"https:\/\/www.iceagetv.com\/radiosite\/?p=35848"},"modified":"2025-06-17T06:17:50","modified_gmt":"2025-06-17T04:17:50","slug":"le-conclave-sur-les-retraites-sacheve-et-francois-bayrou-voit-la-menace-dune-censure-seloigner","status":"publish","type":"post","link":"https:\/\/www.iceagetv.com\/radiosite\/le-conclave-sur-les-retraites-sacheve-et-francois-bayrou-voit-la-menace-dune-censure-seloigner\/","title":{"rendered":"Le conclave sur les retraites s\u2019ach\u00e8ve et Fran\u00e7ois Bayrou voit la menace d\u2019une censure s\u2019\u00e9loigner"},"content":{"rendered":"\n<p class=\"\">Fum\u00e9e blanche ? Apr\u00e8s des mois de discussions, de portes claqu\u00e9es et de mesures abandonn\u00e9es, patronat et syndicats doivent parvenir \u00e0 un accord, mardi 17 juin, dernier jour officiel du \u00ab conclave \u00bb sur les retraites. Un conciliabule convoqu\u00e9 par Fran\u00e7ois Bayrou qui a fait mine de remettre la derni\u00e8re r\u00e9forme des retraites sur la table, de quoi s\u2019assurer quelques mois de r\u00e9pit \u00e0 la t\u00eate du gouvernement.Six mois plus tard, le Premier ministre anticipe un accord et assure qu\u2019un \u00ab chemin existe \u00bb entre les partenaires sociaux. \u00c0 la veille de la cl\u00f4ture du conclave (il est m\u00eame pr\u00eat \u00e0 donner quelques jours suppl\u00e9mentaire), le Premier ministre a par ailleurs ajout\u00e9 sa pierre \u00e0 l\u2019\u00e9difice depuis le salon du Bourget en annon\u00e7ant avoir propos\u00e9 aux participants \u00ab l\u2019id\u00e9e \u00bb d\u2019une \u00ab prime \u00bb pour les salari\u00e9s seniors qui \u00ab d\u00e9cident de rester au travail \u00bb, en leur versant \u00ab une partie de (leur) retraite en plus de (leur) salaire \u00bb.Le PS divis\u00e9, Bayrou peut soufflerMais quel que soit le chemin, la destination ne satisfera de toute fa\u00e7on pas la gauche. D\u2019abord, parce que Fran\u00e7ois Bayrou a tr\u00e8s vite rappel\u00e9 la n\u00e9cessit\u00e9 de pr\u00e9server l\u2019\u00e9quilibre financier du syst\u00e8me des retraites, et mis le hol\u00e0 sur l\u2019\u00e2ge l\u00e9gal de d\u00e9part \u00e0 la retraite. Puis, parce que la CGT, FO et U2P ont tour \u00e0 tour quitt\u00e9 la table des n\u00e9gociations.De quoi le censurer ? Pas si s\u00fbr. Si les derniers survivants du conclave &#8211; dont la CFDT &#8211; arrivent \u00e0 trouver les bases d\u2019un accord, et proposent des am\u00e9liorations, la marche \u00e0 suivre ensuite divise le PS.<\/p>\n","protected":false},"excerpt":{"rendered":"<p>Fum\u00e9e blanche ? Apr\u00e8s des mois de discussions, de portes claqu\u00e9es et de mesures abandonn\u00e9es, patronat et syndicats doivent parvenir \u00e0 un accord, mardi 17 juin, dernier jour officiel du \u00ab conclave \u00bb sur les retraites. Un conciliabule convoqu\u00e9 par Fran\u00e7ois Bayrou qui a fait mine de remettre la derni\u00e8re r\u00e9forme des retraites sur la [&hellip;]<\/p>\n","protected":false},"author":2,"featured_media":35849,"comment_status":"open","ping_status":"open","sticky":false,"template":"","format":"standard","meta":{"_jetpack_memberships_contains_paid_content":false,"footnotes":"","jetpack_publicize_message":"","jetpack_publicize_feature_enabled":true,"jetpack_social_post_already_shared":true,"jetpack_social_options":{"image_generator_settings":{"template":"highway","default_image_id":0,"enabled":true,"token":"eyJpbWciOiJodHRwczpcL1wvd3d3LmljZWFnZXR2LmNvbVwvcmFkaW9zaXRlXC93cC1jb250ZW50XC91cGxvYWRzXC8yMDI1XC8wNlwvU2NyZWVuc2hvdF8yMDI1MDYxN18wNjE2MDkuanBnIiwidHh0IjoiTGUgY29uY2xhdmUgc3VyIGxlcyByZXRyYWl0ZXMgc1x1MjAxOWFjaFx1MDBlOHZlIGV0IEZyYW5cdTAwZTdvaXMgQmF5cm91IHZvaXQgbGEgbWVuYWNlIGRcdTIwMTl1bmUgY2Vuc3VyZSBzXHUyMDE5XHUwMGU5bG9pZ25lciIsInRlbXBsYXRlIjoiaGlnaHdheSIsImJsb2dfaWQiOjExMTAxNjQ2MX0.MTLqDR0GWFG6v-Uc8-OleuBRz8-bVaj3hDqcIyN6M6MMQ"},"version":2},"_wpas_customize_per_network":false},"categories":[405],"tags":[],"class_list":["post-35848","post","type-post","status-publish","format-standard","has-post-thumbnail","hentry","category-actu-france-monde"],"jetpack_publicize_connections":[],"jetpack_featured_media_url":"https:\/\/i0.wp.com\/www.iceagetv.com\/radiosite\/wp-content\/uploads\/2025\/06\/Screenshot_20250617_061609.jpg?fit=953%2C522&ssl=1","jetpack_sharing_enabled":true,"_links":{"self":[{"href":"https:\/\/www.iceagetv.com\/radiosite\/wp-json\/wp\/v2\/posts\/35848","targetHints":{"allow":["GET"]}}],"collection":[{"href":"https:\/\/www.iceagetv.com\/radiosite\/wp-json\/wp\/v2\/posts"}],"about":[{"href":"https:\/\/www.iceagetv.com\/radiosite\/wp-json\/wp\/v2\/types\/post"}],"author":[{"embeddable":true,"href":"https:\/\/www.iceagetv.com\/radiosite\/wp-json\/wp\/v2\/users\/2"}],"replies":[{"embeddable":true,"href":"https:\/\/www.iceagetv.com\/radiosite\/wp-json\/wp\/v2\/comments?post=35848"}],"version-history":[{"count":1,"href":"https:\/\/www.iceagetv.com\/radiosite\/wp-json\/wp\/v2\/posts\/35848\/revisions"}],"predecessor-version":[{"id":35850,"href":"https:\/\/www.iceagetv.com\/radiosite\/wp-json\/wp\/v2\/posts\/35848\/revisions\/35850"}],"wp:featuredmedia":[{"embeddable":true,"href":"https:\/\/www.iceagetv.com\/radiosite\/wp-json\/wp\/v2\/media\/35849"}],"wp:attachment":[{"href":"https:\/\/www.iceagetv.com\/radiosite\/wp-json\/wp\/v2\/media?parent=35848"}],"wp:term":[{"taxonomy":"category","embeddable":true,"href":"https:\/\/www.iceagetv.com\/radiosite\/wp-json\/wp\/v2\/categories?post=35848"},{"taxonomy":"post_tag","embeddable":true,"href":"https:\/\/www.iceagetv.com\/radiosite\/wp-json\/wp\/v2\/tags?post=35848"}],"curies":[{"name":"wp","href":"https:\/\/api.w.org\/{rel}","templated":true}]}}