{"id":35859,"date":"2025-06-17T16:16:03","date_gmt":"2025-06-17T14:16:03","guid":{"rendered":"https:\/\/www.iceagetv.com\/radiosite\/?p=35859"},"modified":"2025-06-17T16:16:06","modified_gmt":"2025-06-17T14:16:06","slug":"mulhouse-un-enfant-de-7-ans-en-possession-dun-couteau-dans-une-ecole","status":"publish","type":"post","link":"https:\/\/www.iceagetv.com\/radiosite\/mulhouse-un-enfant-de-7-ans-en-possession-dun-couteau-dans-une-ecole\/","title":{"rendered":"Mulhouse: un enfant de 7 ans en possession d&rsquo;un couteau dans une \u00e9cole"},"content":{"rendered":"\n<p class=\"\">Un enfant de sept ans a \u00e9t\u00e9 trouv\u00e9 en possession d&rsquo;un couteau \u00e0 steak dans une \u00e9cole de Mulhouse (Haut-Rhin), o\u00f9 il se vantait de vouloir agresser un camarade.<\/p>\n\n\n\n<p class=\"\">Un enfant de sept ans a \u00e9t\u00e9 trouv\u00e9 en possession d&rsquo;un couteau \u00e0 steak dans une \u00e9cole de Mulhouse (Haut-Rhin), o\u00f9 il se vantait de vouloir agresser un camarade, a appris l&rsquo;AFP ce mardi 17 juin de source polici\u00e8re.<\/p>\n\n\n\n<p class=\"\">Le petit gar\u00e7on a \u00e9t\u00e9 conduit au commissariat apr\u00e8s l&rsquo;incident survenu ce lundi apr\u00e8s-midi \u00e0 l&rsquo;\u00e9cole \u00e9l\u00e9mentaire Koechlin, selon la m\u00eame source, en attendant qu&rsquo;il soit r\u00e9cup\u00e9r\u00e9 par un adulte responsable.Une enqu\u00eate confi\u00e9e \u00e0 la police<\/p>\n\n\n\n<p class=\"\">Le couteau n&rsquo;a pas \u00e9t\u00e9 d\u00e9couvert lors d&rsquo;une fouille des sacs \u00e0 l&rsquo;entr\u00e9e, a indiqu\u00e9 \u00e0 l&rsquo;AFP le recteur de l&rsquo;Acad\u00e9mie de Strasbourg, Olivier Klein.<\/p>\n\n\n\n<p class=\"\">\u00ab\u00a0Il semble qu&rsquo;il se soit vant\u00e9\u00a0\u00bb de pouvoir s&rsquo;en servir \u00e0 l&rsquo;encontre d&rsquo;un de ses camarades, a d\u00e9clar\u00e9 le recteur.<\/p>\n\n\n\n<p class=\"\">Une semaine apr\u00e8s&nbsp;<a href=\"https:\/\/www.bfmtv.com\/police-justice\/melanie-surveillante-poignardee-devant-son-college-le-recit-des-quelques-secondes-qui-ont-fait-basculer-nogent-dans-l-horreur_GN-202506130045.html\">le meurtre d&rsquo;une surveillante<\/a>&nbsp;dans un coll\u00e8ge de Nogent en Haute-Marne par un \u00e9l\u00e8ve \u00e2g\u00e9 de 14 ans, Olivier Klein a jug\u00e9 \u00ab\u00a0inqui\u00e9tant\u00a0\u00bb la pr\u00e9sence d&rsquo;un couteau entre les mains d&rsquo;un jeune gar\u00e7on.<\/p>\n","protected":false},"excerpt":{"rendered":"<p>Un enfant de sept ans a \u00e9t\u00e9 trouv\u00e9 en possession d&rsquo;un couteau \u00e0 steak dans une \u00e9cole de Mulhouse (Haut-Rhin), o\u00f9 il se vantait de vouloir agresser un camarade. Un enfant de sept ans a \u00e9t\u00e9 trouv\u00e9 en possession d&rsquo;un couteau \u00e0 steak dans une \u00e9cole de Mulhouse (Haut-Rhin), o\u00f9 il se vantait de vouloir [&hellip;]<\/p>\n","protected":false},"author":2,"featured_media":35860,"comment_status":"open","ping_status":"open","sticky":false,"template":"","format":"standard","meta":{"_jetpack_memberships_contains_paid_content":false,"footnotes":"","jetpack_publicize_message":"","jetpack_publicize_feature_enabled":true,"jetpack_social_post_already_shared":true,"jetpack_social_options":{"image_generator_settings":{"template":"highway","default_image_id":0,"enabled":true,"token":"eyJpbWciOiJodHRwczpcL1wvd3d3LmljZWFnZXR2LmNvbVwvcmFkaW9zaXRlXC93cC1jb250ZW50XC91cGxvYWRzXC8yMDI1XC8wNlwvTXVsaG91c2UuanBnIiwidHh0IjoiTXVsaG91c2U6IHVuIGVuZmFudCBkZSA3IGFucyBlbiBwb3NzZXNzaW9uIGQmIzgyMTc7dW4gY291dGVhdSBkYW5zIHVuZSBcdTAwZTljb2xlIiwidGVtcGxhdGUiOiJoaWdod2F5IiwiYmxvZ19pZCI6MTExMDE2NDYxfQ.Cl1dNGXmBt6l5eTajcf03x4k0IHlsrpuHN23uHy108IMQ"},"version":2},"_wpas_customize_per_network":false},"categories":[405],"tags":[],"class_list":["post-35859","post","type-post","status-publish","format-standard","has-post-thumbnail","hentry","category-actu-france-monde"],"jetpack_publicize_connections":[],"jetpack_featured_media_url":"https:\/\/i0.wp.com\/www.iceagetv.com\/radiosite\/wp-content\/uploads\/2025\/06\/Mulhouse.jpg?fit=707%2C376&ssl=1","jetpack_sharing_enabled":true,"_links":{"self":[{"href":"https:\/\/www.iceagetv.com\/radiosite\/wp-json\/wp\/v2\/posts\/35859","targetHints":{"allow":["GET"]}}],"collection":[{"href":"https:\/\/www.iceagetv.com\/radiosite\/wp-json\/wp\/v2\/posts"}],"about":[{"href":"https:\/\/www.iceagetv.com\/radiosite\/wp-json\/wp\/v2\/types\/post"}],"author":[{"embeddable":true,"href":"https:\/\/www.iceagetv.com\/radiosite\/wp-json\/wp\/v2\/users\/2"}],"replies":[{"embeddable":true,"href":"https:\/\/www.iceagetv.com\/radiosite\/wp-json\/wp\/v2\/comments?post=35859"}],"version-history":[{"count":1,"href":"https:\/\/www.iceagetv.com\/radiosite\/wp-json\/wp\/v2\/posts\/35859\/revisions"}],"predecessor-version":[{"id":35861,"href":"https:\/\/www.iceagetv.com\/radiosite\/wp-json\/wp\/v2\/posts\/35859\/revisions\/35861"}],"wp:featuredmedia":[{"embeddable":true,"href":"https:\/\/www.iceagetv.com\/radiosite\/wp-json\/wp\/v2\/media\/35860"}],"wp:attachment":[{"href":"https:\/\/www.iceagetv.com\/radiosite\/wp-json\/wp\/v2\/media?parent=35859"}],"wp:term":[{"taxonomy":"category","embeddable":true,"href":"https:\/\/www.iceagetv.com\/radiosite\/wp-json\/wp\/v2\/categories?post=35859"},{"taxonomy":"post_tag","embeddable":true,"href":"https:\/\/www.iceagetv.com\/radiosite\/wp-json\/wp\/v2\/tags?post=35859"}],"curies":[{"name":"wp","href":"https:\/\/api.w.org\/{rel}","templated":true}]}}