{"id":35894,"date":"2025-06-19T06:02:06","date_gmt":"2025-06-19T04:02:06","guid":{"rendered":"https:\/\/www.iceagetv.com\/radiosite\/?p=35894"},"modified":"2025-06-19T06:02:11","modified_gmt":"2025-06-19T04:02:11","slug":"rebondissement-dans-laffaire-gregory-pourquoi-la-justice-veut-interroger-la-grand-tante-de-lenfant","status":"publish","type":"post","link":"https:\/\/www.iceagetv.com\/radiosite\/rebondissement-dans-laffaire-gregory-pourquoi-la-justice-veut-interroger-la-grand-tante-de-lenfant\/","title":{"rendered":"Rebondissement dans l&rsquo;affaire Gr\u00e9gory ? Pourquoi la justice veut interroger la grand-tante de l&rsquo;enfant"},"content":{"rendered":"\n<p class=\"\">La justice a ordonn\u00e9 mercredi 18 juin 2025 un nouvel interrogatoire de la grand-tante du petit Gr\u00e9gory Villemin, tu\u00e9 en 1984, en vue de sa possible mise en examen pour \u00ab association de malfaiteur criminelle \u00bb, a indiqu\u00e9 le procureur g\u00e9n\u00e9ral de la Cour d\u2019appel de Dijon.Une pr\u00e9c\u00e9dente mise en examen pour \u00ab enl\u00e8vement et s\u00e9questration \u00bb en 2017La convocation de Jacqueline Jacob, qu\u2019une expertise en graphologie a d\u00e9sign\u00e9 comme l\u2019auteur d\u2019une lettre anonyme mena\u00e7ante adress\u00e9e en 1983 aux parents du petit Gr\u00e9gory, \u00ab ne devrait pas intervenir avant quelques mois \u00bb, pr\u00e9cise Philippe Astruc dans un communiqu\u00e9.Elle avait d\u00e9j\u00e0 \u00e9t\u00e9 mise en examen en 2017 pour \u00ab enl\u00e8vement et s\u00e9questration suivie de mort \u00bb, avec son \u00e9poux Marcel. Mais les poursuites les visant avaient \u00e9t\u00e9 annul\u00e9es pour vice de forme.La chambre de l\u2019instruction de la cour d\u2019appel de Dijon, qui supervise le dossier depuis sa r\u00e9ouverture en 2008, a list\u00e9 en d\u00e9but d\u2019ann\u00e9e les \u00ab \u00e9l\u00e9ments qui concernent Jacqueline Jacob \u00bb, rapporte le procureur g\u00e9n\u00e9ral, sans donner de d\u00e9tails.Le parquet g\u00e9n\u00e9ral a estim\u00e9 que ces \u00e9l\u00e9ments \u00ab ne suffisaient pas \u00bb \u00e0 la poursuivre p\u00e9nalement, pr\u00e9cise-t-il.Mais, suite \u00e0 une audience le 9 avril, la chambre de l\u2019instruction a rendu mercredi un arr\u00eat demandant \u00e0 son pr\u00e9sident de \u00ab proc\u00e9der \u00e0 l\u2019interrogatoire \u00bb de Jacqueline Jacob et \u00ab envisager sa mise en examen sous la qualification d\u2019association de malfaiteur criminelle \u00bb, selon son communiqu\u00e9.Une affaire qui remonte \u00e0 plus de 40 ansGr\u00e9gory Villemin, 4 ans, a \u00e9t\u00e9 retrouv\u00e9 noy\u00e9 et ligot\u00e9 le 16 octobre 1984 dans une rivi\u00e8re des Vosges. Le jour-m\u00eame, une lettre anonyme est adress\u00e9e au p\u00e8re par un \u00ab corbeau \u00bb qui harc\u00e8le depuis plusieurs ann\u00e9es la famille.Bernard Laroche, un cousin du p\u00e8re, est rapidement mis en cause sur la base d\u2019accusations de sa belle-fille, une adolescente de 15 ans, qui reviendra ensuite sur ses propos. Il est rel\u00e2ch\u00e9 mais Jean-Marie Villemin, convaincu de sa culpabilit\u00e9, le tue en mars 1985<\/p>\n","protected":false},"excerpt":{"rendered":"<p>La justice a ordonn\u00e9 mercredi 18 juin 2025 un nouvel interrogatoire de la grand-tante du petit Gr\u00e9gory Villemin, tu\u00e9 en 1984, en vue de sa possible mise en examen pour \u00ab association de malfaiteur criminelle \u00bb, a indiqu\u00e9 le procureur g\u00e9n\u00e9ral de la Cour d\u2019appel de Dijon.Une pr\u00e9c\u00e9dente mise en examen pour \u00ab enl\u00e8vement et [&hellip;]<\/p>\n","protected":false},"author":2,"featured_media":35895,"comment_status":"open","ping_status":"open","sticky":false,"template":"","format":"standard","meta":{"_jetpack_memberships_contains_paid_content":false,"footnotes":"","jetpack_publicize_message":"","jetpack_publicize_feature_enabled":true,"jetpack_social_post_already_shared":true,"jetpack_social_options":{"image_generator_settings":{"template":"highway","default_image_id":0,"enabled":true,"token":"eyJpbWciOiJodHRwczpcL1wvd3d3LmljZWFnZXR2LmNvbVwvcmFkaW9zaXRlXC93cC1jb250ZW50XC91cGxvYWRzXC8yMDI1XC8wNlwvbWF4bmV3c3dvcmxkdGhyZWU1ODg1NDMtOTYweDY0MC0xLmpwZyIsInR4dCI6IlJlYm9uZGlzc2VtZW50IGRhbnMgbCYjODIxNzthZmZhaXJlIEdyXHUwMGU5Z29yeSA_IFBvdXJxdW9pIGxhIGp1c3RpY2UgdmV1dCBpbnRlcnJvZ2VyIGxhIGdyYW5kLXRhbnRlIGRlIGwmIzgyMTc7ZW5mYW50IiwidGVtcGxhdGUiOiJoaWdod2F5IiwiYmxvZ19pZCI6MTExMDE2NDYxfQ.xboLuq54R7UK0rhJwe0z-97l8bvu91knj6p4parmUm0MQ"},"version":2},"_wpas_customize_per_network":false},"categories":[405],"tags":[],"class_list":["post-35894","post","type-post","status-publish","format-standard","has-post-thumbnail","hentry","category-actu-france-monde"],"jetpack_publicize_connections":[],"jetpack_featured_media_url":"https:\/\/i0.wp.com\/www.iceagetv.com\/radiosite\/wp-content\/uploads\/2025\/06\/maxnewsworldthree588543-960x640-1.jpg?fit=960%2C640&ssl=1","jetpack_sharing_enabled":true,"_links":{"self":[{"href":"https:\/\/www.iceagetv.com\/radiosite\/wp-json\/wp\/v2\/posts\/35894","targetHints":{"allow":["GET"]}}],"collection":[{"href":"https:\/\/www.iceagetv.com\/radiosite\/wp-json\/wp\/v2\/posts"}],"about":[{"href":"https:\/\/www.iceagetv.com\/radiosite\/wp-json\/wp\/v2\/types\/post"}],"author":[{"embeddable":true,"href":"https:\/\/www.iceagetv.com\/radiosite\/wp-json\/wp\/v2\/users\/2"}],"replies":[{"embeddable":true,"href":"https:\/\/www.iceagetv.com\/radiosite\/wp-json\/wp\/v2\/comments?post=35894"}],"version-history":[{"count":1,"href":"https:\/\/www.iceagetv.com\/radiosite\/wp-json\/wp\/v2\/posts\/35894\/revisions"}],"predecessor-version":[{"id":35896,"href":"https:\/\/www.iceagetv.com\/radiosite\/wp-json\/wp\/v2\/posts\/35894\/revisions\/35896"}],"wp:featuredmedia":[{"embeddable":true,"href":"https:\/\/www.iceagetv.com\/radiosite\/wp-json\/wp\/v2\/media\/35895"}],"wp:attachment":[{"href":"https:\/\/www.iceagetv.com\/radiosite\/wp-json\/wp\/v2\/media?parent=35894"}],"wp:term":[{"taxonomy":"category","embeddable":true,"href":"https:\/\/www.iceagetv.com\/radiosite\/wp-json\/wp\/v2\/categories?post=35894"},{"taxonomy":"post_tag","embeddable":true,"href":"https:\/\/www.iceagetv.com\/radiosite\/wp-json\/wp\/v2\/tags?post=35894"}],"curies":[{"name":"wp","href":"https:\/\/api.w.org\/{rel}","templated":true}]}}