{"id":35912,"date":"2025-06-19T11:52:31","date_gmt":"2025-06-19T09:52:31","guid":{"rendered":"https:\/\/www.iceagetv.com\/radiosite\/?p=35912"},"modified":"2025-06-19T11:52:34","modified_gmt":"2025-06-19T09:52:34","slug":"lea-salame-va-succeder-a-anne-sophie-lapix-a-la-presentation-du-20h-de-france-2-la-saison-prochaine-la-journaliste-va-quitter-la-matinale-de-france-inter","status":"publish","type":"post","link":"https:\/\/www.iceagetv.com\/radiosite\/lea-salame-va-succeder-a-anne-sophie-lapix-a-la-presentation-du-20h-de-france-2-la-saison-prochaine-la-journaliste-va-quitter-la-matinale-de-france-inter\/","title":{"rendered":"L\u00e9a Salam\u00e9 va succ\u00e9der \u00e0 Anne-Sophie Lapix \u00e0 la pr\u00e9sentation du 20h de France 2 la saison prochaine &#8211; La journaliste va quitter la matinale de France Inter"},"content":{"rendered":"\n<p class=\"\">Depuis que le d\u00e9part d&rsquo;Anne-Sophie Lapix du 20h de France 2 a \u00e9t\u00e9 annonc\u00e9 il y a plusieurs jours, une question se pose, qui va la remplacer ? Selon<a href=\"https:\/\/www.leparisien.fr\/culture-loisirs\/tv\/lea-salame-prend-le-20-heures-de-france-2-et-quitte-la-matinale-de-france-inter-19-06-2025-EHS6ND3YDVHAPEOVGO2TGU5LI4.php\" target=\"_blank\" rel=\"noreferrer noopener\">&nbsp;Le Parisien<\/a>, on connait d\u00e9sormais la personne qui la va remplacer la saison prochaine. Il s&rsquo;agit de L\u00e9a Salam\u00e9.<\/p>\n\n\n\n<p class=\"\">Ces derniers jours, la journaliste \u00e9tait au centre de rumeurs sur son avenir. Nos confr\u00e8res pr\u00e9cisent que \u00ab\u00a0BFMTV lui a propos\u00e9 l\u2019un des plus gros salaire du PAF pour pr\u00e9senter un talk show en fin de journ\u00e9e\u00a0\u00bb. Mais c&rsquo;est finalement sur France T\u00e9l\u00e9visions que L\u00e9a Salam\u00e9 sera pr\u00e9sente \u00e0 la rentr\u00e9e.<\/p>\n\n\n\n<p class=\"\">\u00ab\u00a0Autour d\u2019un caf\u00e9 vendredi dernier, Delphine Ernotte lui a encore assur\u00e9 qu\u2019elle pourrait cumuler le JT et \u00ab Quelle Epoque ! \u00bb, son \u00e9mission \u00e0 succ\u00e8s du samedi soir\u00a0\u00bb, indique Le Parisien.<\/p>\n\n\n\n<p class=\"\">Avec ce nouveau poste, L\u00e9a Salam\u00e9 va devoir quitter la matinale de France Inter, dans laquelle elle est pr\u00e9sente depuis 2014.<\/p>\n","protected":false},"excerpt":{"rendered":"<p>Depuis que le d\u00e9part d&rsquo;Anne-Sophie Lapix du 20h de France 2 a \u00e9t\u00e9 annonc\u00e9 il y a plusieurs jours, une question se pose, qui va la remplacer ? Selon&nbsp;Le Parisien, on connait d\u00e9sormais la personne qui la va remplacer la saison prochaine. Il s&rsquo;agit de L\u00e9a Salam\u00e9. Ces derniers jours, la journaliste \u00e9tait au centre [&hellip;]<\/p>\n","protected":false},"author":2,"featured_media":35913,"comment_status":"open","ping_status":"open","sticky":false,"template":"","format":"standard","meta":{"_jetpack_memberships_contains_paid_content":false,"footnotes":"","jetpack_publicize_message":"","jetpack_publicize_feature_enabled":true,"jetpack_social_post_already_shared":true,"jetpack_social_options":{"image_generator_settings":{"template":"highway","default_image_id":0,"enabled":true,"token":"eyJpbWciOiJodHRwczpcL1wvd3d3LmljZWFnZXR2LmNvbVwvcmFkaW9zaXRlXC93cC1jb250ZW50XC91cGxvYWRzXC8yMDI1XC8wNlwvQjUxeTFtdkQuanBnIiwidHh0IjoiTFx1MDBlOWEgU2FsYW1cdTAwZTkgdmEgc3VjY1x1MDBlOWRlciBcdTAwZTAgQW5uZS1Tb3BoaWUgTGFwaXggXHUwMGUwIGxhIHByXHUwMGU5c2VudGF0aW9uIGR1IDIwaCBkZSBGcmFuY2UgMiBsYSBzYWlzb24gcHJvY2hhaW5lICYjODIxMTsgTGEgam91cm5hbGlzdGUgdmEgcXVpdHRlciBsYSBtYXRpbmFsZSBkZSBGcmFuY2UgSW50ZXIiLCJ0ZW1wbGF0ZSI6ImhpZ2h3YXkiLCJibG9nX2lkIjoxMTEwMTY0NjF9.K3W2FBCErdWZu7SwG7DwxKzAqytwdRwR0w-DjBPJbRMMQ"},"version":2},"_wpas_customize_per_network":false},"categories":[68],"tags":[],"class_list":["post-35912","post","type-post","status-publish","format-standard","has-post-thumbnail","hentry","category-actu-culturelle"],"jetpack_publicize_connections":[],"jetpack_featured_media_url":"https:\/\/i0.wp.com\/www.iceagetv.com\/radiosite\/wp-content\/uploads\/2025\/06\/B51y1mvD.jpg?fit=679%2C293&ssl=1","jetpack_sharing_enabled":true,"_links":{"self":[{"href":"https:\/\/www.iceagetv.com\/radiosite\/wp-json\/wp\/v2\/posts\/35912","targetHints":{"allow":["GET"]}}],"collection":[{"href":"https:\/\/www.iceagetv.com\/radiosite\/wp-json\/wp\/v2\/posts"}],"about":[{"href":"https:\/\/www.iceagetv.com\/radiosite\/wp-json\/wp\/v2\/types\/post"}],"author":[{"embeddable":true,"href":"https:\/\/www.iceagetv.com\/radiosite\/wp-json\/wp\/v2\/users\/2"}],"replies":[{"embeddable":true,"href":"https:\/\/www.iceagetv.com\/radiosite\/wp-json\/wp\/v2\/comments?post=35912"}],"version-history":[{"count":1,"href":"https:\/\/www.iceagetv.com\/radiosite\/wp-json\/wp\/v2\/posts\/35912\/revisions"}],"predecessor-version":[{"id":35914,"href":"https:\/\/www.iceagetv.com\/radiosite\/wp-json\/wp\/v2\/posts\/35912\/revisions\/35914"}],"wp:featuredmedia":[{"embeddable":true,"href":"https:\/\/www.iceagetv.com\/radiosite\/wp-json\/wp\/v2\/media\/35913"}],"wp:attachment":[{"href":"https:\/\/www.iceagetv.com\/radiosite\/wp-json\/wp\/v2\/media?parent=35912"}],"wp:term":[{"taxonomy":"category","embeddable":true,"href":"https:\/\/www.iceagetv.com\/radiosite\/wp-json\/wp\/v2\/categories?post=35912"},{"taxonomy":"post_tag","embeddable":true,"href":"https:\/\/www.iceagetv.com\/radiosite\/wp-json\/wp\/v2\/tags?post=35912"}],"curies":[{"name":"wp","href":"https:\/\/api.w.org\/{rel}","templated":true}]}}