{"id":35939,"date":"2025-06-20T15:23:30","date_gmt":"2025-06-20T13:23:30","guid":{"rendered":"https:\/\/www.iceagetv.com\/radiosite\/?p=35939"},"modified":"2025-06-20T15:23:34","modified_gmt":"2025-06-20T13:23:34","slug":"intoxication-alimentaire-a-saint-quentin-lactivite-de-deux-boucheries-de-la-ville-suspendue-apres-la-mort-dune-enfant-un-8e-cas-dintoxication-alimentaire-severe-chez-un-enfant-r","status":"publish","type":"post","link":"https:\/\/www.iceagetv.com\/radiosite\/intoxication-alimentaire-a-saint-quentin-lactivite-de-deux-boucheries-de-la-ville-suspendue-apres-la-mort-dune-enfant-un-8e-cas-dintoxication-alimentaire-severe-chez-un-enfant-r\/","title":{"rendered":"Intoxication alimentaire \u00e0 Saint-Quentin: L\u2019activit\u00e9 de deux boucheries de la ville suspendue apr\u00e8s la mort d&rsquo;une enfant &#8211; Un 8e cas d\u2019intoxication alimentaire s\u00e9v\u00e8re chez un enfant recens\u00e9"},"content":{"rendered":"\n<p class=\"\">Un huiti\u00e8me cas d\u2019intoxication alimentaire s\u00e9v\u00e8re chez un enfant a \u00e9t\u00e9 recens\u00e9 dans l\u2019Aisne, apr\u00e8s le d\u00e9c\u00e8s lundi dernier d\u2019un enfant de 12&nbsp;ans, a annonc\u00e9 la pr\u00e9fecture, ajoutant que l\u2019origine de l\u2019intoxication reste inconnue \u00e0 ce stade.<\/p>\n\n\n\n<p class=\"\">\u00ab&nbsp;Un huiti\u00e8me cas de diarrh\u00e9es glairo-sanglantes a \u00e9t\u00e9 confirm\u00e9 dans la soir\u00e9e du 18&nbsp;juin (mercredi, NDLR) chez un enfant r\u00e9sidant dans l\u2019agglom\u00e9ration de Saint-Quentin&nbsp;\u00bb, indique la pr\u00e9fecture dans un communiqu\u00e9.<\/p>\n\n\n\n<p class=\"\">L&rsquo;ARS (Agence r\u00e9gionale de Sant\u00e9) annonce que l\u2019activit\u00e9 de deux boucheries de la ville a \u00e9t\u00e9 suspendue dans l\u2019attente du r\u00e9sultat des analyses des pr\u00e9l\u00e8vements effectu\u00e9s.<\/p>\n\n\n\n<p class=\"\">\u00ab\u00a0Il s\u2019av\u00e8re que les enfants malades ont consomm\u00e9 de la viande ou des produits \u00e0 base de viande issus de deux \u00e9tablissements quelques jours avant les sympt\u00f4mes. Il n\u2019est pas possible d\u2019affirmer \u00e0 ce stade que la consommation des produits issus de ces deux \u00e9tablissements est \u00e0 l\u2019origine de la contamination. Les investigations sur l\u2019ensemble des cas se poursuivent\u00a0\u00bb, pr\u00e9cise l&rsquo;ARS.<\/p>\n\n\n\n<p class=\"\">Des pr\u00e9l\u00e8vements ont \u00e9t\u00e9 effectu\u00e9s afin de rechercher la bact\u00e9rie en cause. \u00ab\u00a0Les \u00e9chantillons sont achemin\u00e9s vers le laboratoire national de r\u00e9f\u00e9rence \u00e0 Marcy l\u2019\u00c9toile dans le Rh\u00f4ne pour une mise en culture imm\u00e9diate. Une enqu\u00eate relative \u00e0 la tra\u00e7abilit\u00e9 des viandes utilis\u00e9es sur ces deux \u00e9tablissements est en outre engag\u00e9e\u00a0\u00bb, ajoute l&rsquo;Agence r\u00e9gionale de Sant\u00e9.<\/p>\n","protected":false},"excerpt":{"rendered":"<p>Un huiti\u00e8me cas d\u2019intoxication alimentaire s\u00e9v\u00e8re chez un enfant a \u00e9t\u00e9 recens\u00e9 dans l\u2019Aisne, apr\u00e8s le d\u00e9c\u00e8s lundi dernier d\u2019un enfant de 12&nbsp;ans, a annonc\u00e9 la pr\u00e9fecture, ajoutant que l\u2019origine de l\u2019intoxication reste inconnue \u00e0 ce stade. \u00ab&nbsp;Un huiti\u00e8me cas de diarrh\u00e9es glairo-sanglantes a \u00e9t\u00e9 confirm\u00e9 dans la soir\u00e9e du 18&nbsp;juin (mercredi, NDLR) chez un [&hellip;]<\/p>\n","protected":false},"author":2,"featured_media":35940,"comment_status":"open","ping_status":"open","sticky":false,"template":"","format":"standard","meta":{"_jetpack_memberships_contains_paid_content":false,"footnotes":"","jetpack_publicize_message":"","jetpack_publicize_feature_enabled":true,"jetpack_social_post_already_shared":true,"jetpack_social_options":{"image_generator_settings":{"template":"highway","default_image_id":0,"enabled":true,"token":"eyJpbWciOiJodHRwczpcL1wvd3d3LmljZWFnZXR2LmNvbVwvcmFkaW9zaXRlXC93cC1jb250ZW50XC91cGxvYWRzXC8yMDI1XC8wNlwvNkh3X3pqVHouanBnIiwidHh0IjoiSW50b3hpY2F0aW9uIGFsaW1lbnRhaXJlIFx1MDBlMCBTYWludC1RdWVudGluOiBMXHUyMDE5YWN0aXZpdFx1MDBlOSBkZSBkZXV4IGJvdWNoZXJpZXMgZGUgbGEgdmlsbGUgc3VzcGVuZHVlIGFwclx1MDBlOHMgbGEgbW9ydCBkJiM4MjE3O3VuZSBlbmZhbnQgJiM4MjExOyBVbiA4ZSBjYXMgZFx1MjAxOWludG94aWNhdGlvbiBhbGltZW50YWlyZSBzXHUwMGU5dlx1MDBlOHJlIGNoZXogdW4gZW5mYW50IHJlY2Vuc1x1MDBlOSIsInRlbXBsYXRlIjoiaGlnaHdheSIsImJsb2dfaWQiOjExMTAxNjQ2MX0.aP6B2ZJ7Tg8I2FitnYtsHyR0OhznO170eppdEcqahd8MQ"},"version":2},"_wpas_customize_per_network":false},"categories":[405],"tags":[],"class_list":["post-35939","post","type-post","status-publish","format-standard","has-post-thumbnail","hentry","category-actu-france-monde"],"jetpack_publicize_connections":[],"jetpack_featured_media_url":"https:\/\/i0.wp.com\/www.iceagetv.com\/radiosite\/wp-content\/uploads\/2025\/06\/6Hw_zjTz.jpg?fit=679%2C293&ssl=1","jetpack_sharing_enabled":true,"_links":{"self":[{"href":"https:\/\/www.iceagetv.com\/radiosite\/wp-json\/wp\/v2\/posts\/35939","targetHints":{"allow":["GET"]}}],"collection":[{"href":"https:\/\/www.iceagetv.com\/radiosite\/wp-json\/wp\/v2\/posts"}],"about":[{"href":"https:\/\/www.iceagetv.com\/radiosite\/wp-json\/wp\/v2\/types\/post"}],"author":[{"embeddable":true,"href":"https:\/\/www.iceagetv.com\/radiosite\/wp-json\/wp\/v2\/users\/2"}],"replies":[{"embeddable":true,"href":"https:\/\/www.iceagetv.com\/radiosite\/wp-json\/wp\/v2\/comments?post=35939"}],"version-history":[{"count":1,"href":"https:\/\/www.iceagetv.com\/radiosite\/wp-json\/wp\/v2\/posts\/35939\/revisions"}],"predecessor-version":[{"id":35941,"href":"https:\/\/www.iceagetv.com\/radiosite\/wp-json\/wp\/v2\/posts\/35939\/revisions\/35941"}],"wp:featuredmedia":[{"embeddable":true,"href":"https:\/\/www.iceagetv.com\/radiosite\/wp-json\/wp\/v2\/media\/35940"}],"wp:attachment":[{"href":"https:\/\/www.iceagetv.com\/radiosite\/wp-json\/wp\/v2\/media?parent=35939"}],"wp:term":[{"taxonomy":"category","embeddable":true,"href":"https:\/\/www.iceagetv.com\/radiosite\/wp-json\/wp\/v2\/categories?post=35939"},{"taxonomy":"post_tag","embeddable":true,"href":"https:\/\/www.iceagetv.com\/radiosite\/wp-json\/wp\/v2\/tags?post=35939"}],"curies":[{"name":"wp","href":"https:\/\/api.w.org\/{rel}","templated":true}]}}