{"id":35954,"date":"2025-06-21T08:43:02","date_gmt":"2025-06-21T06:43:02","guid":{"rendered":"https:\/\/www.iceagetv.com\/radiosite\/?p=35954"},"modified":"2025-06-21T08:43:06","modified_gmt":"2025-06-21T06:43:06","slug":"le-jeune-homme-de-19-ans-qui-setait-evade-du-tribunal-judiciaire-de-versailles-avant-son-jugement-pour-tentative-de-meurtre-a-ete-retrouve-au-cannet","status":"publish","type":"post","link":"https:\/\/www.iceagetv.com\/radiosite\/le-jeune-homme-de-19-ans-qui-setait-evade-du-tribunal-judiciaire-de-versailles-avant-son-jugement-pour-tentative-de-meurtre-a-ete-retrouve-au-cannet\/","title":{"rendered":"Le jeune homme de 19 ans qui s&rsquo;\u00e9tait \u00e9vad\u00e9 du tribunal judiciaire de Versailles avant son jugement pour tentative de meurtre, a \u00e9t\u00e9 retrouv\u00e9 au Cannet"},"content":{"rendered":"\n<p class=\"\">Le jeune homme de 19 ans qui s&rsquo;\u00e9tait \u00e9vad\u00e9 du tribunal judiciaire de Versailles avant son jugement pour tentative de meurtre, a \u00e9t\u00e9 retrouv\u00e9 au Cannet (Alpes-Maritimes), a annonc\u00e9 le parquet de Versailles. \u00abL&rsquo;homme, \u00e9vad\u00e9 le 6 juin du palais de justice de Versailles, a \u00e9t\u00e9 interpell\u00e9 ce jour \u00e0 Le Cannet (06) dans le cadre d\u2019un mandat d&rsquo;arr\u00eat d\u00e9livr\u00e9 par un juge d&rsquo;instruction versaillais. La proc\u00e9dure d&rsquo;ex\u00e9cution du mandat d\u2019arr\u00eat va \u00eatre mise en \u0153uvre\u00bb, indique le minist\u00e8re public dans un communiqu\u00e9.<\/p>\n\n\n\n<p class=\"\">L&rsquo;enqu\u00eate avait \u00e9t\u00e9 confi\u00e9e \u00e0 la Division de la criminalit\u00e9 organis\u00e9e et sp\u00e9cialis\u00e9e (DCOS, ancienne PJ). Cet homme avait demand\u00e9 aux effectifs du d\u00e9p\u00f4t d&rsquo;aller aux toilettes dans l&rsquo;attente du d\u00e9lib\u00e9r\u00e9 de son proc\u00e8s, selon une source polici\u00e8re. Il en a profit\u00e9 pour s&rsquo;\u00e9vader.<\/p>\n\n\n\n<p class=\"\">Une vaste op\u00e9ration pour le retrouver a alors \u00e9t\u00e9 enclench\u00e9e. Des policiers de la brigade anti-criminalit\u00e9 (BAC) s&rsquo;\u00e9taient alors rendus au domicile de la victime de tentative de meurtre, qui \u00e9tait en s\u00e9curit\u00e9, ainsi que chez le fugitif, en vain.<\/p>\n\n\n\n<p class=\"\">Plus tard dans la soir\u00e9e, un homme avait appel\u00e9 le 17 pour signaler qu&rsquo;un homme, cach\u00e9 dans un buisson, \u00e9tait mont\u00e9 de force dans son v\u00e9hicule et lui avait intim\u00e9 de le d\u00e9poser \u00e0 la gare de Versailles Chantiers.<\/p>\n\n\n\n<p class=\"\">L&rsquo;analyse des cam\u00e9ras de surveillance a permis d&rsquo;identifier le fugitif, marchant \u00e0 proximit\u00e9 de la gare, en compagnie d&rsquo;un autre homme puis de le voir entrer dans un immeuble. Il a finalement \u00e9t\u00e9 arr\u00eat\u00e9 deux semaines plus tard dans le sud de la France.<\/p>\n","protected":false},"excerpt":{"rendered":"<p>Le jeune homme de 19 ans qui s&rsquo;\u00e9tait \u00e9vad\u00e9 du tribunal judiciaire de Versailles avant son jugement pour tentative de meurtre, a \u00e9t\u00e9 retrouv\u00e9 au Cannet (Alpes-Maritimes), a annonc\u00e9 le parquet de Versailles. \u00abL&rsquo;homme, \u00e9vad\u00e9 le 6 juin du palais de justice de Versailles, a \u00e9t\u00e9 interpell\u00e9 ce jour \u00e0 Le Cannet (06) dans le [&hellip;]<\/p>\n","protected":false},"author":2,"featured_media":35956,"comment_status":"open","ping_status":"open","sticky":false,"template":"","format":"standard","meta":{"_jetpack_memberships_contains_paid_content":false,"footnotes":"","jetpack_publicize_message":"","jetpack_publicize_feature_enabled":true,"jetpack_social_post_already_shared":true,"jetpack_social_options":{"image_generator_settings":{"template":"highway","default_image_id":0,"enabled":true,"token":"eyJpbWciOiJodHRwczpcL1wvd3d3LmljZWFnZXR2LmNvbVwvcmFkaW9zaXRlXC93cC1jb250ZW50XC91cGxvYWRzXC8yMDI1XC8wNlwvTGUtamV1bmUtaG9tbWUtZGUtMTktYW5zLXF1aS1zZXRhaXQtZXZhZGUtZHUtdHJpYnVuYWwtanVkaWNpYWlyZS1kZS1WZXJzYWlsbGVzLmpwZyIsInR4dCI6IkxlIGpldW5lIGhvbW1lIGRlIDE5IGFucyBxdWkgcyYjODIxNztcdTAwZTl0YWl0IFx1MDBlOXZhZFx1MDBlOSBkdSB0cmlidW5hbCBqdWRpY2lhaXJlIGRlIFZlcnNhaWxsZXMgYXZhbnQgc29uIGp1Z2VtZW50IHBvdXIgdGVudGF0aXZlIGRlIG1ldXJ0cmUsIGEgXHUwMGU5dFx1MDBlOSByZXRyb3V2XHUwMGU5IGF1IENhbm5ldCIsInRlbXBsYXRlIjoiaGlnaHdheSIsImJsb2dfaWQiOjExMTAxNjQ2MX0.bAkmzpmX3JsRhkKq3c_C73V6q9eqSXL6uPjDaNtBCPQMQ"},"version":2},"_wpas_customize_per_network":false},"categories":[405],"tags":[],"class_list":["post-35954","post","type-post","status-publish","format-standard","has-post-thumbnail","hentry","category-actu-france-monde"],"jetpack_publicize_connections":[],"jetpack_featured_media_url":"https:\/\/i0.wp.com\/www.iceagetv.com\/radiosite\/wp-content\/uploads\/2025\/06\/Le-jeune-homme-de-19-ans-qui-setait-evade-du-tribunal-judiciaire-de-Versailles.jpg?fit=593%2C233&ssl=1","jetpack_sharing_enabled":true,"_links":{"self":[{"href":"https:\/\/www.iceagetv.com\/radiosite\/wp-json\/wp\/v2\/posts\/35954","targetHints":{"allow":["GET"]}}],"collection":[{"href":"https:\/\/www.iceagetv.com\/radiosite\/wp-json\/wp\/v2\/posts"}],"about":[{"href":"https:\/\/www.iceagetv.com\/radiosite\/wp-json\/wp\/v2\/types\/post"}],"author":[{"embeddable":true,"href":"https:\/\/www.iceagetv.com\/radiosite\/wp-json\/wp\/v2\/users\/2"}],"replies":[{"embeddable":true,"href":"https:\/\/www.iceagetv.com\/radiosite\/wp-json\/wp\/v2\/comments?post=35954"}],"version-history":[{"count":1,"href":"https:\/\/www.iceagetv.com\/radiosite\/wp-json\/wp\/v2\/posts\/35954\/revisions"}],"predecessor-version":[{"id":35957,"href":"https:\/\/www.iceagetv.com\/radiosite\/wp-json\/wp\/v2\/posts\/35954\/revisions\/35957"}],"wp:featuredmedia":[{"embeddable":true,"href":"https:\/\/www.iceagetv.com\/radiosite\/wp-json\/wp\/v2\/media\/35956"}],"wp:attachment":[{"href":"https:\/\/www.iceagetv.com\/radiosite\/wp-json\/wp\/v2\/media?parent=35954"}],"wp:term":[{"taxonomy":"category","embeddable":true,"href":"https:\/\/www.iceagetv.com\/radiosite\/wp-json\/wp\/v2\/categories?post=35954"},{"taxonomy":"post_tag","embeddable":true,"href":"https:\/\/www.iceagetv.com\/radiosite\/wp-json\/wp\/v2\/tags?post=35954"}],"curies":[{"name":"wp","href":"https:\/\/api.w.org\/{rel}","templated":true}]}}