{"id":36030,"date":"2025-06-24T18:35:45","date_gmt":"2025-06-24T16:35:45","guid":{"rendered":"https:\/\/www.iceagetv.com\/radiosite\/?p=36030"},"modified":"2025-06-24T18:35:49","modified_gmt":"2025-06-24T16:35:49","slug":"reforme-des-retraites-les-deputes-ps-annoncent-deposer-prochainement-une-motion-de-censure-contre-francois-bayrou-apres-lechec-des-negociations-sur-les-retraites","status":"publish","type":"post","link":"https:\/\/www.iceagetv.com\/radiosite\/reforme-des-retraites-les-deputes-ps-annoncent-deposer-prochainement-une-motion-de-censure-contre-francois-bayrou-apres-lechec-des-negociations-sur-les-retraites\/","title":{"rendered":"R\u00e9forme des retraites: Les d\u00e9put\u00e9s PS annoncent d\u00e9poser prochainement une motion de censure contre Fran\u00e7ois Bayrou apr\u00e8s l&rsquo;\u00e9chec des n\u00e9gociations sur les retraites"},"content":{"rendered":"\n<p class=\"\">Le Premier ministre nous a demand\u00e9 de pointer, de repointer, les quelques sujets sur lesquels des d\u00e9saccords demeurent avec les organisations syndicales. On va bien \u00e9videmment se pr\u00eater \u00e0 l&rsquo;exercice\u00a0\u00bb, d\u00e9clare Patrick Martin, le patron du Medef, \u00e0 l&rsquo;issue de son entretien avec le Premier ministre Fran\u00e7ois Bayrou.<strong>Boris Vallaud, le chef de file des d\u00e9put\u00e9s socialistes, annonce qu&rsquo;une motion de censure va \u00eatre d\u00e9pos\u00e9e contre le gouvernement apr\u00e8s l&rsquo;\u00e9chec des n\u00e9gociations sur les retraites.<\/strong><\/p>\n\n\n\n<p class=\"\"><strong>\u00ab\u00a0Le respect de la parole donn\u00e9e est la base m\u00eame du r\u00e9gime d\u00e9mocratique\u00a0\u00bb, a-t-il indiqu\u00e9, accusant le Premier ministre de ne pas respecter le contrat de non-censure pass\u00e9 avec le PS en janvier dernier sur la r\u00e9forme des retraites. \u00ab\u00a0Le Parlement aura-t-il le dernier mot sur les 64 ans? Vous ne m&rsquo;avez pas r\u00e9pondu\u00a0\u00bb, a-t-il lanc\u00e9.<\/strong><\/p>\n\n\n\n<p class=\"\"><strong>\u00abVous avez pris des engagements pas tenus sur ce sujet. Cela nous contraint \u00e0 d\u00e9poser une motion de censure contre votre gouvernement\u00bb, a d\u00e9clar\u00e9 le d\u00e9put\u00e9 des Landes.<\/strong>Le pr\u00e9sident fran\u00e7ais Emmanuel Macron a appel\u00e9 mardi les partenaires sociaux, qui vont \u00eatre re\u00e7us par Fran\u00e7ois Bayrou, \u00e0 \u00ab&nbsp;trouver une solution&nbsp;\u00bb sur les retraites apr\u00e8s l\u2019\u00e9chec du conclave sur le sujet.<\/p>\n\n\n\n<p class=\"\">\u00ab&nbsp;Je les encourage ardemment \u00e0 savoir aller au del\u00e0 des d\u00e9saccords qui persistent et \u00e0 trouver ensemble une solution qui soit bonne pour le pays&nbsp;\u00bb, a-t-il dit, estimant que Fran\u00e7ois Bayrou \u00ab&nbsp;a tout \u00e0 fait raison de s\u2019engager et d\u2019insister sur l\u2019importance d\u2019un accord&nbsp;\u00bb.<\/p>\n\n\n\n<p class=\"\">Apr\u00e8s l\u2019\u00e9chec du conclave lundi, le Premier ministre va recevoir s\u00e9par\u00e9ment les organisations syndicales et patronales qui ont particip\u00e9 aux quatre mois de n\u00e9gociations, dans une tentative de la derni\u00e8re chance pour surmonter les blocages.<\/p>\n\n\n\n<p class=\"\">\u00ab&nbsp;Moi, je veux saluer tous les partenaires sociaux qui sont encore autour de la table et qui ont d\u00e9cid\u00e9 que discuter, n\u00e9gocier \u00e9tait important&nbsp;\u00bb, a ajout\u00e9 Emmanuel Macron depuis la Norv\u00e8ge.<\/p>\n\n\n\n<p class=\"\">Les trois syndicats qui participaient au conclave (CFDT, CGE-CGC, CFTC) doivent \u00eatre re\u00e7us en milieu de journ\u00e9e \u00e0 Matignon. Le rendez-vous avec les organisations patronales devrait intervenir apr\u00e8s.Le N.1 du Medef Patrick Martin a affirm\u00e9 que l\u2019organisation patronale ira \u00ab&nbsp;bien s\u00fbr&nbsp;\u00bb \u00e0 Matignon o\u00f9 le Premier ministre a invit\u00e9 les partenaires sociaux ayant particip\u00e9 au conclave sur les retraites \u00e0 une r\u00e9union mardi.<\/p>\n\n\n\n<p class=\"\">\u00ab&nbsp;Il est important de tenir le dialogue avec les syndicats, avec le gouvernement lui m\u00eame&nbsp;\u00bb, a d\u00e9clar\u00e9 M. Martin sur franceinfo, \u00e9voquant \u00ab&nbsp;la conviction (qu\u2019il a) avec le Medef qu\u2019il faut que le dialogue social se poursuive et que la d\u00e9mocratie sociale occupe tout son champ&nbsp;\u00bb.<\/p>\n\n\n\n<p class=\"\">Selon le pr\u00e9sident du Medef, \u00ab&nbsp;on n\u2019a pas pass\u00e9 18 journ\u00e9es de n\u00e9gociations pour faire genre ou pour faire illusion&nbsp;\u00bb, assurant que son organisation a particip\u00e9 aux n\u00e9gociations de \u00ab&nbsp;bonne foi&nbsp;\u00bb et formul\u00e9 des propositions \u00ab&nbsp;tr\u00e8s robustes, tr\u00e8s s\u00e9rieuses&nbsp;\u00bb.<\/p>\n\n\n\n<p class=\"\">Il y a eu \u00ab&nbsp;des avanc\u00e9es tr\u00e8s significatives qui n\u2019\u00e9taient m\u00eame pas imaginables en d\u00e9but d\u2019ann\u00e9e&nbsp;\u00bb, a-t-il soulign\u00e9, d\u00e9plorant \u00ab&nbsp;l\u2019objectif non-dit d\u2019un certain nombre d\u2019organisations syndicales qui est de faire partir le plus possible de personnes avant l\u2019\u00e2ge l\u00e9gal&nbsp;\u00bb.<\/p>\n\n\n\n<p class=\"\">\u00ab&nbsp;Les points bloquants, c\u2019est que les organisations syndicales ne veulent pas remettre un certain nombre de dispositifs de carri\u00e8res longues, ce qui permettrait de d\u00e9gager des marges de manoeuvre financi\u00e8res sans augmenter le co\u00fbt du travail. Et \u00e7a permettrait de corriger des iniquit\u00e9s&nbsp;\u00bb, a-t-il affirm\u00e9.<\/p>\n\n\n\n<p class=\"\">Selon le pr\u00e9sident du Medef, le format du conclave \u00ab&nbsp;n\u2019\u00e9tait pas le bon&nbsp;\u00bb et il \u00ab&nbsp;a conduit \u00e0 ce que chacun campe sur ses positions et soit moins en confiance&nbsp;\u00bb, pointant notamment des \u00ab&nbsp;interf\u00e9rences politiques&nbsp;\u00bb.<\/p>\n\n\n\n<p class=\"\">Il a jug\u00e9 que la n\u00e9gociation avait \u00ab&nbsp;achopp\u00e9 sur les carri\u00e8res longues&nbsp;\u00bb et que \u00ab&nbsp;si l\u2019objectif, c\u2019est que 50% d\u2019une classe d\u2019\u00e2ge parte avant l\u2019\u00e2ge l\u00e9gal, \u00e7a ne marchera pas&nbsp;\u00bb.<\/p>\n\n\n\n<p class=\"\">Patrick Martin a estim\u00e9 que le Premier ministre Fran\u00e7ois Bayrou n\u2019\u00e9tait \u00ab&nbsp;pas dans une position d\u2019arbitre. A la fin c\u2019est le Parlement qui sera dans une position d\u2019arbitre&nbsp;\u00bb, a-t-il dit.<\/p>\n\n\n\n<p class=\"\"><\/p>\n","protected":false},"excerpt":{"rendered":"<p>Le Premier ministre nous a demand\u00e9 de pointer, de repointer, les quelques sujets sur lesquels des d\u00e9saccords demeurent avec les organisations syndicales. On va bien \u00e9videmment se pr\u00eater \u00e0 l&rsquo;exercice\u00a0\u00bb, d\u00e9clare Patrick Martin, le patron du Medef, \u00e0 l&rsquo;issue de son entretien avec le Premier ministre Fran\u00e7ois Bayrou.Boris Vallaud, le chef de file des d\u00e9put\u00e9s [&hellip;]<\/p>\n","protected":false},"author":2,"featured_media":36031,"comment_status":"open","ping_status":"open","sticky":false,"template":"","format":"standard","meta":{"_jetpack_memberships_contains_paid_content":false,"footnotes":"","jetpack_publicize_message":"","jetpack_publicize_feature_enabled":true,"jetpack_social_post_already_shared":true,"jetpack_social_options":{"image_generator_settings":{"template":"highway","default_image_id":0,"enabled":true,"token":"eyJpbWciOiJodHRwczpcL1wvd3d3LmljZWFnZXR2LmNvbVwvcmFkaW9zaXRlXC93cC1jb250ZW50XC91cGxvYWRzXC8yMDI1XC8wNlwvTHluRzdMWDQuanBnIiwidHh0IjoiUlx1MDBlOWZvcm1lIGRlcyByZXRyYWl0ZXM6IExlcyBkXHUwMGU5cHV0XHUwMGU5cyBQUyBhbm5vbmNlbnQgZFx1MDBlOXBvc2VyIHByb2NoYWluZW1lbnQgdW5lIG1vdGlvbiBkZSBjZW5zdXJlIGNvbnRyZSBGcmFuXHUwMGU3b2lzIEJheXJvdSBhcHJcdTAwZThzIGwmIzgyMTc7XHUwMGU5Y2hlYyBkZXMgblx1MDBlOWdvY2lhdGlvbnMgc3VyIGxlcyByZXRyYWl0ZXMiLCJ0ZW1wbGF0ZSI6ImhpZ2h3YXkiLCJibG9nX2lkIjoxMTEwMTY0NjF9.h7tkZsGTEwi5Y_R1CAt0t6zLaIIkpqi80BFzt4HxNQsMQ"},"version":2},"_wpas_customize_per_network":false},"categories":[405],"tags":[],"class_list":["post-36030","post","type-post","status-publish","format-standard","has-post-thumbnail","hentry","category-actu-france-monde"],"jetpack_publicize_connections":[],"jetpack_featured_media_url":"https:\/\/i0.wp.com\/www.iceagetv.com\/radiosite\/wp-content\/uploads\/2025\/06\/LynG7LX4.jpg?fit=680%2C330&ssl=1","jetpack_sharing_enabled":true,"_links":{"self":[{"href":"https:\/\/www.iceagetv.com\/radiosite\/wp-json\/wp\/v2\/posts\/36030","targetHints":{"allow":["GET"]}}],"collection":[{"href":"https:\/\/www.iceagetv.com\/radiosite\/wp-json\/wp\/v2\/posts"}],"about":[{"href":"https:\/\/www.iceagetv.com\/radiosite\/wp-json\/wp\/v2\/types\/post"}],"author":[{"embeddable":true,"href":"https:\/\/www.iceagetv.com\/radiosite\/wp-json\/wp\/v2\/users\/2"}],"replies":[{"embeddable":true,"href":"https:\/\/www.iceagetv.com\/radiosite\/wp-json\/wp\/v2\/comments?post=36030"}],"version-history":[{"count":1,"href":"https:\/\/www.iceagetv.com\/radiosite\/wp-json\/wp\/v2\/posts\/36030\/revisions"}],"predecessor-version":[{"id":36032,"href":"https:\/\/www.iceagetv.com\/radiosite\/wp-json\/wp\/v2\/posts\/36030\/revisions\/36032"}],"wp:featuredmedia":[{"embeddable":true,"href":"https:\/\/www.iceagetv.com\/radiosite\/wp-json\/wp\/v2\/media\/36031"}],"wp:attachment":[{"href":"https:\/\/www.iceagetv.com\/radiosite\/wp-json\/wp\/v2\/media?parent=36030"}],"wp:term":[{"taxonomy":"category","embeddable":true,"href":"https:\/\/www.iceagetv.com\/radiosite\/wp-json\/wp\/v2\/categories?post=36030"},{"taxonomy":"post_tag","embeddable":true,"href":"https:\/\/www.iceagetv.com\/radiosite\/wp-json\/wp\/v2\/tags?post=36030"}],"curies":[{"name":"wp","href":"https:\/\/api.w.org\/{rel}","templated":true}]}}