{"id":36040,"date":"2025-06-25T09:28:55","date_gmt":"2025-06-25T07:28:55","guid":{"rendered":"https:\/\/www.iceagetv.com\/radiosite\/?p=36040"},"modified":"2025-06-25T09:29:00","modified_gmt":"2025-06-25T07:29:00","slug":"deux-morts-dont-un-policier-belge-dans-une-course-poursuite-en-moselle","status":"publish","type":"post","link":"https:\/\/www.iceagetv.com\/radiosite\/deux-morts-dont-un-policier-belge-dans-une-course-poursuite-en-moselle\/","title":{"rendered":"Deux morts, dont un policier belge, dans une course-poursuite en Moselle"},"content":{"rendered":"\n<p class=\"\">Deux personnes ont \u00e9t\u00e9 tu\u00e9es mardi soir, dont un policier belge, dans une course-poursuite en Moselle, a annonc\u00e9 mercredi 25 juin la gendarmerie. L&rsquo;accident s&rsquo;est d\u00e9roul\u00e9 pr\u00e8s d&rsquo;Angevillers, qui se situe \u00e0 quelques kilom\u00e8tres des fronti\u00e8res belge et luxembourgeoise.<\/p>\n\n\n\n<p class=\"\">Le v\u00e9hicule poursuivi par la police belge depuis la Belgique (trois v\u00e9hicules de police au total), soup\u00e7onn\u00e9 d&rsquo;\u00eatre un go-fast (transport de drogue), s&rsquo;est arr\u00eat\u00e9 sur une route d\u00e9partementale et ses deux occupants en sont sortis en courant. Des policiers belges les ont poursuivis \u00e0 pied. Percut\u00e9s par une voiture qui arrivait en face, l&rsquo;un des occupants du v\u00e9hicule poursuivi et un policier sont morts.&nbsp;Le conducteur du v\u00e9hicule a \u00e9t\u00e9 plac\u00e9 en garde \u00e0 vue, tout comme un passager qui se trouvait \u00e0 bord, selon les informations d&rsquo;<a href=\"https:\/\/www.francebleu.fr\/infos\/faits-divers-justice\/deux-morts-dont-un-policier-belge-mortellement-percutes-apres-une-course-poursuite-pres-d-angevillers-8495517\" target=\"_blank\" rel=\"noreferrer noopener\">ICI Lorraine(Nouvelle fen\u00eatre)<\/a>.<\/p>\n\n\n\n<p class=\"\"><em>\u00ab\u00a0Nous devons malheureusement confirmer qu&rsquo;un coll\u00e8gue de la police de la route est d\u00e9c\u00e9d\u00e9 pendant une intervention sur la D14 juste au-del\u00e0 de la fronti\u00e8re fran\u00e7aise. Par respect pour sa famille, ses amis et ses coll\u00e8gues proches, nous ne donnerons pas d&rsquo;autres d\u00e9tails pour le moment. Nos pens\u00e9es vont vers eux\u00a0\u00bb,<\/em>&nbsp;a r\u00e9agi aupr\u00e8s de l&rsquo;AFP la police f\u00e9d\u00e9rale belge.&nbsp;L&rsquo;enqu\u00eate a \u00e9t\u00e9 confi\u00e9e \u00e0 la brigade de recherches de Thionville.<\/p>\n","protected":false},"excerpt":{"rendered":"<p>Deux personnes ont \u00e9t\u00e9 tu\u00e9es mardi soir, dont un policier belge, dans une course-poursuite en Moselle, a annonc\u00e9 mercredi 25 juin la gendarmerie. L&rsquo;accident s&rsquo;est d\u00e9roul\u00e9 pr\u00e8s d&rsquo;Angevillers, qui se situe \u00e0 quelques kilom\u00e8tres des fronti\u00e8res belge et luxembourgeoise. Le v\u00e9hicule poursuivi par la police belge depuis la Belgique (trois v\u00e9hicules de police au total), [&hellip;]<\/p>\n","protected":false},"author":2,"featured_media":36041,"comment_status":"open","ping_status":"open","sticky":false,"template":"","format":"standard","meta":{"_jetpack_memberships_contains_paid_content":false,"footnotes":"","jetpack_publicize_message":"","jetpack_publicize_feature_enabled":true,"jetpack_social_post_already_shared":true,"jetpack_social_options":{"image_generator_settings":{"template":"highway","default_image_id":0,"enabled":true,"token":"eyJpbWciOiJodHRwczpcL1wvd3d3LmljZWFnZXR2LmNvbVwvcmFkaW9zaXRlXC93cC1jb250ZW50XC91cGxvYWRzXC8yMDI1XC8wNlwvRGV1eC1tb3J0cy1kb250LXVuLXBvbGljaWVyLWJlbGdlLWRhbnMtdW5lLWNvdXJzZS1wb3Vyc3VpdGUtZW4tTW9zZWxsZS5qcGciLCJ0eHQiOiJEZXV4IG1vcnRzLCBkb250IHVuIHBvbGljaWVyIGJlbGdlLCBkYW5zIHVuZSBjb3Vyc2UtcG91cnN1aXRlIGVuIE1vc2VsbGUiLCJ0ZW1wbGF0ZSI6ImhpZ2h3YXkiLCJibG9nX2lkIjoxMTEwMTY0NjF9.k51-OB5PnM_fWySM3oQJS2VQLOHNwXylymUBrg92xtoMQ"},"version":2},"_wpas_customize_per_network":false},"categories":[405],"tags":[],"class_list":["post-36040","post","type-post","status-publish","format-standard","has-post-thumbnail","hentry","category-actu-france-monde"],"jetpack_publicize_connections":[],"jetpack_featured_media_url":"https:\/\/i0.wp.com\/www.iceagetv.com\/radiosite\/wp-content\/uploads\/2025\/06\/Deux-morts-dont-un-policier-belge-dans-une-course-poursuite-en-Moselle.jpg?fit=778%2C462&ssl=1","jetpack_sharing_enabled":true,"_links":{"self":[{"href":"https:\/\/www.iceagetv.com\/radiosite\/wp-json\/wp\/v2\/posts\/36040","targetHints":{"allow":["GET"]}}],"collection":[{"href":"https:\/\/www.iceagetv.com\/radiosite\/wp-json\/wp\/v2\/posts"}],"about":[{"href":"https:\/\/www.iceagetv.com\/radiosite\/wp-json\/wp\/v2\/types\/post"}],"author":[{"embeddable":true,"href":"https:\/\/www.iceagetv.com\/radiosite\/wp-json\/wp\/v2\/users\/2"}],"replies":[{"embeddable":true,"href":"https:\/\/www.iceagetv.com\/radiosite\/wp-json\/wp\/v2\/comments?post=36040"}],"version-history":[{"count":1,"href":"https:\/\/www.iceagetv.com\/radiosite\/wp-json\/wp\/v2\/posts\/36040\/revisions"}],"predecessor-version":[{"id":36042,"href":"https:\/\/www.iceagetv.com\/radiosite\/wp-json\/wp\/v2\/posts\/36040\/revisions\/36042"}],"wp:featuredmedia":[{"embeddable":true,"href":"https:\/\/www.iceagetv.com\/radiosite\/wp-json\/wp\/v2\/media\/36041"}],"wp:attachment":[{"href":"https:\/\/www.iceagetv.com\/radiosite\/wp-json\/wp\/v2\/media?parent=36040"}],"wp:term":[{"taxonomy":"category","embeddable":true,"href":"https:\/\/www.iceagetv.com\/radiosite\/wp-json\/wp\/v2\/categories?post=36040"},{"taxonomy":"post_tag","embeddable":true,"href":"https:\/\/www.iceagetv.com\/radiosite\/wp-json\/wp\/v2\/tags?post=36040"}],"curies":[{"name":"wp","href":"https:\/\/api.w.org\/{rel}","templated":true}]}}