{"id":36044,"date":"2025-06-25T13:59:24","date_gmt":"2025-06-25T11:59:24","guid":{"rendered":"https:\/\/www.iceagetv.com\/radiosite\/?p=36044"},"modified":"2025-06-25T13:59:28","modified_gmt":"2025-06-25T11:59:28","slug":"laide-publique-au-developpement-mondiale-amputee-de-60-milliards-deuros-en-2025","status":"publish","type":"post","link":"https:\/\/www.iceagetv.com\/radiosite\/laide-publique-au-developpement-mondiale-amputee-de-60-milliards-deuros-en-2025\/","title":{"rendered":"L&rsquo;aide publique au d\u00e9veloppement mondiale amput\u00e9e de 60 milliards d&rsquo;euros en 2025"},"content":{"rendered":"\n<p class=\"\">Selon le directeur de l&rsquo;Agence fran\u00e7aise de d\u00e9veloppement, cette baisse des financements est principalement due au d\u00e9sengagement des Etats-Unis.Le montant allou\u00e9 \u00e0 l&rsquo;aide publique au d\u00e9veloppement a \u00e9t\u00e9 r\u00e9duit de 60 milliards d&rsquo;euros dans le monde en 2025,\u00a0<a href=\"https:\/\/www.franceinfo.fr\/monde\/usa\/etats-unis-les-ong-du-monde-entier-mises-a-mal-par-la-fin-de-l-aide-americaine_7117695.html\">principalement en raison du d\u00e9sengagement des Etats-Unis<\/a>, a affirm\u00e9 R\u00e9my Rioux, directeur g\u00e9n\u00e9ral de l&rsquo;Agence fran\u00e7aise de d\u00e9veloppement (AFD) mercredi 25 juin. R\u00e9my Rioux \u00e9tait auditionn\u00e9 par la commission des Finances de l&rsquo;Assembl\u00e9e nationale, \u00e0 quelques jours de la quatri\u00e8me Conf\u00e9rence des Nations unies pour le financement du d\u00e9veloppement organis\u00e9 \u00e0 S\u00e9ville.L&rsquo;AFD est une banque publique qui met en \u0153uvre la politique de d\u00e9veloppement fran\u00e7aise dans le monde, notamment en mati\u00e8re de lutte contre la pauvret\u00e9 et les in\u00e9galit\u00e9s.&nbsp;<em>\u00ab\u00a0On estime au total \u00e0 60 milliards de dollars la baisse de l&rsquo;aide publique au d\u00e9veloppement en une seule ann\u00e9e en 2025 par rapport \u00e0 2024\u00a0\u00bb<\/em>&nbsp;dans le monde, a relev\u00e9 R\u00e9my Rioux, dans son propos introductif, pointant un contexte qui \u00e9volue de fa\u00e7on<em>&nbsp;\u00ab\u00a0brutale\u00a0\u00bb<\/em>. Selon lui,&nbsp;<em>\u00ab\u00a0l&rsquo;\u00e9l\u00e9ment fondamental, c&rsquo;est depuis le 8 f\u00e9vrier,&nbsp;<a href=\"https:\/\/www.franceinfo.fr\/replay-radio\/franceinfo-et-vous\/le-demantelement-d-usaid-decidee-par-donald-trump-dans-franceinfo-et-vous-du-mercredi-12-fevrier-2025_7041956.html\">la fermeture de l&rsquo;agence d&rsquo;aide am\u00e9ricaine USAID<\/a>\u00ab\u00a0<\/em>, l&rsquo;agence am\u00e9ricaine de d\u00e9veloppement, et&nbsp;<em>\u00ab\u00a040 milliards de dollars qui disparaissent en quelques jours avec un impact \u00e9videmment tr\u00e8s important\u00a0\u00bb<\/em>, alors que les Etats-Unis \u00e9taient les plus actifs.<\/p>\n\n\n\n<h2 class=\"wp-block-heading\">\u00ab\u00a0Un choc que peu d&rsquo;agences ont connu dans l&rsquo;histoire de la R\u00e9publique\u00a0\u00bb<\/h2>\n\n\n\n<p class=\"\"><em>\u00ab\u00a0On peut aujourd&rsquo;hui \u00eatre inquiet pour les pays les plus pauvres, pour les secteurs sociaux, la sant\u00e9, l&rsquo;\u00e9ducation\u00a0\u00bb<\/em>, a d\u00e9clar\u00e9 le haut fonctionnaire \u00e0 la t\u00eate de l&rsquo;Agence depuis neuf ans. Outre le d\u00e9sengagement am\u00e9ricain dans l&rsquo;aide au d\u00e9veloppement, il a regrett\u00e9 un<em>&nbsp;\u00ab\u00a0mouvement important dans beaucoup de pays\u00a0\u00bb<\/em>, notamment europ\u00e9en sauf quelques exceptions, et qui n&rsquo;\u00e9pargne pas l&rsquo;institution financi\u00e8re fran\u00e7aise.<\/p>\n\n\n\n<p class=\"\">En 2025, l&rsquo;AFD&nbsp;<em>\u00ab\u00a0a perdu 50% de ses ressources budg\u00e9taires\u00a0\u00bb, \u00ab\u00a0un choc que peu d&rsquo;agences ont connu dans l&rsquo;histoire de la R\u00e9publique\u00a0\u00bb<\/em>, et l&rsquo;AFD qui&nbsp;<em>\u00ab\u00a0p\u00e8se 0,2% du budget de l&rsquo;Etat a contribu\u00e9 \u00e0 hauteur de 8% \u00e0 l&rsquo;effort total d&rsquo;ajustement du budget de l&rsquo;Etat cette ann\u00e9e\u00a0\u00bb<\/em>, a-t-il assur\u00e9. En 2025, la&nbsp;<em>\u00ab\u00a0baisse des ressources de l&rsquo;Etat risque d&rsquo;avoir un effet sur l&rsquo;activit\u00e9 totale\u00a0\u00bb<\/em>&nbsp;de l&rsquo;Agence<em>&nbsp;\u00ab\u00a0de l&rsquo;ordre de 1 milliard d&rsquo;euros\u00a0\u00bb<\/em>, a-t-il estim\u00e9. Et ce&nbsp;<em>\u00ab\u00a0milliard, il est assez probable qu&rsquo;on le perde surtout en Afrique\u00a0\u00bb.<\/em><\/p>\n\n\n\n<p class=\"\"><\/p>\n","protected":false},"excerpt":{"rendered":"<p>Selon le directeur de l&rsquo;Agence fran\u00e7aise de d\u00e9veloppement, cette baisse des financements est principalement due au d\u00e9sengagement des Etats-Unis.Le montant allou\u00e9 \u00e0 l&rsquo;aide publique au d\u00e9veloppement a \u00e9t\u00e9 r\u00e9duit de 60 milliards d&rsquo;euros dans le monde en 2025,\u00a0principalement en raison du d\u00e9sengagement des Etats-Unis, a affirm\u00e9 R\u00e9my Rioux, directeur g\u00e9n\u00e9ral de l&rsquo;Agence fran\u00e7aise de d\u00e9veloppement [&hellip;]<\/p>\n","protected":false},"author":2,"featured_media":36045,"comment_status":"open","ping_status":"open","sticky":false,"template":"","format":"standard","meta":{"_jetpack_memberships_contains_paid_content":false,"footnotes":"","jetpack_publicize_message":"","jetpack_publicize_feature_enabled":true,"jetpack_social_post_already_shared":true,"jetpack_social_options":{"image_generator_settings":{"template":"highway","default_image_id":0,"enabled":true,"token":"eyJpbWciOiJodHRwczpcL1wvd3d3LmljZWFnZXR2LmNvbVwvcmFkaW9zaXRlXC93cC1jb250ZW50XC91cGxvYWRzXC8yMDI1XC8wNlwvTGFpZGUtcHVibGlxdWUtYXUtZGV2ZWxvcHBlbWVudC1tb25kaWFsZS1hbXB1dGVlLWRlLTYwLW1pbGxpYXJkcy1kZXVyb3MtZW4tMjAyNS5qcGciLCJ0eHQiOiJMJiM4MjE3O2FpZGUgcHVibGlxdWUgYXUgZFx1MDBlOXZlbG9wcGVtZW50IG1vbmRpYWxlIGFtcHV0XHUwMGU5ZSBkZSA2MCBtaWxsaWFyZHMgZCYjODIxNztldXJvcyBlbiAyMDI1IiwidGVtcGxhdGUiOiJoaWdod2F5IiwiYmxvZ19pZCI6MTExMDE2NDYxfQ.V7JxvZCaJhc11jzcQH04CNQ8gt5xPf_7r9oTtePxxUcMQ"},"version":2},"_wpas_customize_per_network":false},"categories":[405],"tags":[],"class_list":["post-36044","post","type-post","status-publish","format-standard","has-post-thumbnail","hentry","category-actu-france-monde"],"jetpack_publicize_connections":[],"jetpack_featured_media_url":"https:\/\/i0.wp.com\/www.iceagetv.com\/radiosite\/wp-content\/uploads\/2025\/06\/Laide-publique-au-developpement-mondiale-amputee-de-60-milliards-deuros-en-2025.jpg?fit=735%2C430&ssl=1","jetpack_sharing_enabled":true,"_links":{"self":[{"href":"https:\/\/www.iceagetv.com\/radiosite\/wp-json\/wp\/v2\/posts\/36044","targetHints":{"allow":["GET"]}}],"collection":[{"href":"https:\/\/www.iceagetv.com\/radiosite\/wp-json\/wp\/v2\/posts"}],"about":[{"href":"https:\/\/www.iceagetv.com\/radiosite\/wp-json\/wp\/v2\/types\/post"}],"author":[{"embeddable":true,"href":"https:\/\/www.iceagetv.com\/radiosite\/wp-json\/wp\/v2\/users\/2"}],"replies":[{"embeddable":true,"href":"https:\/\/www.iceagetv.com\/radiosite\/wp-json\/wp\/v2\/comments?post=36044"}],"version-history":[{"count":1,"href":"https:\/\/www.iceagetv.com\/radiosite\/wp-json\/wp\/v2\/posts\/36044\/revisions"}],"predecessor-version":[{"id":36046,"href":"https:\/\/www.iceagetv.com\/radiosite\/wp-json\/wp\/v2\/posts\/36044\/revisions\/36046"}],"wp:featuredmedia":[{"embeddable":true,"href":"https:\/\/www.iceagetv.com\/radiosite\/wp-json\/wp\/v2\/media\/36045"}],"wp:attachment":[{"href":"https:\/\/www.iceagetv.com\/radiosite\/wp-json\/wp\/v2\/media?parent=36044"}],"wp:term":[{"taxonomy":"category","embeddable":true,"href":"https:\/\/www.iceagetv.com\/radiosite\/wp-json\/wp\/v2\/categories?post=36044"},{"taxonomy":"post_tag","embeddable":true,"href":"https:\/\/www.iceagetv.com\/radiosite\/wp-json\/wp\/v2\/tags?post=36044"}],"curies":[{"name":"wp","href":"https:\/\/api.w.org\/{rel}","templated":true}]}}