{"id":36079,"date":"2025-06-26T13:30:43","date_gmt":"2025-06-26T11:30:43","guid":{"rendered":"https:\/\/www.iceagetv.com\/radiosite\/?p=36079"},"modified":"2025-06-26T13:30:47","modified_gmt":"2025-06-26T11:30:47","slug":"le-footballeur-kylian-mbappe-porte-plainte-contre-le-paris-saint-germain-son-ancien-club-pour-harcelement-moral-deux-juges-dinstruction-ont-ete-saisis","status":"publish","type":"post","link":"https:\/\/www.iceagetv.com\/radiosite\/le-footballeur-kylian-mbappe-porte-plainte-contre-le-paris-saint-germain-son-ancien-club-pour-harcelement-moral-deux-juges-dinstruction-ont-ete-saisis\/","title":{"rendered":"Le footballeur Kylian Mbapp\u00e9 porte plainte contre le Paris Saint-Germain, son ancien club, pour harc\u00e8lement moral &#8211; Deux juges d\u2019instruction ont \u00e9t\u00e9 saisis"},"content":{"rendered":"\n<p class=\"\">Une information judiciaire a \u00e9t\u00e9 ouverte mardi contre X pour harc\u00e8lement moral apr\u00e8s une plainte d\u00e9pos\u00e9e par le joueur de football Kylian Mbapp\u00e9 contre le Paris Saint-Germain, son ancien club, a indiqu\u00e9 jeudi le parquet de Paris, sollicit\u00e9 par l\u2019AFP.<\/p>\n\n\n\n<p class=\"\">Deux juges d\u2019instruction ont \u00e9t\u00e9 d\u00e9sign\u00e9s, a pr\u00e9cis\u00e9 une source proche du dossier, pour enqu\u00eater sur les accusations du joueur, qui \u00e9volue d\u00e9sormais comme attaquant au Real Madrid.<\/p>\n\n\n\n<p class=\"\">Kylian Mbapp\u00e9 a d\u00e9pos\u00e9 une plainte \u00e0 Paris le 16 mai pour harc\u00e8lement moral et tentative d\u2019extorsion de signature, d\u00e9non\u00e7ant notamment son placement \u00e0 l\u2019\u00e9t\u00e9 2023 dans le \u00ab&nbsp;loft&nbsp;\u00bb du PSG.<\/p>\n\n\n\n<p class=\"\">Cette pratique, r\u00e9currente dans les clubs, consiste en une mise \u00e0 l\u2019\u00e9cart des joueurs et fait d\u00e9j\u00e0 l\u2019objet de plusieurs enqu\u00eates \u00e0 Paris.<\/p>\n\n\n\n<p class=\"\">Une proc\u00e9dure est ainsi confi\u00e9e \u00e0 la Brigade de r\u00e9pression de la d\u00e9linquance aux personnes (BRDP), apr\u00e8s la plainte en mai de la joueuse de football Kheira Hamraoui visant le PSG.<\/p>\n\n\n\n<p class=\"\">Dans ce dossier, la joueuse, qui \u00e9volue d\u00e9sormais \u00e0 Al-Shabab en Arabie saoudite, affirme que le PSG l\u2019a mise \u00e0 l\u2019\u00e9cart apr\u00e8s sa convalescence afin de l\u2019inciter \u00e0 partir, selon une source proche du dossier.<\/p>\n\n\n\n<p class=\"\">Le PSG n\u2019est pas le seul club vis\u00e9 par des accusations.<\/p>\n\n\n\n<p class=\"\">D\u00e8s janvier 2024, le Syndicat des footballeurs et footballeuses professionnels avait port\u00e9 plainte contre X, accusant de harc\u00e8lement moral et d\u2019extorsion les diff\u00e9rents clubs mettant en place ces \u00ab&nbsp;lofts&nbsp;\u00bb pour mettre d\u00e9lib\u00e9r\u00e9ment \u00e0 l\u2019\u00e9cart certains joueurs afin, selon le syndicat, de \u00ab&nbsp;maximiser le prix des transferts&nbsp;\u00bb.<\/p>\n\n\n\n<p class=\"\">Outre le volet p\u00e9nal, Kylian Mbapp\u00e9, attaquant du Real Madrid et de l\u2019\u00e9quipe de France, est \u00e9galement en litige financier avec le PSG.<\/p>\n","protected":false},"excerpt":{"rendered":"<p>Une information judiciaire a \u00e9t\u00e9 ouverte mardi contre X pour harc\u00e8lement moral apr\u00e8s une plainte d\u00e9pos\u00e9e par le joueur de football Kylian Mbapp\u00e9 contre le Paris Saint-Germain, son ancien club, a indiqu\u00e9 jeudi le parquet de Paris, sollicit\u00e9 par l\u2019AFP. Deux juges d\u2019instruction ont \u00e9t\u00e9 d\u00e9sign\u00e9s, a pr\u00e9cis\u00e9 une source proche du dossier, pour enqu\u00eater [&hellip;]<\/p>\n","protected":false},"author":2,"featured_media":36080,"comment_status":"open","ping_status":"open","sticky":false,"template":"","format":"standard","meta":{"_jetpack_memberships_contains_paid_content":false,"footnotes":"","jetpack_publicize_message":"","jetpack_publicize_feature_enabled":true,"jetpack_social_post_already_shared":true,"jetpack_social_options":{"image_generator_settings":{"template":"highway","default_image_id":0,"enabled":true,"token":"eyJpbWciOiJodHRwczpcL1wvd3d3LmljZWFnZXR2LmNvbVwvcmFkaW9zaXRlXC93cC1jb250ZW50XC91cGxvYWRzXC8yMDI1XC8wNlwvTnlhcElkeXouanBnIiwidHh0IjoiTGUgZm9vdGJhbGxldXIgS3lsaWFuIE1iYXBwXHUwMGU5IHBvcnRlIHBsYWludGUgY29udHJlIGxlIFBhcmlzIFNhaW50LUdlcm1haW4sIHNvbiBhbmNpZW4gY2x1YiwgcG91ciBoYXJjXHUwMGU4bGVtZW50IG1vcmFsICYjODIxMTsgRGV1eCBqdWdlcyBkXHUyMDE5aW5zdHJ1Y3Rpb24gb250IFx1MDBlOXRcdTAwZTkgc2Fpc2lzIiwidGVtcGxhdGUiOiJoaWdod2F5IiwiYmxvZ19pZCI6MTExMDE2NDYxfQ.dFlDwi6vt8WEqfhJoI7EcLPNP_-mQlqGM412GnsMDOIMQ"},"version":2},"_wpas_customize_per_network":false},"categories":[405],"tags":[],"class_list":["post-36079","post","type-post","status-publish","format-standard","has-post-thumbnail","hentry","category-actu-france-monde"],"jetpack_publicize_connections":[],"jetpack_featured_media_url":"https:\/\/i0.wp.com\/www.iceagetv.com\/radiosite\/wp-content\/uploads\/2025\/06\/NyapIdyz.jpg?fit=679%2C293&ssl=1","jetpack_sharing_enabled":true,"_links":{"self":[{"href":"https:\/\/www.iceagetv.com\/radiosite\/wp-json\/wp\/v2\/posts\/36079","targetHints":{"allow":["GET"]}}],"collection":[{"href":"https:\/\/www.iceagetv.com\/radiosite\/wp-json\/wp\/v2\/posts"}],"about":[{"href":"https:\/\/www.iceagetv.com\/radiosite\/wp-json\/wp\/v2\/types\/post"}],"author":[{"embeddable":true,"href":"https:\/\/www.iceagetv.com\/radiosite\/wp-json\/wp\/v2\/users\/2"}],"replies":[{"embeddable":true,"href":"https:\/\/www.iceagetv.com\/radiosite\/wp-json\/wp\/v2\/comments?post=36079"}],"version-history":[{"count":1,"href":"https:\/\/www.iceagetv.com\/radiosite\/wp-json\/wp\/v2\/posts\/36079\/revisions"}],"predecessor-version":[{"id":36081,"href":"https:\/\/www.iceagetv.com\/radiosite\/wp-json\/wp\/v2\/posts\/36079\/revisions\/36081"}],"wp:featuredmedia":[{"embeddable":true,"href":"https:\/\/www.iceagetv.com\/radiosite\/wp-json\/wp\/v2\/media\/36080"}],"wp:attachment":[{"href":"https:\/\/www.iceagetv.com\/radiosite\/wp-json\/wp\/v2\/media?parent=36079"}],"wp:term":[{"taxonomy":"category","embeddable":true,"href":"https:\/\/www.iceagetv.com\/radiosite\/wp-json\/wp\/v2\/categories?post=36079"},{"taxonomy":"post_tag","embeddable":true,"href":"https:\/\/www.iceagetv.com\/radiosite\/wp-json\/wp\/v2\/tags?post=36079"}],"curies":[{"name":"wp","href":"https:\/\/api.w.org\/{rel}","templated":true}]}}