{"id":36085,"date":"2025-06-26T14:56:01","date_gmt":"2025-06-26T12:56:01","guid":{"rendered":"https:\/\/www.iceagetv.com\/radiosite\/?p=36085"},"modified":"2025-06-26T14:56:04","modified_gmt":"2025-06-26T12:56:04","slug":"la-centrafrique-decrete-trois-jours-de-deuil-national-apres-la-mort-de-29-lyceens-dans-une-bousculade-pendant-le-baccalaureat","status":"publish","type":"post","link":"https:\/\/www.iceagetv.com\/radiosite\/la-centrafrique-decrete-trois-jours-de-deuil-national-apres-la-mort-de-29-lyceens-dans-une-bousculade-pendant-le-baccalaureat\/","title":{"rendered":"La Centrafrique d\u00e9cr\u00e8te trois jours de deuil national apr\u00e8s la mort de 29\u00a0lyc\u00e9ens dans une bousculade pendant le baccalaur\u00e9at"},"content":{"rendered":"\n<p class=\"\">Les \u00e9l\u00e8ves et les surveillants ont \u00e9t\u00e9 pris de panique apr\u00e8s l&rsquo;explosion d&rsquo;un transformateur \u00e9lectrique pendant les \u00e9preuves.Le pr\u00e9sident centrafricain, Faustin Archange Touad\u00e9ra, a annonc\u00e9 jeudi 26&nbsp;juin trois jours de deuil national apr\u00e8s la mort d&rsquo;au moins 29&nbsp;lyc\u00e9ens mercredi dans une bousculade provoqu\u00e9e par l&rsquo;explosion d&rsquo;un transformateur \u00e9lectrique pendant les \u00e9preuves du baccalaur\u00e9at qui se d\u00e9roulaient au lyc\u00e9e Barth\u00e9lemy-Boganda. Au moment de l&rsquo;explosion, vers 13&nbsp;heures, un peu plus de 5&nbsp;300 \u00e9l\u00e8ves planchaient sur les \u00e9preuves de la deuxi\u00e8me journ\u00e9e d&rsquo;examen.<\/p>\n\n\n\n<p class=\"\"><em>\u00ab\u00a0Je tiens \u00e0 apporter mon t\u00e9moignage de solidarit\u00e9 et de compassion aux parents des candidats d\u00e9c\u00e9d\u00e9s, aux personnels \u00e9ducatifs, aux \u00e9l\u00e8ves, et \u00e0 leur pr\u00e9senter mes condol\u00e9ances les plus \u00e9mues et attrist\u00e9es, ainsi que mes v\u0153ux sinc\u00e8res de prompt r\u00e9tablissement aux bless\u00e9s\u00a0\u00bb<\/em>, a d\u00e9clar\u00e9 Faustin Archange Touad\u00e9ra dans&nbsp;<a target=\"_blank\" rel=\"noreferrer noopener\" href=\"https:\/\/fb.watch\/AsZ-to-z4E\/\">une vid\u00e9o publi\u00e9e sur la page Facebook officielle de son parti(Nouvelle fen\u00eatre)<\/a>&nbsp;et enregistr\u00e9e depuis Bruxelles o\u00f9 il assiste au sommet de l&rsquo;Alliance du vaccin (Gavi).<\/p>\n\n\n\n<p class=\"\">Pris de panique, surveillants et \u00e9l\u00e8ves ont tent\u00e9 de fuir, certains en sautant depuis le premier \u00e9tage de l&rsquo;\u00e9tablissement. De nombreux bless\u00e9s ont afflu\u00e9, transport\u00e9s en ambulance, dans les bennes de pick-up, sur des motos-taxis et parfois m\u00eame \u00e0 bout de bras, ont constat\u00e9 des journalistes de l&rsquo;AFP. Selon un document circulant sur les r\u00e9seaux sociaux et authentifi\u00e9 par le minist\u00e8re de la Sant\u00e9, 29&nbsp;morts ont \u00e9t\u00e9 recens\u00e9s par les h\u00f4pitaux de Bangui.<\/p>\n","protected":false},"excerpt":{"rendered":"<p>Les \u00e9l\u00e8ves et les surveillants ont \u00e9t\u00e9 pris de panique apr\u00e8s l&rsquo;explosion d&rsquo;un transformateur \u00e9lectrique pendant les \u00e9preuves.Le pr\u00e9sident centrafricain, Faustin Archange Touad\u00e9ra, a annonc\u00e9 jeudi 26&nbsp;juin trois jours de deuil national apr\u00e8s la mort d&rsquo;au moins 29&nbsp;lyc\u00e9ens mercredi dans une bousculade provoqu\u00e9e par l&rsquo;explosion d&rsquo;un transformateur \u00e9lectrique pendant les \u00e9preuves du baccalaur\u00e9at qui se [&hellip;]<\/p>\n","protected":false},"author":2,"featured_media":36086,"comment_status":"open","ping_status":"open","sticky":false,"template":"","format":"standard","meta":{"_jetpack_memberships_contains_paid_content":false,"footnotes":"","jetpack_publicize_message":"","jetpack_publicize_feature_enabled":true,"jetpack_social_post_already_shared":true,"jetpack_social_options":{"image_generator_settings":{"template":"highway","default_image_id":0,"enabled":true,"token":"eyJpbWciOiJodHRwczpcL1wvd3d3LmljZWFnZXR2LmNvbVwvcmFkaW9zaXRlXC93cC1jb250ZW50XC91cGxvYWRzXC8yMDI1XC8wNlwvTGEtQ2VudHJhZnJpcXVlLWRlY3JldGUtdHJvaXMtam91cnMtZGUtZGV1aWwuanBnIiwidHh0IjoiTGEgQ2VudHJhZnJpcXVlIGRcdTAwZTljclx1MDBlOHRlIHRyb2lzIGpvdXJzIGRlIGRldWlsIG5hdGlvbmFsIGFwclx1MDBlOHMgbGEgbW9ydCBkZSAyOVx1MDBhMGx5Y1x1MDBlOWVucyBkYW5zIHVuZSBib3VzY3VsYWRlIHBlbmRhbnQgbGUgYmFjY2FsYXVyXHUwMGU5YXQiLCJ0ZW1wbGF0ZSI6ImhpZ2h3YXkiLCJibG9nX2lkIjoxMTEwMTY0NjF9.orGZcZS-a4piHeJYJLDsnoGoOw8vevcEhYfP1facFcYMQ"},"version":2},"_wpas_customize_per_network":false},"categories":[405],"tags":[],"class_list":["post-36085","post","type-post","status-publish","format-standard","has-post-thumbnail","hentry","category-actu-france-monde"],"jetpack_publicize_connections":[],"jetpack_featured_media_url":"https:\/\/i0.wp.com\/www.iceagetv.com\/radiosite\/wp-content\/uploads\/2025\/06\/La-Centrafrique-decrete-trois-jours-de-deuil.jpg?fit=794%2C448&ssl=1","jetpack_sharing_enabled":true,"_links":{"self":[{"href":"https:\/\/www.iceagetv.com\/radiosite\/wp-json\/wp\/v2\/posts\/36085","targetHints":{"allow":["GET"]}}],"collection":[{"href":"https:\/\/www.iceagetv.com\/radiosite\/wp-json\/wp\/v2\/posts"}],"about":[{"href":"https:\/\/www.iceagetv.com\/radiosite\/wp-json\/wp\/v2\/types\/post"}],"author":[{"embeddable":true,"href":"https:\/\/www.iceagetv.com\/radiosite\/wp-json\/wp\/v2\/users\/2"}],"replies":[{"embeddable":true,"href":"https:\/\/www.iceagetv.com\/radiosite\/wp-json\/wp\/v2\/comments?post=36085"}],"version-history":[{"count":1,"href":"https:\/\/www.iceagetv.com\/radiosite\/wp-json\/wp\/v2\/posts\/36085\/revisions"}],"predecessor-version":[{"id":36087,"href":"https:\/\/www.iceagetv.com\/radiosite\/wp-json\/wp\/v2\/posts\/36085\/revisions\/36087"}],"wp:featuredmedia":[{"embeddable":true,"href":"https:\/\/www.iceagetv.com\/radiosite\/wp-json\/wp\/v2\/media\/36086"}],"wp:attachment":[{"href":"https:\/\/www.iceagetv.com\/radiosite\/wp-json\/wp\/v2\/media?parent=36085"}],"wp:term":[{"taxonomy":"category","embeddable":true,"href":"https:\/\/www.iceagetv.com\/radiosite\/wp-json\/wp\/v2\/categories?post=36085"},{"taxonomy":"post_tag","embeddable":true,"href":"https:\/\/www.iceagetv.com\/radiosite\/wp-json\/wp\/v2\/tags?post=36085"}],"curies":[{"name":"wp","href":"https:\/\/api.w.org\/{rel}","templated":true}]}}