{"id":36090,"date":"2025-06-26T17:12:01","date_gmt":"2025-06-26T15:12:01","guid":{"rendered":"https:\/\/www.iceagetv.com\/radiosite\/?p=36090"},"modified":"2025-06-26T17:12:05","modified_gmt":"2025-06-26T15:12:05","slug":"canicule-le-gard-les-pyrenees-orientales-les-bouches-du-rhone-et-lherault-places-en-vigilance-orange-a-partir-de-vendredi-midi","status":"publish","type":"post","link":"https:\/\/www.iceagetv.com\/radiosite\/canicule-le-gard-les-pyrenees-orientales-les-bouches-du-rhone-et-lherault-places-en-vigilance-orange-a-partir-de-vendredi-midi\/","title":{"rendered":"Canicule : le Gard, les Pyr\u00e9n\u00e9es-Orientales, les Bouches-du-Rh\u00f4ne et l&rsquo;H\u00e9rault plac\u00e9s en vigilance orange \u00e0 partir de vendredi midi"},"content":{"rendered":"\n<p class=\"\">Dans son dernier bilan, M\u00e9t\u00e9o France place quatre d\u00e9partements en vigilance orange canicule. La chaleur devrait ensuite s&rsquo;\u00e9tendre plus au nord et vers le centre du pays pendant le week-end.Quatre d\u00e9partements du sud de la France sont plac\u00e9s en vigilance orange canicule \u00e0 partir du vendredi 27 juin \u00e0 midi, alerte&nbsp;<a href=\"https:\/\/vigilance.meteofrance.fr\/fr\/demain\" target=\"_blank\" rel=\"noreferrer noopener\">M\u00e9t\u00e9o France(Nouvelle fen\u00eatre)<\/a>. Le Gard, les Pyr\u00e9n\u00e9es-Orientales, les Bouches-du-Rh\u00f4ne et l&rsquo;H\u00e9rault sont concern\u00e9s.<\/p>\n\n\n\n<p class=\"\">L&rsquo;\u00e9pisode caniculaire va commencer \u00e0 midi avec des fortes chaleurs sur le pourtour m\u00e9diterran\u00e9en. Les temp\u00e9ratures seront comprises entre 35 et 38 degr\u00e9s dans les d\u00e9partements cibl\u00e9s par la vigilance orange. Le mercure grimpera jusqu&rsquo;\u00e0 39 degr\u00e9s localement,<em>&nbsp;\u00ab\u00a0voire plus en pointe \u00e0 l&rsquo;int\u00e9rieur des terres.\u00a0\u00bb<\/em>&nbsp;La nuit de vendredi \u00e0 samedi&nbsp;<em>\u00ab\u00a0sera tr\u00e8s chaude et \u00e9touffante\u00a0\u00bb<\/em>. Samedi, les maximales seront entre 37 et 39 degr\u00e9s.<\/p>\n\n\n\n<p class=\"\">M\u00e9t\u00e9o France s&rsquo;attend \u00e0 une remont\u00e9e des temp\u00e9ratures<em>&nbsp;\u00ab\u00a0commen\u00e7ant par le sud-est du pays\u00a0\u00bb<\/em>.&nbsp;La chaleur devrait ensuite s&rsquo;\u00e9tendre plus au nord et vers le centre du pays pendant le week-end.&nbsp;<\/p>\n","protected":false},"excerpt":{"rendered":"<p>Dans son dernier bilan, M\u00e9t\u00e9o France place quatre d\u00e9partements en vigilance orange canicule. La chaleur devrait ensuite s&rsquo;\u00e9tendre plus au nord et vers le centre du pays pendant le week-end.Quatre d\u00e9partements du sud de la France sont plac\u00e9s en vigilance orange canicule \u00e0 partir du vendredi 27 juin \u00e0 midi, alerte&nbsp;M\u00e9t\u00e9o France(Nouvelle fen\u00eatre). Le Gard, [&hellip;]<\/p>\n","protected":false},"author":2,"featured_media":36091,"comment_status":"open","ping_status":"open","sticky":false,"template":"","format":"standard","meta":{"_jetpack_memberships_contains_paid_content":false,"footnotes":"","jetpack_publicize_message":"","jetpack_publicize_feature_enabled":true,"jetpack_social_post_already_shared":true,"jetpack_social_options":{"image_generator_settings":{"template":"highway","default_image_id":0,"enabled":true,"token":"eyJpbWciOiJodHRwczpcL1wvd3d3LmljZWFnZXR2LmNvbVwvcmFkaW9zaXRlXC93cC1jb250ZW50XC91cGxvYWRzXC8yMDI1XC8wNlwvR3VYX2dVV1dZQUFIcHJRLTEwMjR4NTM2LmpwZyIsInR4dCI6IkNhbmljdWxlIDogbGUgR2FyZCwgbGVzIFB5clx1MDBlOW5cdTAwZTllcy1PcmllbnRhbGVzLCBsZXMgQm91Y2hlcy1kdS1SaFx1MDBmNG5lIGV0IGwmIzgyMTc7SFx1MDBlOXJhdWx0IHBsYWNcdTAwZTlzIGVuIHZpZ2lsYW5jZSBvcmFuZ2UgXHUwMGUwIHBhcnRpciBkZSB2ZW5kcmVkaSBtaWRpIiwidGVtcGxhdGUiOiJoaWdod2F5IiwiYmxvZ19pZCI6MTExMDE2NDYxfQ.70e9OJMLHy230vEuebMLzg5dd86qxbIb1etHGAhXI3EMQ"},"version":2},"_wpas_customize_per_network":false},"categories":[14],"tags":[],"class_list":["post-36090","post","type-post","status-publish","format-standard","has-post-thumbnail","hentry","category-actu-meteo"],"jetpack_publicize_connections":[],"jetpack_featured_media_url":"https:\/\/i0.wp.com\/www.iceagetv.com\/radiosite\/wp-content\/uploads\/2025\/06\/GuX_gUWWYAAHprQ.jpg?fit=1200%2C628&ssl=1","jetpack_sharing_enabled":true,"_links":{"self":[{"href":"https:\/\/www.iceagetv.com\/radiosite\/wp-json\/wp\/v2\/posts\/36090","targetHints":{"allow":["GET"]}}],"collection":[{"href":"https:\/\/www.iceagetv.com\/radiosite\/wp-json\/wp\/v2\/posts"}],"about":[{"href":"https:\/\/www.iceagetv.com\/radiosite\/wp-json\/wp\/v2\/types\/post"}],"author":[{"embeddable":true,"href":"https:\/\/www.iceagetv.com\/radiosite\/wp-json\/wp\/v2\/users\/2"}],"replies":[{"embeddable":true,"href":"https:\/\/www.iceagetv.com\/radiosite\/wp-json\/wp\/v2\/comments?post=36090"}],"version-history":[{"count":1,"href":"https:\/\/www.iceagetv.com\/radiosite\/wp-json\/wp\/v2\/posts\/36090\/revisions"}],"predecessor-version":[{"id":36092,"href":"https:\/\/www.iceagetv.com\/radiosite\/wp-json\/wp\/v2\/posts\/36090\/revisions\/36092"}],"wp:featuredmedia":[{"embeddable":true,"href":"https:\/\/www.iceagetv.com\/radiosite\/wp-json\/wp\/v2\/media\/36091"}],"wp:attachment":[{"href":"https:\/\/www.iceagetv.com\/radiosite\/wp-json\/wp\/v2\/media?parent=36090"}],"wp:term":[{"taxonomy":"category","embeddable":true,"href":"https:\/\/www.iceagetv.com\/radiosite\/wp-json\/wp\/v2\/categories?post=36090"},{"taxonomy":"post_tag","embeddable":true,"href":"https:\/\/www.iceagetv.com\/radiosite\/wp-json\/wp\/v2\/tags?post=36090"}],"curies":[{"name":"wp","href":"https:\/\/api.w.org\/{rel}","templated":true}]}}