{"id":36095,"date":"2025-06-26T18:06:39","date_gmt":"2025-06-26T16:06:39","guid":{"rendered":"https:\/\/www.iceagetv.com\/radiosite\/?p=36095"},"modified":"2025-06-26T18:06:43","modified_gmt":"2025-06-26T16:06:43","slug":"conclave-sur-les-retraites-francois-bayrou-evoque-des-avancees-mais-pas-daccord-signe-a-ce-stade-le-texte-sera-soumis-au-parlement-a-lautomne","status":"publish","type":"post","link":"https:\/\/www.iceagetv.com\/radiosite\/conclave-sur-les-retraites-francois-bayrou-evoque-des-avancees-mais-pas-daccord-signe-a-ce-stade-le-texte-sera-soumis-au-parlement-a-lautomne\/","title":{"rendered":"Conclave sur les retraites: Fran\u00e7ois Bayrou \u00e9voque des \u00ab\u00a0avanc\u00e9es\u00a0\u00bb mais pas d&rsquo;accord sign\u00e9 \u00e0 ce stade &#8211; Le texte sera soumis \u00ab\u00a0au parlement \u00e0 l&rsquo;automne"},"content":{"rendered":"\n<p class=\"\"><strong>Lors d&rsquo;une conf\u00e9rence de presse, Fran\u00e7ois Bayrou \u00e9voque des \u00ab\u00a0avanc\u00e9es\u00a0\u00bb mais pas d&rsquo;accord sign\u00e9 \u00e0 ce stade. Le texte sera soumis \u00ab\u00a0au parlement \u00e0 l&rsquo;automne\u00a0\u00bb, a-t-il pr\u00e9cis\u00e9.<\/strong><\/p>\n\n\n\n<p class=\"\">Le Premier ministre a d&rsquo;abord affirm\u00e9 \u00eatre \u00ab\u00a0impressionn\u00e9 par les progr\u00e8s qui ont \u00e9t\u00e9 faits depuis quatre mois\u00a0\u00bb du conclave sur les retraites, m\u00eame s&rsquo;il reconna\u00eet qu&rsquo;il n&rsquo;a pas \u00ab\u00a0d\u00e9bouch\u00e9 sur un accord imm\u00e9diat\u00a0\u00bb.<\/p>\n\n\n\n<p class=\"\">Et d&rsquo;ajouter: \u00ab\u00a0Le conclave a \u00e9t\u00e9 remarquablement utile\u00a0\u00bb, soulignant que \u00ab\u00a0des pas en avant\u00a0\u00bb ont \u00e9t\u00e9 effectu\u00e9s et qu&rsquo;il y a aussi des \u00ab\u00a0points d&rsquo;accord et de dissonance\u00a0\u00bb.<\/p>\n\n\n\n<p class=\"\">Fran\u00e7ois Bayrou pointe \u00e9galement un \u00ab\u00a0appauvrissement des comp\u00e9tences et des talents\u00a0\u00bb avec le faible taux de travail des seniors.<\/p>\n\n\n\n<p class=\"\">Et d&rsquo;\u00e9num\u00e9rer les avanc\u00e9es et les points \u00ab\u00a0pour ainsi dire acquis\u00a0\u00bb.<\/p>\n\n\n\n<p class=\"\">\u00ab\u00a0Premi\u00e8re avanc\u00e9e, tous les participants ont accept\u00e9 le retour de l&rsquo;\u00e9quilibre \u00e0 l&rsquo;horizon 2030 pour assurer la sauvegarde de notre syst\u00e8me par r\u00e9partition\u00a0\u00bb.<\/p>\n\n\n\n<p class=\"\">\u00ab\u00a0Deuxi\u00e8me avanc\u00e9e: tous les participants se sont accord\u00e9s pour ne pas remettre en cause les conditions d&rsquo;\u00e2ge fix\u00e9es par la loi de 2023.\u00a0\u00bb<\/p>\n\n\n\n<p class=\"\">\u00ab\u00a0Il n&rsquo;y a plus que deux sujets qui demeurent \u00e0 r\u00e9soudre et qui sont des sujets solubles, \u00e0 port\u00e9e de la main\u00a0\u00bb, a-t-il indiqu\u00e9.<\/p>\n\n\n\n<p class=\"\">\u00ab\u00a0Ces deux sujets \u00e0 traiter sont peu de choses dans les derniers m\u00e8tres\u00a0\u00bb, a pr\u00e9cis\u00e9 Fran\u00e7ois Bayrou.<\/p>\n\n\n\n<p class=\"\">\u00ab\u00a0Le compromis est \u00e0 port\u00e9e et c&rsquo;est ce que je souhaite. Les organisations vont se remettre au travail\u00a0\u00bb et sans accord, \u00ab\u00a0le gouvernement prendrait ses responsabilit\u00e9s\u00a0\u00bb.<\/p>\n\n\n\n<p class=\"\">Les parties s&rsquo;accordent sur&nbsp;\u00ab\u00a0le principe du retour \u00e0 l&rsquo;\u00e9quilibre en 2030 pour assurer la sauvegarde du syst\u00e8me par r\u00e9partition\u00a0\u00bb, selon Fran\u00e7ois Bayrou.<\/p>\n\n\n\n<p class=\"\">Avant d&rsquo;indiquer que \u00ab\u00a0Les experts et n\u00e9gociateurs\u00a0\u00bb\u00a0doivent de nouveau se r\u00e9unir pendant deux ou trois semaines, afin de trouver un accord global.Fran\u00e7ois Bayrou livre cet apr\u00e8s-midi le r\u00e9sultat de sa tentative de la derni\u00e8re chance pour sauver la concertation entre partenaires sociaux sur les retraites, apr\u00e8s l\u2019\u00e9chec de quatre mois de \u00ab&nbsp;conclave&nbsp;\u00bb qui risque de fragiliser sa position \u00e0 la t\u00eate du gouvernement.<\/p>\n\n\n\n<p class=\"\">Le Premier ministre tient une conf\u00e9rence de presse \u00e0 17h00 \u00e0 Matignon pour \u00ab&nbsp;tirer les conclusions&nbsp;\u00bb de ses \u00e9changes avec les organisations syndicales et patronales.<\/p>\n\n\n\n<p class=\"\">\u00ab&nbsp;Et s\u2019il demeure des points de d\u00e9saccord, le gouvernement les tranchera&nbsp;\u00bb et \u00ab&nbsp;prendra ses responsabilit\u00e9s&nbsp;\u00bb, a assur\u00e9 mercredi devant le S\u00e9nat Fran\u00e7ois Bayrou.<\/p>\n\n\n\n<p class=\"\">Ce grand d\u00e9fenseur de la d\u00e9mocratie sociale consid\u00e8re que les partenaires sociaux \u00e9taient \u00ab&nbsp;\u00e0 quelques centim\u00e8tres de la r\u00e9ussite du conclave&nbsp;\u00bb et que leur \u00ab&nbsp;travail ne sera pas oubli\u00e9&nbsp;\u00bb.<\/p>\n\n\n\n<p class=\"\">Lundi, apr\u00e8s une ultime s\u00e9ance de n\u00e9gociations pour apporter des am\u00e9liorations \u00e0 la loi Borne de 2023, patronat et syndicats n\u2019avaient eu d\u2019autre choix que d\u2019acter leur \u00e9chec. Mais Fran\u00e7ois Bayrou avait estim\u00e9 qu\u2019il existait une \u00ab&nbsp;voie de passage&nbsp;\u00bb et entam\u00e9 lui-m\u00eame des discussions.<\/p>\n\n\n\n<p class=\"\">Lors de sa conf\u00e9rence de presse, il devrait notamment exposer les points de blocage et de consensus remont\u00e9s par les partenaires sociaux.<\/p>\n\n\n\n<p class=\"\">Avec \u00e0 la cl\u00e9 la promesse que si un accord \u00e9ventuel entra\u00eenait des dispositions l\u00e9gislatives, \u00ab&nbsp;elles seraient soumises au Parlement&nbsp;\u00bb. D\u2019autres mesures peuvent \u00eatre d\u2019ordre r\u00e8glementaire et relever du pouvoir ex\u00e9cutif.<\/p>\n\n\n\n<p class=\"\">Syndicats et organisations patronales s\u2019opposent notamment sur la prise en compte de la p\u00e9nibilit\u00e9 dans le moment du d\u00e9part en retraite.<\/p>\n\n\n\n<p class=\"\">Le Premier ministre veut obtenir des accords sur les femmes ayant eu des enfants, qui pourraient voir leur pension calcul\u00e9e de mani\u00e8re plus favorable, ainsi que sur \u00ab&nbsp;l\u2019\u00e2ge de d\u00e9part \u00e0 plein droit \u00e0 la retraite&nbsp;\u00bb qui pourrait \u00eatre avanc\u00e9 \u00e0 66,5 ans au lieu de 67 actuellement, selon la porte-parole du gouvernement Sophie Primas.<\/p>\n\n\n\n<p class=\"\">Mais un \u00e9ventuel accord sur ces points ne suffirait pas aux socialistes qui veulent pouvoir discuter de \u00ab&nbsp;tout&nbsp;\u00bb au Parlement, et en particulier de l\u2019\u00e2ge de d\u00e9part fix\u00e9 \u00e0 64 ans par la loi de 2023, ce que refuse le Premier ministre au nom de l\u2019\u00e9quilibre financier du r\u00e9gime.<\/p>\n","protected":false},"excerpt":{"rendered":"<p>Lors d&rsquo;une conf\u00e9rence de presse, Fran\u00e7ois Bayrou \u00e9voque des \u00ab\u00a0avanc\u00e9es\u00a0\u00bb mais pas d&rsquo;accord sign\u00e9 \u00e0 ce stade. Le texte sera soumis \u00ab\u00a0au parlement \u00e0 l&rsquo;automne\u00a0\u00bb, a-t-il pr\u00e9cis\u00e9. Le Premier ministre a d&rsquo;abord affirm\u00e9 \u00eatre \u00ab\u00a0impressionn\u00e9 par les progr\u00e8s qui ont \u00e9t\u00e9 faits depuis quatre mois\u00a0\u00bb du conclave sur les retraites, m\u00eame s&rsquo;il reconna\u00eet qu&rsquo;il n&rsquo;a [&hellip;]<\/p>\n","protected":false},"author":2,"featured_media":36096,"comment_status":"open","ping_status":"open","sticky":false,"template":"","format":"standard","meta":{"_jetpack_memberships_contains_paid_content":false,"footnotes":"","jetpack_publicize_message":"","jetpack_publicize_feature_enabled":true,"jetpack_social_post_already_shared":true,"jetpack_social_options":{"image_generator_settings":{"template":"highway","default_image_id":0,"enabled":true,"token":"eyJpbWciOiJodHRwczpcL1wvd3d3LmljZWFnZXR2LmNvbVwvcmFkaW9zaXRlXC93cC1jb250ZW50XC91cGxvYWRzXC8yMDI1XC8wNlwvSGttdHk3eDguanBnIiwidHh0IjoiQ29uY2xhdmUgc3VyIGxlcyByZXRyYWl0ZXM6IEZyYW5cdTAwZTdvaXMgQmF5cm91IFx1MDBlOXZvcXVlIGRlcyAmIzgyMjA7YXZhbmNcdTAwZTllcyYjODIyMTsgbWFpcyBwYXMgZCYjODIxNzthY2NvcmQgc2lnblx1MDBlOSBcdTAwZTAgY2Ugc3RhZGUgJiM4MjExOyBMZSB0ZXh0ZSBzZXJhIHNvdW1pcyAmIzgyMjA7YXUgcGFybGVtZW50IFx1MDBlMCBsJiM4MjE3O2F1dG9tbmUiLCJ0ZW1wbGF0ZSI6ImhpZ2h3YXkiLCJibG9nX2lkIjoxMTEwMTY0NjF9.b7x_OjXOkUjciriXmbap_1fl0Nhnbe_9bMJQUPNA3UoMQ"},"version":2},"_wpas_customize_per_network":false},"categories":[405],"tags":[],"class_list":["post-36095","post","type-post","status-publish","format-standard","has-post-thumbnail","hentry","category-actu-france-monde"],"jetpack_publicize_connections":[],"jetpack_featured_media_url":"https:\/\/i0.wp.com\/www.iceagetv.com\/radiosite\/wp-content\/uploads\/2025\/06\/Hkmty7x8.jpg?fit=679%2C293&ssl=1","jetpack_sharing_enabled":true,"_links":{"self":[{"href":"https:\/\/www.iceagetv.com\/radiosite\/wp-json\/wp\/v2\/posts\/36095","targetHints":{"allow":["GET"]}}],"collection":[{"href":"https:\/\/www.iceagetv.com\/radiosite\/wp-json\/wp\/v2\/posts"}],"about":[{"href":"https:\/\/www.iceagetv.com\/radiosite\/wp-json\/wp\/v2\/types\/post"}],"author":[{"embeddable":true,"href":"https:\/\/www.iceagetv.com\/radiosite\/wp-json\/wp\/v2\/users\/2"}],"replies":[{"embeddable":true,"href":"https:\/\/www.iceagetv.com\/radiosite\/wp-json\/wp\/v2\/comments?post=36095"}],"version-history":[{"count":1,"href":"https:\/\/www.iceagetv.com\/radiosite\/wp-json\/wp\/v2\/posts\/36095\/revisions"}],"predecessor-version":[{"id":36097,"href":"https:\/\/www.iceagetv.com\/radiosite\/wp-json\/wp\/v2\/posts\/36095\/revisions\/36097"}],"wp:featuredmedia":[{"embeddable":true,"href":"https:\/\/www.iceagetv.com\/radiosite\/wp-json\/wp\/v2\/media\/36096"}],"wp:attachment":[{"href":"https:\/\/www.iceagetv.com\/radiosite\/wp-json\/wp\/v2\/media?parent=36095"}],"wp:term":[{"taxonomy":"category","embeddable":true,"href":"https:\/\/www.iceagetv.com\/radiosite\/wp-json\/wp\/v2\/categories?post=36095"},{"taxonomy":"post_tag","embeddable":true,"href":"https:\/\/www.iceagetv.com\/radiosite\/wp-json\/wp\/v2\/tags?post=36095"}],"curies":[{"name":"wp","href":"https:\/\/api.w.org\/{rel}","templated":true}]}}