{"id":36104,"date":"2025-06-27T08:17:18","date_gmt":"2025-06-27T06:17:18","guid":{"rendered":"https:\/\/www.iceagetv.com\/radiosite\/?p=36104"},"modified":"2025-06-27T08:17:22","modified_gmt":"2025-06-27T06:17:22","slug":"bouches-du-rhone-oublie-par-son-pere-dans-une-voiture-stationnee-en-plein-soleil-un-enfant-de-deux-ans-a-ete-retrouve-mort-a-istres-le-pere-de-lenfant-a-ete-place-en-garde-a-vue","status":"publish","type":"post","link":"https:\/\/www.iceagetv.com\/radiosite\/bouches-du-rhone-oublie-par-son-pere-dans-une-voiture-stationnee-en-plein-soleil-un-enfant-de-deux-ans-a-ete-retrouve-mort-a-istres-le-pere-de-lenfant-a-ete-place-en-garde-a-vue\/","title":{"rendered":"Bouches-du-Rh\u00f4ne : Oubli\u00e9 par son p\u00e8re dans une voiture stationn\u00e9e en plein soleil, un enfant de deux ans a \u00e9t\u00e9 retrouv\u00e9 mort \u00e0 Istres &#8211; Le p\u00e8re de l&rsquo;enfant a \u00e9t\u00e9 plac\u00e9 en garde \u00e0 vue"},"content":{"rendered":"\n<p class=\"\">Un enfant de deux ans a \u00e9t\u00e9 retrouv\u00e9 mort jeudi apr\u00e8s-midi dans une voiture stationn\u00e9e sur la base a\u00e9rienne d&rsquo;Istres (Bouches-du-Rh\u00f4ne), o\u00f9 il avait \u00e9t\u00e9 oubli\u00e9 par son p\u00e8re, a-t-on appris aupr\u00e8s du parquet d&rsquo;Aix-en-Provence. \u00ab L&rsquo;enfant est mort apr\u00e8s avoir \u00e9t\u00e9 oubli\u00e9 dans la voiture expos\u00e9e au soleil et \u00e0 la chaleur \u00bb, a d\u00e9clar\u00e9 le procureur d&rsquo;Aix-en-Provence, Jean-Luc Blachon.<\/p>\n\n\n\n<p class=\"\">Une enqu\u00eate a \u00e9t\u00e9 ouverte du chef d&rsquo;homicide involontaire et le p\u00e8re de l&rsquo;enfant plac\u00e9 en garde \u00e0 vue, a-t-il pr\u00e9cis\u00e9, \u00e9voquant \u00ab avant tout un drame \u00bb.<\/p>\n\n\n\n<p class=\"\">Selon une source proche du dossier, le petit gar\u00e7on a \u00e9t\u00e9 retrouv\u00e9 en arr\u00eat cardio-respiratoire peu avant 16 heures. Le v\u00e9hicule \u00e9tait stationn\u00e9 sur un parking dans l&rsquo;enceinte de la base militaire d&rsquo;Istres o\u00f9 le p\u00e8re de l&rsquo;enfant travaille, a ajout\u00e9 le procureur, qui n&rsquo;a pas \u00e9t\u00e9 en mesure de pr\u00e9ciser le statut &#8211; civil ou militaire &#8211; du p\u00e8re de famille.<\/p>\n\n\n\n<p class=\"\">Selon M\u00e9t\u00e9o France, le thermom\u00e8tre est mont\u00e9 jusqu&rsquo;\u00e0 36 \u00b0C jeudi \u00e0 Istres, et les Bouches-du-Rh\u00f4ne ont \u00e9t\u00e9 plac\u00e9es \u00e0 partir de vendredi midi en vigilance orange canicule.<\/p>\n","protected":false},"excerpt":{"rendered":"<p>Un enfant de deux ans a \u00e9t\u00e9 retrouv\u00e9 mort jeudi apr\u00e8s-midi dans une voiture stationn\u00e9e sur la base a\u00e9rienne d&rsquo;Istres (Bouches-du-Rh\u00f4ne), o\u00f9 il avait \u00e9t\u00e9 oubli\u00e9 par son p\u00e8re, a-t-on appris aupr\u00e8s du parquet d&rsquo;Aix-en-Provence. \u00ab L&rsquo;enfant est mort apr\u00e8s avoir \u00e9t\u00e9 oubli\u00e9 dans la voiture expos\u00e9e au soleil et \u00e0 la chaleur \u00bb, a [&hellip;]<\/p>\n","protected":false},"author":2,"featured_media":36105,"comment_status":"open","ping_status":"open","sticky":false,"template":"","format":"standard","meta":{"_jetpack_memberships_contains_paid_content":false,"footnotes":"","jetpack_publicize_message":"","jetpack_publicize_feature_enabled":true,"jetpack_social_post_already_shared":true,"jetpack_social_options":{"image_generator_settings":{"template":"highway","default_image_id":0,"enabled":true,"token":"eyJpbWciOiJodHRwczpcL1wvd3d3LmljZWFnZXR2LmNvbVwvcmFkaW9zaXRlXC93cC1jb250ZW50XC91cGxvYWRzXC8yMDI1XC8wNlwvT3VibGllLXBhci1zb24tcGVyZS1kYW5zLXVuZS12b2l0dXJlLXN0YXRpb25uZWUtZW4tcGxlaW4tc29sZWlsLmpwZyIsInR4dCI6IkJvdWNoZXMtZHUtUmhcdTAwZjRuZSA6IE91YmxpXHUwMGU5IHBhciBzb24gcFx1MDBlOHJlIGRhbnMgdW5lIHZvaXR1cmUgc3RhdGlvbm5cdTAwZTllIGVuIHBsZWluIHNvbGVpbCwgdW4gZW5mYW50IGRlIGRldXggYW5zIGEgXHUwMGU5dFx1MDBlOSByZXRyb3V2XHUwMGU5IG1vcnQgXHUwMGUwIElzdHJlcyAmIzgyMTE7IExlIHBcdTAwZThyZSBkZSBsJiM4MjE3O2VuZmFudCBhIFx1MDBlOXRcdTAwZTkgcGxhY1x1MDBlOSBlbiBnYXJkZSBcdTAwZTAgdnVlIiwidGVtcGxhdGUiOiJoaWdod2F5IiwiYmxvZ19pZCI6MTExMDE2NDYxfQ.zvYUZWHGKfp-WleZjAdFL05ICwY-0vzTa3vGzHl3C3IMQ"},"version":2},"_wpas_customize_per_network":false},"categories":[405],"tags":[],"class_list":["post-36104","post","type-post","status-publish","format-standard","has-post-thumbnail","hentry","category-actu-france-monde"],"jetpack_publicize_connections":[],"jetpack_featured_media_url":"https:\/\/i0.wp.com\/www.iceagetv.com\/radiosite\/wp-content\/uploads\/2025\/06\/Oublie-par-son-pere-dans-une-voiture-stationnee-en-plein-soleil.jpg?fit=809%2C336&ssl=1","jetpack_sharing_enabled":true,"_links":{"self":[{"href":"https:\/\/www.iceagetv.com\/radiosite\/wp-json\/wp\/v2\/posts\/36104","targetHints":{"allow":["GET"]}}],"collection":[{"href":"https:\/\/www.iceagetv.com\/radiosite\/wp-json\/wp\/v2\/posts"}],"about":[{"href":"https:\/\/www.iceagetv.com\/radiosite\/wp-json\/wp\/v2\/types\/post"}],"author":[{"embeddable":true,"href":"https:\/\/www.iceagetv.com\/radiosite\/wp-json\/wp\/v2\/users\/2"}],"replies":[{"embeddable":true,"href":"https:\/\/www.iceagetv.com\/radiosite\/wp-json\/wp\/v2\/comments?post=36104"}],"version-history":[{"count":1,"href":"https:\/\/www.iceagetv.com\/radiosite\/wp-json\/wp\/v2\/posts\/36104\/revisions"}],"predecessor-version":[{"id":36106,"href":"https:\/\/www.iceagetv.com\/radiosite\/wp-json\/wp\/v2\/posts\/36104\/revisions\/36106"}],"wp:featuredmedia":[{"embeddable":true,"href":"https:\/\/www.iceagetv.com\/radiosite\/wp-json\/wp\/v2\/media\/36105"}],"wp:attachment":[{"href":"https:\/\/www.iceagetv.com\/radiosite\/wp-json\/wp\/v2\/media?parent=36104"}],"wp:term":[{"taxonomy":"category","embeddable":true,"href":"https:\/\/www.iceagetv.com\/radiosite\/wp-json\/wp\/v2\/categories?post=36104"},{"taxonomy":"post_tag","embeddable":true,"href":"https:\/\/www.iceagetv.com\/radiosite\/wp-json\/wp\/v2\/tags?post=36104"}],"curies":[{"name":"wp","href":"https:\/\/api.w.org\/{rel}","templated":true}]}}