{"id":36108,"date":"2025-06-27T13:51:23","date_gmt":"2025-06-27T11:51:23","guid":{"rendered":"https:\/\/www.iceagetv.com\/radiosite\/?p=36108"},"modified":"2025-06-27T13:51:27","modified_gmt":"2025-06-27T11:51:27","slug":"les-volcans-dauvergne-vont-ils-se-reveiller-des-seismes-et-du-magma-decouverts-sous-les-volcans-du-massif-central","status":"publish","type":"post","link":"https:\/\/www.iceagetv.com\/radiosite\/les-volcans-dauvergne-vont-ils-se-reveiller-des-seismes-et-du-magma-decouverts-sous-les-volcans-du-massif-central\/","title":{"rendered":"Les volcans d&rsquo;Auvergne vont-ils se r\u00e9veiller ? Des s\u00e9ismes et du magma d\u00e9couverts sous les volcans du Massif central"},"content":{"rendered":"\n<p class=\"\"><strong>Une \u00e9tude r\u00e9cente montre des signaux sismiques atypiques sous les volcans du Massif central. Ces signaux r\u00e9v\u00e8lent la pr\u00e9sence de magma en profondeur. Mais cela signifie-t-il pour autant que les volcans d\u2019Auvergne ne sont pas endormis ? Un scientifique qui a particip\u00e9 \u00e0 l\u2019\u00e9tude tente d\u2019y r\u00e9pondre.<\/strong>C\u2019est une \u00e9tude publi\u00e9e r\u00e9cemment qui risque de faire grand bruit. L\u2019\u00e9tude est financ\u00e9e par l\u2019ANR (Agence nationale de la recherche), port\u00e9e par l\u2019ISTERRE (Institut des sciences de la Terre). Elle a commenc\u00e9 en 2023 et doit s\u2019achever en 2028. Le projet consistait \u00e0 disposer sur l\u2019ensemble du Massif central un r\u00e9seau de stations sismiques. Pas moins de 100 sismom\u00e8tres ont \u00e9t\u00e9 install\u00e9s, pour enregistrer les vibrations \u00e9mises naturellement dans les profondeurs de la Terre. Guillaume Boudoire, professeur des universit\u00e9s en volcanologie du Laboratoire Magmas et Volcans de l\u2019Universit\u00e9 Clermont Auvergne, a particip\u00e9 \u00e0 cette \u00e9tude. Il en d\u00e9livre les premiers r\u00e9sultats :&nbsp;<em>\u201cLes premiers signaux trait\u00e9s ont r\u00e9v\u00e9l\u00e9 diff\u00e9rentes cat\u00e9gories de s\u00e9ismes. Les scientifiques ont identifi\u00e9 une forme d\u2019ondes assez sp\u00e9cifique \u00e0 l&rsquo;un de ces cat\u00e9gories, ponctuellement. Il s\u2019agit d\u2019une dizaine d\u2019occurrences enregistr\u00e9es depuis quelques ann\u00e9es. Ces formes d\u2019ondes sont caract\u00e9ristiques de ce qui peut \u00eatre observ\u00e9 sous certains volcans qui ont encore du magma en profondeur. Cette forme est typique de ce qu\u2019on peut observer \u00e0 Hawa\u00ef ou encore dans le Kamtchatka, en Russie, o\u00f9 se trouvent volcans actifs. Pour ces volcans, cette forme d\u2019ondes est interpr\u00e9t\u00e9e comme la pr\u00e9sence de magma en profondeur, en train de d\u00e9gazer<\/em>\u201d.&nbsp;<\/p>\n\n\n\n<h2 class=\"wp-block-heading\">Du magma en profondeur<\/h2>\n\n\n\n<p class=\"\">Cette \u00e9tude conclut, \u00e0 la lumi\u00e8re de la d\u00e9tection de ces formes d\u2019ondes, que sous le Massif central, au sens Cha\u00eene des puys-Monts Dore, on aurait encore du magma en profondeur au sein du manteau. Guillaume Boudoire d\u00e9finit la zone o\u00f9 se trouve le magma :&nbsp;<em>\u201cOn a la profondeur des \u00e9v\u00e9nements sismiques. On peut ainsi avoir une id\u00e9e de la zone o\u00f9 se trouve le magma. On estime qu\u2019il se trouve entre 25 et 35 km de profondeur. C\u2019est une zone qui n\u2019est pas anodine. On consid\u00e8re que dans notre d\u00e9partement, la limite entre la cro\u00fbte continentale et le manteau, se trouve environ \u00e0 25 km. On n\u2019est donc pas tr\u00e8s loin de cette limite<\/em>\u201d.&nbsp;<\/p>\n\n\n\n<h2 class=\"wp-block-heading\">Une zone volcanique potentiellement active<\/h2>\n\n\n\n<p class=\"\">Ces s\u00e9ismes longue p\u00e9riode profonds sont localis\u00e9s entre le puy de D\u00f4me et le Pariou mais aussi au sud du lac Pavin. \u00c0 l\u2019int\u00e9rieur du signal, ces s\u00e9ismes ne pr\u00e9sentent pas de hautes fr\u00e9quences. Cela signifie-t-il pour autant que les volcans du Massif central sont actifs ? Le scientifique r\u00e9pond : \u201c<em>Avec ces donn\u00e9es, on ne peut pas tirer de conclusions d\u00e9finitives. On sait qu&rsquo;\u00e0 l&rsquo;heure actuelle nous n&rsquo;avons pas d\u2019enregistrement autre qui t\u00e9moigne d\u2019un r\u00e9veil imm\u00e9diat des volcans d\u2019Auvergne. Pour d\u2019autres volcans, comme le Piton de la Fournaise, lorsqu\u2019il y a une \u00e9ruption, on enregistre d\u2019autres signes. Cela peut \u00eatre des modifications dans les gaz ou une sismicit\u00e9 qui remonte jusqu\u2019\u00e0 la surface. Pour le moment, dans le Massif central, on n\u2019a pas ces signaux-l\u00e0. On en reste \u00e0 dire qu\u2019il y a du magma en profondeur dans le manteau. Mais cela appelle quand m\u00eame \u00e0 une certaine vigilance de la part de tout le monde. On sait qu\u2019on est dans une zone volcanique qui est consid\u00e9r\u00e9e comme potentiellement active et pas \u00e9teinte. En revanche, avec les moyens actuels on ne sait pas quand on aura une \u00e9ruption. Cela peut-\u00eatre dans 10, dans 1000 ans ou dans 10 000 ans. On ne peut pas le savoir. \u00c0 l\u2019\u00e9chelle des temps g\u00e9ologiques, ce serait une anomalie qu\u2019il n\u2019y ait pas \u00e0 nouveau une \u00e9ruption un jour en Auvergne<\/em>\u201d.&nbsp;<\/p>\n\n\n\n<p class=\"\">En effet, il y a eu une activit\u00e9 volcanique depuis des dizaines de millions d\u2019ann\u00e9es, avec des pauses. La Cha\u00eene des puys a eu une activit\u00e9 soutenue puis des pauses de plusieurs milliers d\u2019ann\u00e9es. On n\u2019a pas connu d\u2019\u00e9ruption depuis un peu moins de 7 000 ans. \u201c<em>Cette pause aura une fin un jour<\/em>\u201d pr\u00e9vient Guillaume Boudoire.&nbsp;<\/p>\n\n\n\n<h2 class=\"wp-block-heading\"><em>\u00ab\u00a0Cela nous appelle \u00e0 la vigilance\u00a0\u00bb<\/em><\/h2>\n\n\n\n<p class=\"\">Le scientifique du&nbsp;<a href=\"https:\/\/lmv.uca.fr\/\" target=\"_blank\" rel=\"noreferrer noopener\">Laboratoire Magmas et Volcans<\/a>&nbsp;\u00e9voque la port\u00e9e de cette \u00e9tude : \u201c<em>Il y a un aspect scientifique. On a la certitude qu\u2019il y a encore du magma sous le Massif central. On s\u2019en doutait un peu car dans cette zone, il y a un potentiel g\u00e9othermique important, avec beaucoup de sources thermo-min\u00e9rales. Mais pour la premi\u00e8re fois, on a une preuve irr\u00e9futable sur un signal. D\u2019un autre c\u00f4t\u00e9, cela nous appelle \u00e0 la vigilance. Cela doit pouvoir renforcer les initiatives de recherche dans les ann\u00e9es \u00e0 venir. On doit chercher \u00e0 savoir si ce magma est l\u00e0 depuis 7 000 ans ou s\u2019il est plus r\u00e9cent. Il faut mesurer quelles cons\u00e9quences cela peut avoir dans le futur\u201d.<\/em><\/p>\n\n\n\n<p class=\"\">Dans l\u2019imaginaire collectif, nous avons tendance \u00e0 penser que les volcans d\u2019Auvergne sont \u00e9teints. Or, si on regarde les classifications et les nomenclatures internationales, tous les signes montrent qu\u2019ils sont potentiellement actifs.<a href=\"https:\/\/agupubs.onlinelibrary.wiley.com\/doi\/10.1029\/2025GL114904\" target=\"_blank\" rel=\"noreferrer noopener\">&nbsp;L&rsquo;\u00e9tude en anglais est accessible en ligne<\/a>.<\/p>\n","protected":false},"excerpt":{"rendered":"<p>Une \u00e9tude r\u00e9cente montre des signaux sismiques atypiques sous les volcans du Massif central. Ces signaux r\u00e9v\u00e8lent la pr\u00e9sence de magma en profondeur. Mais cela signifie-t-il pour autant que les volcans d\u2019Auvergne ne sont pas endormis ? Un scientifique qui a particip\u00e9 \u00e0 l\u2019\u00e9tude tente d\u2019y r\u00e9pondre.C\u2019est une \u00e9tude publi\u00e9e r\u00e9cemment qui risque de faire [&hellip;]<\/p>\n","protected":false},"author":2,"featured_media":36110,"comment_status":"open","ping_status":"open","sticky":false,"template":"","format":"standard","meta":{"_jetpack_memberships_contains_paid_content":false,"footnotes":"","jetpack_publicize_message":"","jetpack_publicize_feature_enabled":true,"jetpack_social_post_already_shared":true,"jetpack_social_options":{"image_generator_settings":{"template":"highway","default_image_id":0,"enabled":true,"token":"eyJpbWciOiJodHRwczpcL1wvd3d3LmljZWFnZXR2LmNvbVwvcmFkaW9zaXRlXC93cC1jb250ZW50XC91cGxvYWRzXC8yMDI1XC8wNlwvTGVzLXZvbGNhbnMtZEF1dmVyZ25lLmpwZyIsInR4dCI6IkxlcyB2b2xjYW5zIGQmIzgyMTc7QXV2ZXJnbmUgdm9udC1pbHMgc2Ugclx1MDBlOXZlaWxsZXIgPyBEZXMgc1x1MDBlOWlzbWVzIGV0IGR1IG1hZ21hIGRcdTAwZTljb3V2ZXJ0cyBzb3VzIGxlcyB2b2xjYW5zIGR1IE1hc3NpZiBjZW50cmFsIiwidGVtcGxhdGUiOiJoaWdod2F5IiwiYmxvZ19pZCI6MTExMDE2NDYxfQ.K8m1T1qnNAEhl1CaONfsPfKoATKzgCS2gji7yI-8mFgMQ"},"version":2},"_wpas_customize_per_network":false},"categories":[14],"tags":[],"class_list":["post-36108","post","type-post","status-publish","format-standard","has-post-thumbnail","hentry","category-actu-meteo"],"jetpack_publicize_connections":[],"jetpack_featured_media_url":"https:\/\/i0.wp.com\/www.iceagetv.com\/radiosite\/wp-content\/uploads\/2025\/06\/Les-volcans-dAuvergne.jpg?fit=564%2C381&ssl=1","jetpack_sharing_enabled":true,"_links":{"self":[{"href":"https:\/\/www.iceagetv.com\/radiosite\/wp-json\/wp\/v2\/posts\/36108","targetHints":{"allow":["GET"]}}],"collection":[{"href":"https:\/\/www.iceagetv.com\/radiosite\/wp-json\/wp\/v2\/posts"}],"about":[{"href":"https:\/\/www.iceagetv.com\/radiosite\/wp-json\/wp\/v2\/types\/post"}],"author":[{"embeddable":true,"href":"https:\/\/www.iceagetv.com\/radiosite\/wp-json\/wp\/v2\/users\/2"}],"replies":[{"embeddable":true,"href":"https:\/\/www.iceagetv.com\/radiosite\/wp-json\/wp\/v2\/comments?post=36108"}],"version-history":[{"count":1,"href":"https:\/\/www.iceagetv.com\/radiosite\/wp-json\/wp\/v2\/posts\/36108\/revisions"}],"predecessor-version":[{"id":36111,"href":"https:\/\/www.iceagetv.com\/radiosite\/wp-json\/wp\/v2\/posts\/36108\/revisions\/36111"}],"wp:featuredmedia":[{"embeddable":true,"href":"https:\/\/www.iceagetv.com\/radiosite\/wp-json\/wp\/v2\/media\/36110"}],"wp:attachment":[{"href":"https:\/\/www.iceagetv.com\/radiosite\/wp-json\/wp\/v2\/media?parent=36108"}],"wp:term":[{"taxonomy":"category","embeddable":true,"href":"https:\/\/www.iceagetv.com\/radiosite\/wp-json\/wp\/v2\/categories?post=36108"},{"taxonomy":"post_tag","embeddable":true,"href":"https:\/\/www.iceagetv.com\/radiosite\/wp-json\/wp\/v2\/tags?post=36108"}],"curies":[{"name":"wp","href":"https:\/\/api.w.org\/{rel}","templated":true}]}}