{"id":36136,"date":"2025-06-28T08:58:02","date_gmt":"2025-06-28T06:58:02","guid":{"rendered":"https:\/\/www.iceagetv.com\/radiosite\/?p=36136"},"modified":"2025-06-28T08:58:06","modified_gmt":"2025-06-28T06:58:06","slug":"tabac-linterdiction-de-fumer-etendue-aux-plages-aux-parcs-et-sous-les-abribus-a-partir-de-dimanche","status":"publish","type":"post","link":"https:\/\/www.iceagetv.com\/radiosite\/tabac-linterdiction-de-fumer-etendue-aux-plages-aux-parcs-et-sous-les-abribus-a-partir-de-dimanche\/","title":{"rendered":"Tabac: l&rsquo;interdiction de fumer \u00e9tendue aux plages, aux parcs et sous les abribus \u00e0 partir de dimanche"},"content":{"rendered":"\n<p class=\"\">La ministre de la Sant\u00e9 Catherine Vautrin avait annonc\u00e9 fin mai que fumer des cigarettes deviendrait interdit dans les lieux \u00ab\u00a0o\u00f9 il y a des enfants\u00a0\u00bb, comme les parcs.<\/p>\n\n\n\n<p class=\"\">Le d\u00e9cret annonc\u00e9 par le gouvernement pour \u00e9tendre l&rsquo;interdiction de&nbsp;<a href=\"https:\/\/www.bfmtv.com\/marseille\/est-ce-que-ca-va-etre-respecte-a-marseille-l-interdiction-de-fumer-sur-les-plages-laisse-sceptique_AD-202506030172.html\">fumer<\/a>&nbsp;aux abribus, parcs et jardins publics, plages ainsi qu&rsquo;aux abords des biblioth\u00e8ques, piscines ou \u00e9coles est paru ce samedi 28 juin au Journal officiel, avec application d\u00e8s dimanche.<\/p>\n\n\n\n<p class=\"\">Cette interdiction, visant principalement \u00e0 prot\u00e9ger les enfants du\u00a0<a href=\"https:\/\/www.bfmtv.com\/sante\/une-etude-alerte-sur-les-risques-du-tabagisme-ultra-passif_AN-202003070082.html\">tabagisme passif<\/a>, ne concerne pas les terrasses de caf\u00e9s et restaurants et ne mentionne pas les cigarettes \u00e9lectroniques, selon ce texte.Le d\u00e9cret doit encore \u00eatre compl\u00e9t\u00e9 par un arr\u00eat\u00e9 de la ministre en charge de la Sant\u00e9 pour d\u00e9finir les p\u00e9rim\u00e8tres pr\u00e9cis o\u00f9 il ne sera plus possible de fumer aux abords des \u00e9tablissements scolaires, biblioth\u00e8ques ou \u00e9quipements sportifs.<a href=\"https:\/\/www.bfmtv.com\/sante\/puffs-interdites-cigarettes-bannies-des-parcs-le-ministre-de-la-sante-veut-sortir-du-cote-ludique-du-tabac_AV-202311280512.html\">C<\/a><a href=\"https:\/\/www.bfmtv.com\/sante\/puffs-interdites-cigarettes-bannies-des-parcs-le-ministre-de-la-sante-veut-sortir-du-cote-ludique-du-tabac_AV-202311280512.html\">ette mesure avait \u00e9t\u00e9 promise par le gouvernement fin 2023<\/a>&nbsp;et confirm\u00e9e fin mai par Catherine Vautrin pour une entr\u00e9e en vigueur initialement fix\u00e9e au 1er juillet dans toute la France.<\/p>\n\n\n\n<h2 class=\"wp-block-heading\" id=\"ejc3v\">Une amende en cas d&rsquo;infraction?<\/h2>\n\n\n\n<p class=\"\">Le non-respect de cette interdiction pourrait \u00e0 terme \u00eatre sanctionn\u00e9 par une contravention de quatri\u00e8me classe, soit 135 euros, mais le minist\u00e8re de la Sant\u00e9 avait \u00e9voqu\u00e9 fin mai devant la presse une p\u00e9riode de \u00ab\u00a0p\u00e9dagogie\u00a0\u00bb. Le d\u00e9cret paru ce samedi matin n&rsquo;\u00e9voque pas de contravention en cas d&rsquo;infraction.L\u00e0 o\u00f9 il y a des enfants, le tabac doit dispara\u00eetre\u00a0\u00bb, a d\u00e9clar\u00e9 fin mai Catherine Vautrin, plaidant que la libert\u00e9 de fumer \u00ab\u00a0s&rsquo;arr\u00eate l\u00e0 o\u00f9 commence le droit des enfants \u00e0 respirer un air pur\u00a0\u00bb.<\/p>\n\n\n\n<p class=\"\">L&rsquo;\u00e9largissement des espaces sans tabac faisait partie des mesures pr\u00e9vues par le Programme national de lutte contre le tabac (PNLT) 2023-2027, pr\u00e9sent\u00e9 par le ministre de la Sant\u00e9 de l&rsquo;\u00e9poque, Aur\u00e9lien Rousseau, avec l&rsquo;ambition de \u00ab\u00a0relever le d\u00e9fi d&rsquo;une g\u00e9n\u00e9ration d\u00e9barrass\u00e9e du tabac d\u00e8s 2032\u00a0\u00bb.<\/p>\n\n\n\n<p class=\"\">D\u00e9sireuses d&rsquo;agir, 1.600 communes volontaires ont d\u00e9j\u00e0 \u00e9largi l&rsquo;interdiction de fumer dans les lieux publics \u00e0 des parcs, plages, pistes de ski, abords d&rsquo;\u00e9coles&#8230; soit 7.000 espaces sans tabac, dans des exp\u00e9rimentations locales accompagn\u00e9es par la Ligue contre le cancer.<\/p>\n","protected":false},"excerpt":{"rendered":"<p>La ministre de la Sant\u00e9 Catherine Vautrin avait annonc\u00e9 fin mai que fumer des cigarettes deviendrait interdit dans les lieux \u00ab\u00a0o\u00f9 il y a des enfants\u00a0\u00bb, comme les parcs. Le d\u00e9cret annonc\u00e9 par le gouvernement pour \u00e9tendre l&rsquo;interdiction de&nbsp;fumer&nbsp;aux abribus, parcs et jardins publics, plages ainsi qu&rsquo;aux abords des biblioth\u00e8ques, piscines ou \u00e9coles est paru [&hellip;]<\/p>\n","protected":false},"author":2,"featured_media":36137,"comment_status":"open","ping_status":"open","sticky":false,"template":"","format":"standard","meta":{"_jetpack_memberships_contains_paid_content":false,"footnotes":"","jetpack_publicize_message":"","jetpack_publicize_feature_enabled":true,"jetpack_social_post_already_shared":true,"jetpack_social_options":{"image_generator_settings":{"template":"highway","default_image_id":0,"enabled":true,"token":"eyJpbWciOiJodHRwczpcL1wvd3d3LmljZWFnZXR2LmNvbVwvcmFkaW9zaXRlXC93cC1jb250ZW50XC91cGxvYWRzXC8yMDI1XC8wNlwvMTI2NTY5Ni5qcGciLCJ0eHQiOiJUYWJhYzogbCYjODIxNztpbnRlcmRpY3Rpb24gZGUgZnVtZXIgXHUwMGU5dGVuZHVlIGF1eCBwbGFnZXMsIGF1eCBwYXJjcyBldCBzb3VzIGxlcyBhYnJpYnVzIFx1MDBlMCBwYXJ0aXIgZGUgZGltYW5jaGUiLCJ0ZW1wbGF0ZSI6ImhpZ2h3YXkiLCJibG9nX2lkIjoxMTEwMTY0NjF9.zqX0301lnPAuG8jv4OYQzve-C2PApWkMZLCRMUOk0o8MQ"},"version":2},"_wpas_customize_per_network":false},"categories":[405],"tags":[],"class_list":["post-36136","post","type-post","status-publish","format-standard","has-post-thumbnail","hentry","category-actu-france-monde"],"jetpack_publicize_connections":[],"jetpack_featured_media_url":"https:\/\/i0.wp.com\/www.iceagetv.com\/radiosite\/wp-content\/uploads\/2025\/06\/1265696.jpg?fit=800%2C450&ssl=1","jetpack_sharing_enabled":true,"_links":{"self":[{"href":"https:\/\/www.iceagetv.com\/radiosite\/wp-json\/wp\/v2\/posts\/36136","targetHints":{"allow":["GET"]}}],"collection":[{"href":"https:\/\/www.iceagetv.com\/radiosite\/wp-json\/wp\/v2\/posts"}],"about":[{"href":"https:\/\/www.iceagetv.com\/radiosite\/wp-json\/wp\/v2\/types\/post"}],"author":[{"embeddable":true,"href":"https:\/\/www.iceagetv.com\/radiosite\/wp-json\/wp\/v2\/users\/2"}],"replies":[{"embeddable":true,"href":"https:\/\/www.iceagetv.com\/radiosite\/wp-json\/wp\/v2\/comments?post=36136"}],"version-history":[{"count":1,"href":"https:\/\/www.iceagetv.com\/radiosite\/wp-json\/wp\/v2\/posts\/36136\/revisions"}],"predecessor-version":[{"id":36138,"href":"https:\/\/www.iceagetv.com\/radiosite\/wp-json\/wp\/v2\/posts\/36136\/revisions\/36138"}],"wp:featuredmedia":[{"embeddable":true,"href":"https:\/\/www.iceagetv.com\/radiosite\/wp-json\/wp\/v2\/media\/36137"}],"wp:attachment":[{"href":"https:\/\/www.iceagetv.com\/radiosite\/wp-json\/wp\/v2\/media?parent=36136"}],"wp:term":[{"taxonomy":"category","embeddable":true,"href":"https:\/\/www.iceagetv.com\/radiosite\/wp-json\/wp\/v2\/categories?post=36136"},{"taxonomy":"post_tag","embeddable":true,"href":"https:\/\/www.iceagetv.com\/radiosite\/wp-json\/wp\/v2\/tags?post=36136"}],"curies":[{"name":"wp","href":"https:\/\/api.w.org\/{rel}","templated":true}]}}