{"id":36158,"date":"2025-06-29T09:32:15","date_gmt":"2025-06-29T07:32:15","guid":{"rendered":"https:\/\/www.iceagetv.com\/radiosite\/?p=36158"},"modified":"2025-06-29T09:32:19","modified_gmt":"2025-06-29T07:32:19","slug":"en-iran-lattaque-israelienne-contre-la-prison-devin-a-fait-71-morts-selon-les-autorites","status":"publish","type":"post","link":"https:\/\/www.iceagetv.com\/radiosite\/en-iran-lattaque-israelienne-contre-la-prison-devin-a-fait-71-morts-selon-les-autorites\/","title":{"rendered":"En Iran, l&rsquo;attaque isra\u00e9lienne contre la prison d&rsquo;Evin a fait 71 morts selon les autorit\u00e9s"},"content":{"rendered":"\n<p class=\"\">C&rsquo;est dans ce complexe p\u00e9nitentiaire que sont notamment d\u00e9tenus deux Fran\u00e7ais, C\u00e9cile Kohler et Jacques Paris.L&rsquo;attaque isra\u00e9lienne men\u00e9e lundi 23 juin&nbsp;<a href=\"https:\/\/www.franceinfo.fr\/monde\/conflit-israel-iran\/guerre-israel-iran-une-frappe-a-cibe-la-prison-d-evin-les-francais-cecile-kohler-et-jacques-paris-n-auraient-pas-ete-touches_7332855.html\">contre la prison d&rsquo;Evin \u00e0 T\u00e9h\u00e9ran<\/a>&nbsp;en pleine guerre contre l&rsquo;Iran a fait 71 morts, a rapport\u00e9 dimanche 29 juin le pouvoir judiciaire iranien.&nbsp;Parmi les victimes figurent du personnel administratif de la prison, des soldats, des prisonniers, des proches venus leur rendre visite, mais aussi des habitants vivant \u00e0 proximit\u00e9 de l&rsquo;\u00e9tablissement, a pr\u00e9cis\u00e9 le porte-parole de cette autorit\u00e9, Asghar Jahangir.<\/p>\n\n\n\n<p class=\"\">Des photos du complexe p\u00e9nitentiaire diffus\u00e9es par la justice iranienne montrent des murs \u00e9ventr\u00e9s, des plafonds effondr\u00e9s et des tas de gravats en train d&rsquo;\u00eatre d\u00e9blay\u00e9s par des pelleteuses.&nbsp;<em>\u00ab\u00a0Le centre de sant\u00e9\u00a0\u00bb&nbsp;<\/em>et&nbsp;<em>\u00ab\u00a0le parloir\u00a0\u00bb<\/em>&nbsp;ont notamment \u00e9t\u00e9 cibl\u00e9s, a pr\u00e9cis\u00e9 le pouvoir judiciaire. De nombreux opposants et des prisonniers \u00e9trangers ou binationaux \u00e9taient d\u00e9tenus au moment des frappes isra\u00e9liennes dans ce centre p\u00e9nitentiaire ultra-s\u00e9curis\u00e9, situ\u00e9 au pied d&rsquo;une montagne dans le nord de T\u00e9h\u00e9ran.&nbsp;Mardi, les autorit\u00e9s ont annonc\u00e9 avoir&nbsp;<em>\u00ab\u00a0transf\u00e9r\u00e9\u00a0\u00bb<\/em>&nbsp;un nombre ind\u00e9termin\u00e9 de d\u00e9tenus vers d&rsquo;autres \u00e9tablissements p\u00e9nitentiaires.<\/p>\n\n\n\n<p class=\"\">Parmi les prisonniers \u00e9trangers d&rsquo;Evin figurent les ressortissants fran\u00e7ais C\u00e9cile Kohler et Jacques Paris, d\u00e9tenus depuis trois ans pour \u00ab\u00a0espionnage\u00a0\u00bb, ce que rejette&nbsp;<a href=\"https:\/\/france3-regions.franceinfo.fr\/grand-est\/alsace\/nous-ignorons-s-ils-sont-encore-vivants-les-familles-des-otages-cecile-kohler-et-jacques-paris-exhortent-l-iran-a-fournir-des-preuves-de-leur-integrite-physique-3178692.html\" target=\"_blank\" rel=\"noreferrer noopener\">leur entourage tr\u00e8s inquiet(Nouvelle fen\u00eatre)<\/a>. Ces Fran\u00e7ais&nbsp;<em>\u00ab\u00a0n&rsquo;auraient pas \u00e9t\u00e9 touch\u00e9s\u00a0\u00bb<\/em>, a dit lundi le chef de la diplomatie fran\u00e7aise, Jean-No\u00ebl Barrot, jugeant&nbsp;<em>\u00ab\u00a0inacceptable\u00a0\u00bb<\/em>&nbsp;la frappe isra\u00e9lienne. Professeure de lettres \u00e2g\u00e9e de 40 ans, C\u00e9cile Kohler, originaire de l&rsquo;est de la France, et son compagnon Jacques Paris, 72 ans, professeur retrait\u00e9 de math\u00e9matiques, avaient \u00e9t\u00e9 arr\u00eat\u00e9s le 7 mai 2022, au dernier jour d&rsquo;un voyage touristique en Iran.<\/p>\n","protected":false},"excerpt":{"rendered":"<p>C&rsquo;est dans ce complexe p\u00e9nitentiaire que sont notamment d\u00e9tenus deux Fran\u00e7ais, C\u00e9cile Kohler et Jacques Paris.L&rsquo;attaque isra\u00e9lienne men\u00e9e lundi 23 juin&nbsp;contre la prison d&rsquo;Evin \u00e0 T\u00e9h\u00e9ran&nbsp;en pleine guerre contre l&rsquo;Iran a fait 71 morts, a rapport\u00e9 dimanche 29 juin le pouvoir judiciaire iranien.&nbsp;Parmi les victimes figurent du personnel administratif de la prison, des soldats, des [&hellip;]<\/p>\n","protected":false},"author":2,"featured_media":36159,"comment_status":"open","ping_status":"open","sticky":false,"template":"","format":"standard","meta":{"_jetpack_memberships_contains_paid_content":false,"footnotes":"","jetpack_publicize_message":"","jetpack_publicize_feature_enabled":true,"jetpack_social_post_already_shared":true,"jetpack_social_options":{"image_generator_settings":{"template":"highway","default_image_id":0,"enabled":true,"token":"eyJpbWciOiJodHRwczpcL1wvd3d3LmljZWFnZXR2LmNvbVwvcmFkaW9zaXRlXC93cC1jb250ZW50XC91cGxvYWRzXC8yMDI1XC8wNlwvbGF0dGFxdWUtaXNyYWVsaWVubmUtY29udHJlLWxhLXByaXNvbi1kRXZpbi1hLWZhaXQtNzEtbW9ydHMtc2Vsb24tbGVzLWF1dG9yaXRlcy5qcGciLCJ0eHQiOiJFbiBJcmFuLCBsJiM4MjE3O2F0dGFxdWUgaXNyYVx1MDBlOWxpZW5uZSBjb250cmUgbGEgcHJpc29uIGQmIzgyMTc7RXZpbiBhIGZhaXQgNzEgbW9ydHMgc2Vsb24gbGVzIGF1dG9yaXRcdTAwZTlzIiwidGVtcGxhdGUiOiJoaWdod2F5IiwiYmxvZ19pZCI6MTExMDE2NDYxfQ.E1mwMtqd6TqBwIifRudopmAjrNprJwfm_7AJTn97W30MQ"},"version":2},"_wpas_customize_per_network":false},"categories":[405],"tags":[],"class_list":["post-36158","post","type-post","status-publish","format-standard","has-post-thumbnail","hentry","category-actu-france-monde"],"jetpack_publicize_connections":[],"jetpack_featured_media_url":"https:\/\/i0.wp.com\/www.iceagetv.com\/radiosite\/wp-content\/uploads\/2025\/06\/lattaque-israelienne-contre-la-prison-dEvin-a-fait-71-morts-selon-les-autorites.jpg?fit=784%2C428&ssl=1","jetpack_sharing_enabled":true,"_links":{"self":[{"href":"https:\/\/www.iceagetv.com\/radiosite\/wp-json\/wp\/v2\/posts\/36158","targetHints":{"allow":["GET"]}}],"collection":[{"href":"https:\/\/www.iceagetv.com\/radiosite\/wp-json\/wp\/v2\/posts"}],"about":[{"href":"https:\/\/www.iceagetv.com\/radiosite\/wp-json\/wp\/v2\/types\/post"}],"author":[{"embeddable":true,"href":"https:\/\/www.iceagetv.com\/radiosite\/wp-json\/wp\/v2\/users\/2"}],"replies":[{"embeddable":true,"href":"https:\/\/www.iceagetv.com\/radiosite\/wp-json\/wp\/v2\/comments?post=36158"}],"version-history":[{"count":1,"href":"https:\/\/www.iceagetv.com\/radiosite\/wp-json\/wp\/v2\/posts\/36158\/revisions"}],"predecessor-version":[{"id":36160,"href":"https:\/\/www.iceagetv.com\/radiosite\/wp-json\/wp\/v2\/posts\/36158\/revisions\/36160"}],"wp:featuredmedia":[{"embeddable":true,"href":"https:\/\/www.iceagetv.com\/radiosite\/wp-json\/wp\/v2\/media\/36159"}],"wp:attachment":[{"href":"https:\/\/www.iceagetv.com\/radiosite\/wp-json\/wp\/v2\/media?parent=36158"}],"wp:term":[{"taxonomy":"category","embeddable":true,"href":"https:\/\/www.iceagetv.com\/radiosite\/wp-json\/wp\/v2\/categories?post=36158"},{"taxonomy":"post_tag","embeddable":true,"href":"https:\/\/www.iceagetv.com\/radiosite\/wp-json\/wp\/v2\/tags?post=36158"}],"curies":[{"name":"wp","href":"https:\/\/api.w.org\/{rel}","templated":true}]}}