{"id":36162,"date":"2025-06-29T10:45:22","date_gmt":"2025-06-29T08:45:22","guid":{"rendered":"https:\/\/www.iceagetv.com\/radiosite\/?p=36162"},"modified":"2025-06-29T10:45:26","modified_gmt":"2025-06-29T08:45:26","slug":"crise-climatique-pourquoi-lobjectif-de-limiter-la-hausse-des-temperatures-sous-le-seuil-des-15c-nous-donne-des-sueurs-froides","status":"publish","type":"post","link":"https:\/\/www.iceagetv.com\/radiosite\/crise-climatique-pourquoi-lobjectif-de-limiter-la-hausse-des-temperatures-sous-le-seuil-des-15c-nous-donne-des-sueurs-froides\/","title":{"rendered":"Crise climatique : pourquoi l&rsquo;objectif de limiter la hausse des temp\u00e9ratures sous le seuil des +1,5\u00b0C nous donne des sueurs froides"},"content":{"rendered":"\n<p class=\"\">Pr\u00e8s de dix ans apr\u00e8s la signature de l&rsquo;accord de Paris, l&rsquo;objectif initial act\u00e9 dans ce texte nous glisse entre les doigts, estiment des scientifiques. Ils appellent \u00e0 acc\u00e9l\u00e9rer la baisse des \u00e9missions de gaz \u00e0 effet de serre.Certains sp\u00e9cialistes aiment comparer le r\u00e9chauffement climatique \u00e0 de la fi\u00e8vre. Si vous avez 37,5\u00b0C, vous allez bien. A 39\u00b0C, vous \u00eates malade. Si, sur le papier, 1,5\u00b0C ne semble pas faire une \u00e9norme diff\u00e9rence, les cons\u00e9quences d&rsquo;une telle hausse s&rsquo;av\u00e8rent d\u00e9j\u00e0 \u00e9normes pour nos organismes, comme pour notre atmosph\u00e8re.Depuis que l&rsquo;humanit\u00e9 a entam\u00e9 sa r\u00e9volution industrielle, \u00e0 la fin du XIXe si\u00e8cle, les \u00e9missions de gaz \u00e0 effet de serre issues de la combustion des \u00e9nergies fossiles (charbon, p\u00e9trole et gaz) ont fait bondir la temp\u00e9rature de notre plan\u00e8te. En 2024, la moyenne globale, calcul\u00e9e \u00e0 partir des valeurs recens\u00e9es partout dans le monde pendant une ann\u00e9e,&nbsp;<a href=\"https:\/\/www.franceinfo.fr\/environnement\/crise-climatique\/crise-climatique-l-annee-2024-a-ete-la-plus-chaude-jamais-enregistree-pour-la-premiere-fois-au-dessus-des-objectifs-de-l-accord-de-paris-selon-copernicus_7005233.html\">fait \u00e9tat d&rsquo;une augmentation de plus de 1,5\u00b0C<\/a>&nbsp;par rapport au temps des corsages et chapeaux haut de forme. Alors que 73 d\u00e9partements fran\u00e7ais sont&nbsp;<a href=\"https:\/\/www.franceinfo.fr\/environnement\/evenements-meteorologiques-extremes\/vagues-de-chaleur-canicules\/vague-de-chaleur-en-france-des-pointes-a-40-c-attendues-pres-de-la-mediterranee-alors-que-73-departements-sont-places-en-vigilance-orange-canicule_7344975.html\" target=\"_blank\" rel=\"noreferrer noopener\">en vigilance orange canicule(Nouvelle fen\u00eatre)<\/a>, que les effets du d\u00e9r\u00e8glement climatique perturbent la Coupe du monde des clubs aux Etats-Unis et que&nbsp;<a href=\"https:\/\/www.franceinfo.fr\/environnement\/evenements-meteorologiques-extremes\/vagues-de-chaleur-canicules\/reportage-il-fait-vraiment-trop-chaud-pour-se-promener-a-l-exterieur-a-pekin-la-canicule-met-les-habitants-a-rude-epreuve_7336299.html\">les habitants de P\u00e9kin suffoquent sous 40\u00b0C<\/a>, franceinfo vous dit tout sur ce seuil aussi symbolique que scientifique de 1,5\u00b0C, capital pour la sant\u00e9 de la plan\u00e8te bleue.<\/p>\n\n\n\n<h2 class=\"wp-block-heading\">D&rsquo;o\u00f9 vient ce seuil&nbsp;?&nbsp;<\/h2>\n\n\n\n<p class=\"\">Tout commence avec la signature de&nbsp;<a href=\"https:\/\/unfccc.int\/sites\/default\/files\/french_paris_agreement.pdf\" target=\"_blank\" rel=\"noreferrer noopener\">l&rsquo;accord de Paris(Nouvelle fen\u00eatre)<\/a>, en d\u00e9cembre 2015. A la toute fin de la COP21, les pays du monde entier se mettent d&rsquo;accord sur un objectif commun :<em>&nbsp;\u00ab\u00a0Conten<\/em>[ir]&nbsp;<em>l&rsquo;\u00e9l\u00e9vation de la temp\u00e9rature moyenne de la plan\u00e8te nettement en dessous de 2\u00b0C par rapport aux niveaux pr\u00e9industriels\u00a0\u00bb<\/em>&nbsp;et<em>&nbsp;\u00ab\u00a0poursuiv<\/em>[re]<em>&nbsp;l&rsquo;action\u00a0\u00bb&nbsp;<\/em>en vue de limiter cette hausse<em>&nbsp;\u00ab\u00a0\u00e0 1,5\u00b0C\u00a0\u00bb<\/em>. Ce seuil n&rsquo;est pas choisi au hasard. Il est<em>&nbsp;\u00ab\u00a0entendu&nbsp;<\/em><em>que<\/em>&nbsp;<em>cela<\/em>&nbsp;<em>r\u00e9duirait sensiblement les risques et les effets des changements climatiques\u00a0\u00bb,<\/em>&nbsp;continue le texte. En d&rsquo;autres termes&nbsp;: jusqu&rsquo;\u00e0 ces niveaux de r\u00e9chauffement, la science s&rsquo;accorde \u00e0 dire que l&rsquo;humanit\u00e9 sera capable de s&rsquo;adapter \u00e0 la fonte des glaces, aux temp\u00eates ou encore aux s\u00e9cheresses et canicules provoqu\u00e9es \u00e0 travers le globe par la hausse des temp\u00e9ratures.&nbsp;<\/p>\n\n\n\n<p class=\"\">Pour les pays les plus expos\u00e9s aux catastrophes li\u00e9es au climat \u2013&nbsp;et notamment les petits Etats insulaires menac\u00e9s de disparition par la mont\u00e9e des eaux&nbsp;\u2013 ce chiffre se r\u00e9v\u00e8le un outil de communication \u00e0 la hauteur du p\u00e9ril qui les guette&nbsp;: jusqu&rsquo;\u00e0 1,5\u00b0C de r\u00e9chauffement par rapport \u00e0 l&rsquo;\u00e8re pr\u00e9industrielle,<em>&nbsp;<a href=\"https:\/\/www.who.int\/news\/item\/10-12-2015-a-story-from-tuvalu-1-5-deg-to-stay-alive\" target=\"_blank\" rel=\"noreferrer noopener\">\u00ab\u00a0ils resteront en vie\u00a0\u00bb(Nouvelle fen\u00eatre)<\/a>.&nbsp;<\/em>A 2\u00b0C ? Ils p\u00e9riront.&nbsp;Alors que&nbsp;<a href=\"https:\/\/www.franceinfo.fr\/environnement\/crise-climatique\/cop-climat\/cop-21\/l-article-a-lire-pour-comprendre-a-quoi-sert-la-cop21_1063825.html\">les n\u00e9gociations portaient depuis plus de dix ans sur l&rsquo;introduction d&rsquo;un seuil fix\u00e9 \u00e0 +2\u00b0C<\/a>, cette coalition de pays obtient, \u00e0 la surprise g\u00e9n\u00e9rale, l&rsquo;introduction de l&rsquo;objectif de +1,5\u00b0C dans le texte final de l&rsquo;accord de Paris.<\/p>\n\n\n\n<p class=\"\">Trois ans plus tard, en 2018,&nbsp;<a href=\"https:\/\/www.ipcc.ch\/site\/assets\/uploads\/sites\/2\/2019\/09\/SR15_Summary_Volume_french.pdf\" target=\"_blank\" rel=\"noreferrer noopener\">un rapport sp\u00e9cial du Groupe d&rsquo;experts intergouvernemental sur l&rsquo;\u00e9volution du climat (Giec)(Nouvelle fen\u00eatre)<\/a>&nbsp;assoit la l\u00e9gitimit\u00e9 scientifique de ce seuil dont il d\u00e9taille la faisabilit\u00e9. Car limiter la hausse \u00e0 +1,5\u00b0C par rapport \u00e0 l&rsquo;\u00e8re pr\u00e9industrielle reste un objectif qualifi\u00e9 d&rsquo;<em>\u00ab\u00a0ambitieux\u00a0\u00bb,&nbsp;<\/em>qui appelle des politiques drastiques de r\u00e9duction des gaz \u00e0 effet de serre.<\/p>\n\n\n\n<h2 class=\"wp-block-heading\">O\u00f9 en sommes-nous en 2025 ?&nbsp;<\/h2>\n\n\n\n<p class=\"\">Dix ans apr\u00e8s, l&rsquo;objectif initial nous glisse entre les doigts. Tout a commenc\u00e9 par des d\u00e9passements ponctuels, observ\u00e9s par les agences charg\u00e9es de relever les temp\u00e9ratures \u00e0 travers le globe, \u00e0 grand renfort de satellites. Des \u00ab\u00a0\u00e9carts\u00a0\u00bb d&rsquo;un jour, d&rsquo;une semaine, d&rsquo;un mois, etc. Depuis juillet 2023, seuls deux mois n&rsquo;ont pas d\u00e9pass\u00e9 ou \u00e9gal\u00e9 le seuil des 1,5\u00b0C de r\u00e9chauffement par rapport \u00e0 l&rsquo;\u00e8re pr\u00e9industrielle, selon l&rsquo;observatoire europ\u00e9en Copernicus. Juillet 2024 l&rsquo;a fr\u00f4l\u00e9 (avec +1,48\u00b0C), tout comme mai 2025 (+1,4\u00b0C). Finalement, 2024 a d\u00e9croch\u00e9 le titre peu glorieux de premi\u00e8re ann\u00e9e calendaire au-dessus du seuil fatidique.Heureusement, il ne suffit pas de passer une ou deux ann\u00e9es au-del\u00e0 de cette limite pour enterrer l&rsquo;ambition de l&rsquo;accord de Paris.<em>&nbsp;\u00ab\u00a0Le seuil de 1,5 \u00b0C concerne le r\u00e9chauffement \u00e0 long terme, typiquement \u00e9valu\u00e9 sur vingt ans, et non le r\u00e9chauffement annuel<\/em>\u00ab\u00a0, rappelle l&rsquo;Organisation m\u00e9t\u00e9orologique internationale (OMM).&nbsp;<em>\u00ab\u00a0Cependant, chaque ann\u00e9e o\u00f9 l&rsquo;on atteint ou d\u00e9passe une temp\u00e9rature annuelle de +1,5\u00b0C rend plus difficile le respect du seuil \u00e0 long terme, ce qui renforce l&rsquo;urgence de limiter le r\u00e9chauffement autant que possible.\u00a0\u00bb<\/em><\/p>\n\n\n\n<p class=\"\">Ainsi, pour le climatologue Peter Thorne de l&rsquo;universit\u00e9 de Maynooth (Irlande), la situation de ces derniers mois \u00ab\u00a0<em>est tout \u00e0 fait conforme au fait que nous soyons proches de d\u00e9passer 1,5\u00b0C sur le long terme \u00e0 la fin des ann\u00e9es 2020 ou au d\u00e9but des ann\u00e9es 2030<\/em>\u00ab\u00a0, a-t-il d\u00e9clar\u00e9 \u00e0 l&rsquo;AFP en mai, en marge de la publication d&rsquo;<a href=\"https:\/\/wmo.int\/fr\/news\/media-centre\/selon-les-previsions-climatiques-mondiales-les-temperatures-devraient-se-maintenir-des-niveaux\" target=\"_blank\" rel=\"noreferrer noopener\">un rapport de l&rsquo;OMM(Nouvelle fen\u00eatre)<\/a>&nbsp;faisant \u00e9tat de pr\u00e9visions peu r\u00e9jouissantes. Pour l&rsquo;agence de l&rsquo;ONU, il y a de grandes chances (70% plus pr\u00e9cis\u00e9ment) pour que ce seuil soit d\u00e9pass\u00e9 \u00e0 court terme, non plus sur une ann\u00e9e isol\u00e9e, mais sur toute la p\u00e9riode 2025-2029.<\/p>\n\n\n\n<h2 class=\"wp-block-heading\">Que se passe-t-il quand on d\u00e9passe le seuil ?&nbsp;<\/h2>\n\n\n\n<p class=\"\">Une hausse de 1,5\u00b0C de la temp\u00e9rature moyenne par rapport \u00e0 la fin du XIXe si\u00e8cle ne se manifeste pas d&rsquo;une mani\u00e8re uniforme \u00e0 travers le globe. D&rsquo;ailleurs, certaines r\u00e9gions se r\u00e9chauffent plus vite, comme les p\u00f4les et les zones continentales. La constante ? Au fur et \u00e0 mesure que la temp\u00e9rature moyenne augmente, le p\u00e9nible vire au dangereux et le dangereux bascule dans le l\u00e9tal. Depuis qu&rsquo;est apparu l&rsquo;objectif de l&rsquo;accord de Paris, les climatologues expliquent ainsi que les cons\u00e9quences de la hausse des temp\u00e9ratures ne se pr\u00e9sentent pas sous la forme d&rsquo;une rupture, mais comme\u00a0<em>\u00ab\u00a0un continuum\u00a0\u00bb. \u00ab\u00a0Pour \u00e9viter les catastrophes, +1,5\u00b0C, c&rsquo;est mieux que +1,9\u00b0C, qui est mieux que 2\u00b0C, etc.\u00a0\u00bb,<\/em>\u00a0<a href=\"https:\/\/www.franceinfo.fr\/environnement\/crise-climatique\/rechauffement-climatique-voici-a-quoi-il-faut-s-attendre-avec-la-hausse-estimee-a-2-7-c-apres-la-cop26_4845901.html\">r\u00e9sumait en 2021 Christophe Cassou<\/a>, du CNRS.\u00a0<em>\u00ab\u00a0Chaque augmentation intensifiera des risques multiples et simultan\u00e9s\u00a0\u00bb<\/em>,\u00a0<a href=\"https:\/\/www.ipcc.ch\/report\/ar6\/syr\/downloads\/report\/IPCC_AR6_SYR_SPM.pdf\" target=\"_blank\" rel=\"noreferrer noopener\">expliquait en 2023 le Giec.(Nouvelle fen\u00eatre)<\/a>\u00a0\u00a0Que se passe-t-il quand on d\u00e9passe le seuil ?&nbsp;<\/p>\n\n\n\n<p class=\"\">Une hausse de 1,5\u00b0C de la temp\u00e9rature moyenne par rapport \u00e0 la fin du XIXe si\u00e8cle ne se manifeste pas d&rsquo;une mani\u00e8re uniforme \u00e0 travers le globe. D&rsquo;ailleurs, certaines r\u00e9gions se r\u00e9chauffent plus vite, comme les p\u00f4les et les zones continentales. La constante ? Au fur et \u00e0 mesure que la temp\u00e9rature moyenne augmente, le p\u00e9nible vire au dangereux et le dangereux bascule dans le l\u00e9tal. Depuis qu&rsquo;est apparu l&rsquo;objectif de l&rsquo;accord de Paris, les climatologues expliquent ainsi que les cons\u00e9quences de la hausse des temp\u00e9ratures ne se pr\u00e9sentent pas sous la forme d&rsquo;une rupture, mais comme\u00a0<em>\u00ab\u00a0un continuum\u00a0\u00bb. \u00ab\u00a0Pour \u00e9viter les catastrophes, +1,5\u00b0C, c&rsquo;est mieux que +1,9\u00b0C, qui est mieux que 2\u00b0C, etc.\u00a0\u00bb,<\/em>\u00a0<a href=\"https:\/\/www.franceinfo.fr\/environnement\/crise-climatique\/rechauffement-climatique-voici-a-quoi-il-faut-s-attendre-avec-la-hausse-estimee-a-2-7-c-apres-la-cop26_4845901.html\">r\u00e9sumait en 2021 Christophe Cassou<\/a>, du CNRS.\u00a0<em>\u00ab\u00a0Chaque augmentation intensifiera des risques multiples et simultan\u00e9s\u00a0\u00bb<\/em>,\u00a0<a href=\"https:\/\/www.ipcc.ch\/report\/ar6\/syr\/downloads\/report\/IPCC_AR6_SYR_SPM.pdf\" target=\"_blank\" rel=\"noreferrer noopener\">expliquait en 2023 le Giec.(Nouvelle fen\u00eatre)<\/a>\u00a0\u00a0Selon un rapport d&rsquo;experts publi\u00e9 en 2020 par la&nbsp;<a href=\"https:\/\/publications.jrc.ec.europa.eu\/repository\/handle\/JRC118540\" target=\"_blank\" rel=\"noreferrer noopener\">Commission europ\u00e9enne(Nouvelle fen\u00eatre)<\/a>, dans un climat stabilis\u00e9 \u00e0 +1,5\u00b0C, environ 30&nbsp;000 personnes mourront chaque ann\u00e9e sur le continent, en raison de la chaleur, contre 2&nbsp;750 ces derni\u00e8res ann\u00e9es. Une&nbsp;<a href=\"https:\/\/hal.science\/hal-01594919\" target=\"_blank\" rel=\"noreferrer noopener\">\u00e9tude(Nouvelle fen\u00eatre)<\/a>&nbsp;parue en 2017 assurait qu&rsquo;\u00e0 chaque hausse d&rsquo;un degr\u00e9, les rendements mondiaux de bl\u00e9 perdraient 6%. Pour le ma\u00efs, ce chiffre grimperait \u00e0 7,4%.<\/p>\n\n\n\n<p class=\"\"><em>\u00ab\u00a0Une canicule comme celle que la France a connue en juin 2019 a actuellement une chance sur 50 par an de se produire. A 1,5\u00b0C, ce sera 1 chance sur 10. A 2\u00b0C, une chance sur 4.\u00a0\u00bb<\/em>, expliquait la g\u00e9ographe Magali Reghezza-Zitt en 2023 dans un document publi\u00e9\u00a0<a href=\"https:\/\/geoconfluences.ens-lyon.fr\/informations-scientifiques\/dossiers-thematiques\/changement-global\/articles-scientifiques\/rechauffement-climatique-politiques-climatiques\" target=\"_blank\" rel=\"noreferrer noopener\">sur le site de l&rsquo;Ecole normale sup\u00e9rieure de Lyon(Nouvelle fen\u00eatre)<\/a>.\u00a0<a href=\"https:\/\/www.franceinfo.fr\/environnement\/crise-climatique\/climat-il-est-trop-tard-pour-la-banquise-mais-nous-pouvons-encore-sauver-d-autres-ecosystemes-martele-la-glaciologue-heidi-sevestre_5875691.html\">Et la banquise de l&rsquo;Arctique ?<\/a>\u00a0Il est d\u00e9j\u00e0 trop tard pour emp\u00eacher qu&rsquo;elle ne disparaisse totalement en \u00e9t\u00e9,<em>\u00a0\u00ab\u00a0mais nous pouvons encore sauver d&rsquo;autres \u00e9cosyst\u00e8mes et d&rsquo;autres piliers de notre climat\u00a0\u00bb<\/em>, assure la glaciologue He\u00efdi Sevestre. A une condition : contenir la hausse des temp\u00e9ratures.Que fait-on pour rectifier cette trajectoire ?<\/p>\n\n\n\n<p class=\"\">Pour y parvenir, les Etats sont invit\u00e9s \u00e0 mettre en place des politiques de r\u00e9duction de leurs \u00e9missions de gaz \u00e0 effet de serre. Bien que l&rsquo;ambition de 1,5\u00b0C date de la COP21, ce n&rsquo;est qu&rsquo;\u00e0 la COP28, en 2023, que les pays du monde ont act\u00e9 la n\u00e9cessit\u00e9 pour y parvenir de<em>&nbsp;\u00ab\u00a0s&rsquo;\u00e9loigner des \u00e9nergies fossiles\u00a0\u00bb.<\/em>&nbsp;Cette ann\u00e9e-l\u00e0, un&nbsp;<a href=\"https:\/\/www.iea.org\/reports\/the-oil-and-gas-industry-in-net-zero-transitions\" target=\"_blank\" rel=\"noreferrer noopener\">rapport de l&rsquo;Agence internationale de l&rsquo;\u00e9nergie(Nouvelle fen\u00eatre)<\/a>&nbsp;confirmait que le d\u00e9veloppement du p\u00e9trole et du gaz est incompatible avec l&rsquo;objectif de Paris.<\/p>\n\n\n\n<p class=\"\">Or, sur la derni\u00e8re d\u00e9cennie, soit le temps \u00e9coul\u00e9 depuis la signature de l&rsquo;accord de Paris, les \u00e9missions de gaz \u00e0 effet de serre issus des activit\u00e9s humaines qui reposent sur la combustion d&rsquo;\u00e9nergies fossiles (charbon, p\u00e9trole et gaz) ont atteint de nouveaux plafonds. Elles s&rsquo;\u00e9tablissent autour de 53 milliards de tonnes \u00e9quivalent CO2,&nbsp;<a href=\"https:\/\/essd.copernicus.org\/articles\/17\/2641\/2025\/essd-17-2641-2025-discussion.html\" target=\"_blank\" rel=\"noreferrer noopener\">selon les donn\u00e9es publi\u00e9es par la Commission europ\u00e9enne \u00e0 partir de la base de donn\u00e9es scientifiques Edgar(Nouvelle fen\u00eatre)<\/a>.<\/p>\n","protected":false},"excerpt":{"rendered":"<p>Pr\u00e8s de dix ans apr\u00e8s la signature de l&rsquo;accord de Paris, l&rsquo;objectif initial act\u00e9 dans ce texte nous glisse entre les doigts, estiment des scientifiques. Ils appellent \u00e0 acc\u00e9l\u00e9rer la baisse des \u00e9missions de gaz \u00e0 effet de serre.Certains sp\u00e9cialistes aiment comparer le r\u00e9chauffement climatique \u00e0 de la fi\u00e8vre. Si vous avez 37,5\u00b0C, vous allez [&hellip;]<\/p>\n","protected":false},"author":2,"featured_media":36163,"comment_status":"open","ping_status":"open","sticky":false,"template":"","format":"standard","meta":{"_jetpack_memberships_contains_paid_content":false,"footnotes":"","jetpack_publicize_message":"","jetpack_publicize_feature_enabled":true,"jetpack_social_post_already_shared":true,"jetpack_social_options":{"image_generator_settings":{"template":"highway","default_image_id":0,"enabled":true,"token":"eyJpbWciOiJodHRwczpcL1wvd3d3LmljZWFnZXR2LmNvbVwvcmFkaW9zaXRlXC93cC1jb250ZW50XC91cGxvYWRzXC8yMDI1XC8wNlwvQ3Jpc2UtY2xpbWF0aXF1ZS5qcGciLCJ0eHQiOiJDcmlzZSBjbGltYXRpcXVlIDogcG91cnF1b2kgbCYjODIxNztvYmplY3RpZiBkZSBsaW1pdGVyIGxhIGhhdXNzZSBkZXMgdGVtcFx1MDBlOXJhdHVyZXMgc291cyBsZSBzZXVpbCBkZXMgKzEsNVx1MDBiMEMgbm91cyBkb25uZSBkZXMgc3VldXJzIGZyb2lkZXMiLCJ0ZW1wbGF0ZSI6ImhpZ2h3YXkiLCJibG9nX2lkIjoxMTEwMTY0NjF9.Peofn-iZMS0w-sFzVYx0sEBOXD4k2X4Sthk2T1G_aykMQ"},"version":2},"_wpas_customize_per_network":false},"categories":[14],"tags":[],"class_list":["post-36162","post","type-post","status-publish","format-standard","has-post-thumbnail","hentry","category-actu-meteo"],"jetpack_publicize_connections":[],"jetpack_featured_media_url":"https:\/\/i0.wp.com\/www.iceagetv.com\/radiosite\/wp-content\/uploads\/2025\/06\/Crise-climatique.jpg?fit=790%2C463&ssl=1","jetpack_sharing_enabled":true,"_links":{"self":[{"href":"https:\/\/www.iceagetv.com\/radiosite\/wp-json\/wp\/v2\/posts\/36162","targetHints":{"allow":["GET"]}}],"collection":[{"href":"https:\/\/www.iceagetv.com\/radiosite\/wp-json\/wp\/v2\/posts"}],"about":[{"href":"https:\/\/www.iceagetv.com\/radiosite\/wp-json\/wp\/v2\/types\/post"}],"author":[{"embeddable":true,"href":"https:\/\/www.iceagetv.com\/radiosite\/wp-json\/wp\/v2\/users\/2"}],"replies":[{"embeddable":true,"href":"https:\/\/www.iceagetv.com\/radiosite\/wp-json\/wp\/v2\/comments?post=36162"}],"version-history":[{"count":1,"href":"https:\/\/www.iceagetv.com\/radiosite\/wp-json\/wp\/v2\/posts\/36162\/revisions"}],"predecessor-version":[{"id":36164,"href":"https:\/\/www.iceagetv.com\/radiosite\/wp-json\/wp\/v2\/posts\/36162\/revisions\/36164"}],"wp:featuredmedia":[{"embeddable":true,"href":"https:\/\/www.iceagetv.com\/radiosite\/wp-json\/wp\/v2\/media\/36163"}],"wp:attachment":[{"href":"https:\/\/www.iceagetv.com\/radiosite\/wp-json\/wp\/v2\/media?parent=36162"}],"wp:term":[{"taxonomy":"category","embeddable":true,"href":"https:\/\/www.iceagetv.com\/radiosite\/wp-json\/wp\/v2\/categories?post=36162"},{"taxonomy":"post_tag","embeddable":true,"href":"https:\/\/www.iceagetv.com\/radiosite\/wp-json\/wp\/v2\/tags?post=36162"}],"curies":[{"name":"wp","href":"https:\/\/api.w.org\/{rel}","templated":true}]}}