{"id":36166,"date":"2025-06-29T20:19:49","date_gmt":"2025-06-29T18:19:49","guid":{"rendered":"https:\/\/www.iceagetv.com\/radiosite\/?p=36166"},"modified":"2025-06-29T20:19:53","modified_gmt":"2025-06-29T18:19:53","slug":"les-prix-a-la-consommation-en-france-ont-augmente-de-09-en-juin-sur-un-an-une-legere-acceleration-par-rapport-a-mai-tires-par-les-service","status":"publish","type":"post","link":"https:\/\/www.iceagetv.com\/radiosite\/les-prix-a-la-consommation-en-france-ont-augmente-de-09-en-juin-sur-un-an-une-legere-acceleration-par-rapport-a-mai-tires-par-les-service\/","title":{"rendered":"Les prix \u00e0 la consommation en France ont augment\u00e9 de 0,9% en juin sur un an, une l\u00e9g\u00e8re acc\u00e9l\u00e9ration par rapport \u00e0 mai , tir\u00e9s par les service"},"content":{"rendered":"\n<p class=\"\">Les prix \u00e0 la consommation en France ont augment\u00e9 de 0,9% en juin sur un an, une l\u00e9g\u00e8re acc\u00e9l\u00e9ration par rapport \u00e0 mai en glissement annuel (0,7%), tir\u00e9s par les services, a annonc\u00e9 l&rsquo;Insee dans une estimation provisoire.<\/p>\n\n\n\n<p class=\"\">\u00ab\u00a0Cette hausse de l&rsquo;inflation s&rsquo;expliquerait par l&rsquo;acc\u00e9l\u00e9ration des prix des services, notamment ceux de l&rsquo;h\u00e9bergement, de la sant\u00e9 et des transports, ainsi que par une baisse plus faible des prix de l&rsquo;\u00e9nergie et, dans une moindre mesure, par la tr\u00e8s l\u00e9g\u00e8re acc\u00e9l\u00e9ration de ceux de l&rsquo;alimentation\u00a0\u00bb, a d\u00e9taill\u00e9 l&rsquo;Institut national de la statistique dans un communiqu\u00e9.<\/p>\n\n\n\n<p class=\"\">Sur un mois, l&rsquo;inflation a atteint 0,3% en juin, apr\u00e8s un repli des prix de 0,1% en mai, tir\u00e9e par les prix des services, et un rebond des prix des produits p\u00e9troliers.<\/p>\n\n\n\n<p class=\"\">L&rsquo;indice des prix \u00e0 la consommation harmonis\u00e9 (IPCH), qui permet la comparaison entre pays europ\u00e9ens, est en hausse de 0,8% en juin en glissement annuel, apr\u00e8s +0,6 % en mai.<\/p>\n\n\n\n<p class=\"\">Le ralentissement tr\u00e8s net des prix, en France et dans l&rsquo;ensemble de la zone euro, a permis \u00e0 la Banque centrale europ\u00e9enne (BCE) de baisser en juin ses taux pour la huiti\u00e8me fois d&rsquo;affil\u00e9e en un an, faisant passer le taux de d\u00e9p\u00f4t \u00e0 2%.<\/p>\n\n\n\n<p class=\"\">Le gouverneur de la Banque de France, Fran\u00e7ois Villeroy de Galhau, a estim\u00e9, dans un entretien au Financial Times, que l&rsquo;\u00e9volution des prix du p\u00e9trole li\u00e9e \u00e0 la situation au Moyen-Orient pourrait conduire la BCE \u00e0 relever ou abaisser ses taux dans les mois \u00e0 venir.<\/p>\n","protected":false},"excerpt":{"rendered":"<p>Les prix \u00e0 la consommation en France ont augment\u00e9 de 0,9% en juin sur un an, une l\u00e9g\u00e8re acc\u00e9l\u00e9ration par rapport \u00e0 mai en glissement annuel (0,7%), tir\u00e9s par les services, a annonc\u00e9 l&rsquo;Insee dans une estimation provisoire. \u00ab\u00a0Cette hausse de l&rsquo;inflation s&rsquo;expliquerait par l&rsquo;acc\u00e9l\u00e9ration des prix des services, notamment ceux de l&rsquo;h\u00e9bergement, de la [&hellip;]<\/p>\n","protected":false},"author":2,"featured_media":36167,"comment_status":"open","ping_status":"open","sticky":false,"template":"","format":"standard","meta":{"_jetpack_memberships_contains_paid_content":false,"footnotes":"","jetpack_publicize_message":"","jetpack_publicize_feature_enabled":true,"jetpack_social_post_already_shared":true,"jetpack_social_options":{"image_generator_settings":{"template":"highway","default_image_id":0,"enabled":true,"token":"eyJpbWciOiJodHRwczpcL1wvd3d3LmljZWFnZXR2LmNvbVwvcmFkaW9zaXRlXC93cC1jb250ZW50XC91cGxvYWRzXC8yMDI1XC8wNlwvZzBmbzJ5SEsuanBnIiwidHh0IjoiTGVzIHByaXggXHUwMGUwIGxhIGNvbnNvbW1hdGlvbiBlbiBGcmFuY2Ugb250IGF1Z21lbnRcdTAwZTkgZGUgMCw5JSBlbiBqdWluIHN1ciB1biBhbiwgdW5lIGxcdTAwZTlnXHUwMGU4cmUgYWNjXHUwMGU5bFx1MDBlOXJhdGlvbiBwYXIgcmFwcG9ydCBcdTAwZTAgbWFpICwgdGlyXHUwMGU5cyBwYXIgbGVzIHNlcnZpY2UiLCJ0ZW1wbGF0ZSI6ImhpZ2h3YXkiLCJibG9nX2lkIjoxMTEwMTY0NjF9.j62638gx8-uME25bp4CGKpby3oqjiSfLq0LHeeeyRuoMQ"},"version":2},"_wpas_customize_per_network":false},"categories":[405],"tags":[],"class_list":["post-36166","post","type-post","status-publish","format-standard","has-post-thumbnail","hentry","category-actu-france-monde"],"jetpack_publicize_connections":[],"jetpack_featured_media_url":"https:\/\/i0.wp.com\/www.iceagetv.com\/radiosite\/wp-content\/uploads\/2025\/06\/g0fo2yHK.jpg?fit=679%2C293&ssl=1","jetpack_sharing_enabled":true,"_links":{"self":[{"href":"https:\/\/www.iceagetv.com\/radiosite\/wp-json\/wp\/v2\/posts\/36166","targetHints":{"allow":["GET"]}}],"collection":[{"href":"https:\/\/www.iceagetv.com\/radiosite\/wp-json\/wp\/v2\/posts"}],"about":[{"href":"https:\/\/www.iceagetv.com\/radiosite\/wp-json\/wp\/v2\/types\/post"}],"author":[{"embeddable":true,"href":"https:\/\/www.iceagetv.com\/radiosite\/wp-json\/wp\/v2\/users\/2"}],"replies":[{"embeddable":true,"href":"https:\/\/www.iceagetv.com\/radiosite\/wp-json\/wp\/v2\/comments?post=36166"}],"version-history":[{"count":1,"href":"https:\/\/www.iceagetv.com\/radiosite\/wp-json\/wp\/v2\/posts\/36166\/revisions"}],"predecessor-version":[{"id":36168,"href":"https:\/\/www.iceagetv.com\/radiosite\/wp-json\/wp\/v2\/posts\/36166\/revisions\/36168"}],"wp:featuredmedia":[{"embeddable":true,"href":"https:\/\/www.iceagetv.com\/radiosite\/wp-json\/wp\/v2\/media\/36167"}],"wp:attachment":[{"href":"https:\/\/www.iceagetv.com\/radiosite\/wp-json\/wp\/v2\/media?parent=36166"}],"wp:term":[{"taxonomy":"category","embeddable":true,"href":"https:\/\/www.iceagetv.com\/radiosite\/wp-json\/wp\/v2\/categories?post=36166"},{"taxonomy":"post_tag","embeddable":true,"href":"https:\/\/www.iceagetv.com\/radiosite\/wp-json\/wp\/v2\/tags?post=36166"}],"curies":[{"name":"wp","href":"https:\/\/api.w.org\/{rel}","templated":true}]}}