{"id":36180,"date":"2025-07-01T13:58:32","date_gmt":"2025-07-01T11:58:32","guid":{"rendered":"https:\/\/www.iceagetv.com\/radiosite\/?p=36180"},"modified":"2025-07-01T13:58:36","modified_gmt":"2025-07-01T11:58:36","slug":"ils-sont-ecrases-par-la-chaleur-face-a-la-canicule-les-enseignants-demunis-pour-preserver-les-enfants","status":"publish","type":"post","link":"https:\/\/www.iceagetv.com\/radiosite\/ils-sont-ecrases-par-la-chaleur-face-a-la-canicule-les-enseignants-demunis-pour-preserver-les-enfants\/","title":{"rendered":"Ils sont \u00e9cras\u00e9s par la chaleur\u00a0\u00bb : face \u00e0 la canicule, les enseignants d\u00e9munis pour pr\u00e9server les enfants"},"content":{"rendered":"\n<p class=\"\">\u2009L\u2019\u00e9cole est une fournaise\u2009\u00bb\u2009: face aux temp\u00e9ratures qui d\u00e9passent localement 40\u00b0C, les enseignants tentent comme ils peuvent d\u2019\u00e9pargner leurs \u00e9l\u00e8ves \u00e0 grand renfort de bouteilles d\u2019eau ou de ventilateurs, d\u00e9plorant un&nbsp;<strong>probl\u00e8me r\u00e9current d\u2019inadaptation du b\u00e2ti scolaire<\/strong>.<\/p>\n\n\n\n<p class=\"\">Les professeurs t\u00e9moignent de leurs difficult\u00e9s \u00e0 enseigner en p\u00e9riode de\u00a0<a href=\"https:\/\/actu.fr\/meteo\/16-departements-places-en-vigilance-rouge-pour-canicule-ce-qu-implique-ce-niveau-d-alerte_62845777.html\">canicule<\/a>.\u2009C\u2019est la garderie \u00bb<\/p>\n\n\n\n<p class=\"\"><strong>\u00ab\u2009Chaque ann\u00e9e, c\u2019est la m\u00eame chose\u2009\u00bb<\/strong>, l\u00e2che Laetitia, professeure en maternelle dans le 18\u1d49 arrondissement de Paris. \u00ab\u2009Tous les ans, on demande des persiennes dans les classes, on nous r\u00e9pond\u2009: \u2018\u00e7a va venir\u2019 et il ne se passe rien.\u2009\u00bb<\/p>\n\n\n\n<p class=\"\">Dans sa classe, la temp\u00e9rature \u00ab\u2009avoisine les<strong>&nbsp;35\u00b0C<\/strong>\u2009\u00bb. \u00ab\u2009On a des ventilateurs, qui ne sont pas tr\u00e8s efficaces. On mouille r\u00e9guli\u00e8rement les enfants avec de l\u2019eau et on les force \u00e0 boire toute la journ\u00e9e\u2009\u00bb, raconte-t-elle.<\/p>\n\n\n\n<p class=\"\">Avec cette chaleur, \u00ab\u2009c\u2019est de la garderie\u2009\u00bb, soupire-t-elle.Vomi, saignements du nez, maux de t\u00eate\u2026<\/p>\n\n\n\n<p class=\"\">\u00ab\u2009Les \u00e9l\u00e8ves sont\u00a0<strong>\u00e9cras\u00e9s par la chaleur<\/strong>. Nous aussi\u2009\u00bb, t\u00e9moigne de son c\u00f4t\u00e9 Lucie Di Giacomo, professeure en CE1 \u00e0 Toulouse. La Haute-Garonne \u00e9tait l\u2019un des<a href=\"https:\/\/actu.fr\/meteo\/fortes-chaleurs-presque-toute-la-france-placee-en-vigilance-orange-canicule-lundi-jusqu-a-40-c-attendus_62841943.html\">\u00a084 d\u00e9partements plac\u00e9s en vigilance orange canicule<\/a>\u00a0lundi.Sans climatisation, \u00ab\u2009on se rafra\u00eechit comme on peut,&nbsp;<strong>on a apport\u00e9 des brumisateurs<\/strong>&nbsp;d\u2019eau\u2009\u00bb, explique-t-elle. De leur c\u00f4t\u00e9, les \u00e9l\u00e8ves se fabriquent \u00ab\u2009des petits \u00e9ventails en papier\u2009\u00bb.<\/p>\n\n\n\n<h2 class=\"wp-block-heading\">Des parents qui font le choix de garder leurs enfants chez eux<\/h2>\n\n\n\n<p class=\"\">Pr\u00e8s de Nantes, Caroline Boudet s\u2019inqui\u00e8te pour sa fille, Louise, 10&nbsp;ans, porteuse d\u2019un handicap, qui n\u2019est pas en mesure d\u2019exprimer \u00ab\u2009quand elle a soif ou trop chaud\u2009\u00bb.<br>Alors, le message re\u00e7u dimanche de la directrice d\u2019\u00e9cole, \u00e9voquant une \u00ab\u2009tol\u00e9rance d\u2019absence\u2009\u00bb l\u2019a tranquillis\u00e9e.<\/p>\n\n\n\n<p class=\"\">\u00ab\u2009<strong>On a d\u00e9cid\u00e9 de t\u00e9l\u00e9travailler demain<\/strong>&nbsp;et de garder Louise \u00e0 la maison\u2009\u00bb, explique-t-elle \u00e0 l\u2019AFP.<\/p>\n\n\n\n<p class=\"\">\u00ab\u2009On a sorti une clim portable,\u00a0<strong>elle sera toujours mieux que dans sa salle de classe<\/strong>\u00a0qui ne dispose pas de volets, juste de stores en tissu\u2009\u00bb. Mais \u00ab\u2009je ne suis pas rassur\u00e9e pour les ann\u00e9es \u00e0 venir\u2009\u00bb.Plusieurs dizaines de milliards d\u2019euros pour r\u00e9nover les \u00e9coles<\/p>\n\n\n\n<p class=\"\">\u00ab\u2009Ces \u00e9pisodes caniculaires devant se multiplier, il devient urgent de lancer une v\u00e9ritable&nbsp;<strong>r\u00e9novation \u00e9cologique<\/strong>&nbsp;du b\u00e2ti scolaire public\u2009\u00bb, ont plaid\u00e9 lundi dans un communiqu\u00e9 commun des syndicats de l\u2019\u00e9ducation (FSU, CGT) et des associations environnementales (Greenpeace, Oxfam, Attac\u2026)<\/p>\n\n\n\n<p class=\"\">Le co\u00fbt de l\u2019adaptation du b\u00e2ti scolaire \u00e0 la transition \u00e9cologique est estim\u00e9 \u00e0&nbsp;<strong>plusieurs dizaines de milliards d\u2019euros<\/strong>, selon des rapports officiels.<\/p>\n\n\n\n<p class=\"\">La ministre de l\u2019\u00c9ducation&nbsp;<a href=\"https:\/\/actu.fr\/tag\/elisabeth-borne\">\u00c9lisabeth Borne<\/a>&nbsp;a appel\u00e9 dimanche au \u00ab\u2009pragmatisme\u2009\u00bb pour faire face \u00e0 cette canicule.<\/p>\n\n\n\n<p class=\"\">\u00ab\u2009Quand on a des \u00e9coles qui sont bien isol\u00e9es naturellement, elles peuvent accueillir les \u00e9l\u00e8ves\u2009\u00bb, a-t-elle soulign\u00e9, en \u00e9cartant l\u2019id\u00e9e d\u2019une<strong>&nbsp;anticipation g\u00e9n\u00e9rale des vacances scolaires<\/strong>, qui commenceront \u00e0 la fin de la semaine.<\/p>\n","protected":false},"excerpt":{"rendered":"<p>\u2009L\u2019\u00e9cole est une fournaise\u2009\u00bb\u2009: face aux temp\u00e9ratures qui d\u00e9passent localement 40\u00b0C, les enseignants tentent comme ils peuvent d\u2019\u00e9pargner leurs \u00e9l\u00e8ves \u00e0 grand renfort de bouteilles d\u2019eau ou de ventilateurs, d\u00e9plorant un&nbsp;probl\u00e8me r\u00e9current d\u2019inadaptation du b\u00e2ti scolaire. Les professeurs t\u00e9moignent de leurs difficult\u00e9s \u00e0 enseigner en p\u00e9riode de\u00a0canicule.\u2009C\u2019est la garderie \u00bb \u00ab\u2009Chaque ann\u00e9e, c\u2019est la m\u00eame [&hellip;]<\/p>\n","protected":false},"author":2,"featured_media":36182,"comment_status":"open","ping_status":"open","sticky":false,"template":"","format":"standard","meta":{"_jetpack_memberships_contains_paid_content":false,"footnotes":"","jetpack_publicize_message":"","jetpack_publicize_feature_enabled":true,"jetpack_social_post_already_shared":true,"jetpack_social_options":{"image_generator_settings":{"template":"highway","default_image_id":0,"enabled":true,"token":"eyJpbWciOiJodHRwczpcL1wvd3d3LmljZWFnZXR2LmNvbVwvcmFkaW9zaXRlXC93cC1jb250ZW50XC91cGxvYWRzXC8yMDI1XC8wN1wvMDViNDkwZTUtOTVmOC0zNjliLTgxZTQtOTYwYzczMzlkZjNiLTk2MHg2NDAtMS5qcGVnIiwidHh0IjoiSWxzIHNvbnQgXHUwMGU5Y3Jhc1x1MDBlOXMgcGFyIGxhIGNoYWxldXImIzgyMjE7IDogZmFjZSBcdTAwZTAgbGEgY2FuaWN1bGUsIGxlcyBlbnNlaWduYW50cyBkXHUwMGU5bXVuaXMgcG91ciBwclx1MDBlOXNlcnZlciBsZXMgZW5mYW50cyIsInRlbXBsYXRlIjoiaGlnaHdheSIsImJsb2dfaWQiOjExMTAxNjQ2MX0.wyknJ2sOpIZgTEJCRF9QGVRppIg8kqmg97L5sDwKGAkMQ"},"version":2},"_wpas_customize_per_network":false},"categories":[405],"tags":[],"class_list":["post-36180","post","type-post","status-publish","format-standard","has-post-thumbnail","hentry","category-actu-france-monde"],"jetpack_publicize_connections":[],"jetpack_featured_media_url":"https:\/\/i0.wp.com\/www.iceagetv.com\/radiosite\/wp-content\/uploads\/2025\/07\/05b490e5-95f8-369b-81e4-960c7339df3b-960x640-1.jpeg?fit=960%2C640&ssl=1","jetpack_sharing_enabled":true,"_links":{"self":[{"href":"https:\/\/www.iceagetv.com\/radiosite\/wp-json\/wp\/v2\/posts\/36180","targetHints":{"allow":["GET"]}}],"collection":[{"href":"https:\/\/www.iceagetv.com\/radiosite\/wp-json\/wp\/v2\/posts"}],"about":[{"href":"https:\/\/www.iceagetv.com\/radiosite\/wp-json\/wp\/v2\/types\/post"}],"author":[{"embeddable":true,"href":"https:\/\/www.iceagetv.com\/radiosite\/wp-json\/wp\/v2\/users\/2"}],"replies":[{"embeddable":true,"href":"https:\/\/www.iceagetv.com\/radiosite\/wp-json\/wp\/v2\/comments?post=36180"}],"version-history":[{"count":1,"href":"https:\/\/www.iceagetv.com\/radiosite\/wp-json\/wp\/v2\/posts\/36180\/revisions"}],"predecessor-version":[{"id":36183,"href":"https:\/\/www.iceagetv.com\/radiosite\/wp-json\/wp\/v2\/posts\/36180\/revisions\/36183"}],"wp:featuredmedia":[{"embeddable":true,"href":"https:\/\/www.iceagetv.com\/radiosite\/wp-json\/wp\/v2\/media\/36182"}],"wp:attachment":[{"href":"https:\/\/www.iceagetv.com\/radiosite\/wp-json\/wp\/v2\/media?parent=36180"}],"wp:term":[{"taxonomy":"category","embeddable":true,"href":"https:\/\/www.iceagetv.com\/radiosite\/wp-json\/wp\/v2\/categories?post=36180"},{"taxonomy":"post_tag","embeddable":true,"href":"https:\/\/www.iceagetv.com\/radiosite\/wp-json\/wp\/v2\/tags?post=36180"}],"curies":[{"name":"wp","href":"https:\/\/api.w.org\/{rel}","templated":true}]}}