{"id":36184,"date":"2025-07-01T15:03:49","date_gmt":"2025-07-01T13:03:49","guid":{"rendered":"https:\/\/www.iceagetv.com\/radiosite\/?p=36184"},"modified":"2025-07-01T15:03:53","modified_gmt":"2025-07-01T13:03:53","slug":"il-se-plaignait-de-la-chaleur-depuis-le-matin-un-employe-de-chantier-meurt-apres-un-malaise-dans-le-doubs","status":"publish","type":"post","link":"https:\/\/www.iceagetv.com\/radiosite\/il-se-plaignait-de-la-chaleur-depuis-le-matin-un-employe-de-chantier-meurt-apres-un-malaise-dans-le-doubs\/","title":{"rendered":"Il se plaignait de la chaleur depuis le matin\u00a0\u00bb : un employ\u00e9 de chantier meurt apr\u00e8s un malaise dans le Doubs"},"content":{"rendered":"\n<p class=\"\">Un homme de 35 ans est mort apr\u00e8s un malaise, lundi 30 juin, en fin d&rsquo;apr\u00e8s-midi, \u00e0 la sortie de Besan\u00e7on, dans le Doubs. Le trentenaire \u00e9tait employ\u00e9 sur un chantier, dans une soci\u00e9t\u00e9 de travaux publics,\u00a0<a href=\"https:\/\/www.estrepublicain.fr\/faits-divers-justice\/2025\/06\/30\/il-se-plaignait-de-la-chaleur-un-homme-de-35-ans-employe-sur-un-chantier-meurt-apres-un-malaise\" target=\"_blank\" rel=\"noreferrer noopener\">rapportent nos confr\u00e8res de l&rsquo;Est R\u00e9publicain.\u00a0\u00a0<\/a>\u00ab\u00a0Il se plaignait de la chaleur depuis le matin\u00a0\u00bb, d\u00e9taillent les sapeurs-pompiers du Doubs. L&rsquo;homme&nbsp;venait juste de quitter le chantier quand il a \u00e9t\u00e9 victime d&rsquo;un arr\u00eat cardio-respiratoire.<\/p>\n\n\n\n<h3 class=\"wp-block-heading\">Une autopsie \u00e0 venir<\/h3>\n\n\n\n<p class=\"\">Ce sont ses coll\u00e8gues qui se sont arr\u00eat\u00e9s au bord de la route, sur la RN57, pour pr\u00e9venir les secours et le sortir du v\u00e9hicule, ajoute le SDIS 25. La victime a \u00e9t\u00e9 prise en charge par les m\u00e9decins du SMUR et transport\u00e9 rapidement \u00e0 l&rsquo;h\u00f4pital, mais le trentenaire est d\u00e9c\u00e9d\u00e9 malgr\u00e9 les efforts du personnel soignant.Le parquet de Besan\u00e7on a demand\u00e9 une autopsie pour tenter de savoir si l&rsquo;homme est d\u00e9c\u00e9d\u00e9 \u00e0 cause des temp\u00e9ratures \u00e9lev\u00e9es.\u00a0<\/p>\n","protected":false},"excerpt":{"rendered":"<p>Un homme de 35 ans est mort apr\u00e8s un malaise, lundi 30 juin, en fin d&rsquo;apr\u00e8s-midi, \u00e0 la sortie de Besan\u00e7on, dans le Doubs. Le trentenaire \u00e9tait employ\u00e9 sur un chantier, dans une soci\u00e9t\u00e9 de travaux publics,\u00a0rapportent nos confr\u00e8res de l&rsquo;Est R\u00e9publicain.\u00a0\u00a0\u00ab\u00a0Il se plaignait de la chaleur depuis le matin\u00a0\u00bb, d\u00e9taillent les sapeurs-pompiers du Doubs. [&hellip;]<\/p>\n","protected":false},"author":2,"featured_media":36185,"comment_status":"open","ping_status":"open","sticky":false,"template":"","format":"standard","meta":{"_jetpack_memberships_contains_paid_content":false,"footnotes":"","jetpack_publicize_message":"","jetpack_publicize_feature_enabled":true,"jetpack_social_post_already_shared":true,"jetpack_social_options":{"image_generator_settings":{"template":"highway","default_image_id":0,"enabled":true,"token":"eyJpbWciOiJodHRwczpcL1wvd3d3LmljZWFnZXR2LmNvbVwvcmFkaW9zaXRlXC93cC1jb250ZW50XC91cGxvYWRzXC8yMDI1XC8wN1wvdW4tZW1wbG95ZS1kZS1jaGFudGllci1tZXVydC1hcHJlcy11bi1tYWxhaXNlLWRhbnMtbGUtRG91YnMuanBnIiwidHh0IjoiSWwgc2UgcGxhaWduYWl0IGRlIGxhIGNoYWxldXIgZGVwdWlzIGxlIG1hdGluJiM4MjIxOyA6IHVuIGVtcGxveVx1MDBlOSBkZSBjaGFudGllciBtZXVydCBhcHJcdTAwZThzIHVuIG1hbGFpc2UgZGFucyBsZSBEb3VicyIsInRlbXBsYXRlIjoiaGlnaHdheSIsImJsb2dfaWQiOjExMTAxNjQ2MX0.fdXjKGeSgf6yHn1T6_R-OWxBLgC6fx9kODiYI65xcC4MQ"},"version":2},"_wpas_customize_per_network":false},"categories":[405],"tags":[],"class_list":["post-36184","post","type-post","status-publish","format-standard","has-post-thumbnail","hentry","category-actu-france-monde"],"jetpack_publicize_connections":[],"jetpack_featured_media_url":"https:\/\/i0.wp.com\/www.iceagetv.com\/radiosite\/wp-content\/uploads\/2025\/07\/un-employe-de-chantier-meurt-apres-un-malaise-dans-le-Doubs.jpg?fit=614%2C384&ssl=1","jetpack_sharing_enabled":true,"_links":{"self":[{"href":"https:\/\/www.iceagetv.com\/radiosite\/wp-json\/wp\/v2\/posts\/36184","targetHints":{"allow":["GET"]}}],"collection":[{"href":"https:\/\/www.iceagetv.com\/radiosite\/wp-json\/wp\/v2\/posts"}],"about":[{"href":"https:\/\/www.iceagetv.com\/radiosite\/wp-json\/wp\/v2\/types\/post"}],"author":[{"embeddable":true,"href":"https:\/\/www.iceagetv.com\/radiosite\/wp-json\/wp\/v2\/users\/2"}],"replies":[{"embeddable":true,"href":"https:\/\/www.iceagetv.com\/radiosite\/wp-json\/wp\/v2\/comments?post=36184"}],"version-history":[{"count":1,"href":"https:\/\/www.iceagetv.com\/radiosite\/wp-json\/wp\/v2\/posts\/36184\/revisions"}],"predecessor-version":[{"id":36186,"href":"https:\/\/www.iceagetv.com\/radiosite\/wp-json\/wp\/v2\/posts\/36184\/revisions\/36186"}],"wp:featuredmedia":[{"embeddable":true,"href":"https:\/\/www.iceagetv.com\/radiosite\/wp-json\/wp\/v2\/media\/36185"}],"wp:attachment":[{"href":"https:\/\/www.iceagetv.com\/radiosite\/wp-json\/wp\/v2\/media?parent=36184"}],"wp:term":[{"taxonomy":"category","embeddable":true,"href":"https:\/\/www.iceagetv.com\/radiosite\/wp-json\/wp\/v2\/categories?post=36184"},{"taxonomy":"post_tag","embeddable":true,"href":"https:\/\/www.iceagetv.com\/radiosite\/wp-json\/wp\/v2\/tags?post=36184"}],"curies":[{"name":"wp","href":"https:\/\/api.w.org\/{rel}","templated":true}]}}