{"id":36187,"date":"2025-07-01T15:57:15","date_gmt":"2025-07-01T13:57:15","guid":{"rendered":"https:\/\/www.iceagetv.com\/radiosite\/?p=36187"},"modified":"2025-07-01T15:57:20","modified_gmt":"2025-07-01T13:57:20","slug":"decouvrez-le-guide-complet-dun-des-plus-grands-mercatos-de-lhistoire-de-la-tele-francaise-hanouna-lapix-kelly-minne-duhamel-ruquier-larrouturou-calvi-askolovitch-calvi-lecaron-brakhli","status":"publish","type":"post","link":"https:\/\/www.iceagetv.com\/radiosite\/decouvrez-le-guide-complet-dun-des-plus-grands-mercatos-de-lhistoire-de-la-tele-francaise-hanouna-lapix-kelly-minne-duhamel-ruquier-larrouturou-calvi-askolovitch-calvi-lecaron-brakhli\/","title":{"rendered":"D\u00e9couvrez le guide complet d&rsquo;un des plus grands mercatos de l&rsquo;histoire de la t\u00e9l\u00e9 Fran\u00e7aise : Hanouna, Lapix, Kelly, Minne, Duhamel, Ruquier, Larrouturou, Calvi, Askolovitch, Calvi, Lecaron, Brakhlia, Fauvelle, Bataille et Fontaine.."},"content":{"rendered":"\n<p class=\"\">C&rsquo;est sans doute le plus gros mercato t\u00e9l\u00e9 de ces derni\u00e8res ann\u00e9es que nous sommes en train de vivre et cette ann\u00e9e 2025 va marquer les esprits au vu du nombre de mouvements d&rsquo;animateurs et de journalistes signal\u00e9s.<\/p>\n\n\n\n<p class=\"\">Pour la premi\u00e8re fois,&nbsp;jeanmarcmorandini.com&nbsp;vous propose la compilation de toutes les informations sur ce mecato hors norme :<\/p>\n\n\n\n<p class=\"\"><strong>&#8211; Quatre mois apr\u00e8s la fin de la cha\u00eene C8 et avant de rejoindre le groupe M6 \u00e0 la rentr\u00e9e, Cyril Hanouna a fait ses adieux jeudi \u00e0 Europe 1.<\/strong>&nbsp;\u00ab\u00a0J&rsquo;ai pass\u00e9 des moments exceptionnels sur Europe 1\u00a0\u00bb, a dit l&rsquo;animateur \u00e0 la fin du dernier num\u00e9ro de son \u00e9mission quotidienne \u00ab\u00a0On marche sur la t\u00eate\u00a0\u00bb. \u00ab\u00a0On aimera toujours Europe 1, m\u00eame sur l&rsquo;autre radio (Fun Radio, ndlr) on dira qu&rsquo;on est toujours sur Europe 1\u00a0\u00bb, a-t-il plaisant\u00e9 au d\u00e9but de l&rsquo;\u00e9mission.<\/p>\n\n\n\n<p class=\"\">Cyril Hanouna avait rejoint Europe 1 en juin 2024, avant les \u00e9lections l\u00e9gislatives, pour une \u00e9mission temporaire ensuite reconduite \u00e0 la rentr\u00e9e. Pour la derni\u00e8re d'\u00a0\u00bbOn marche sur la t\u00eate\u00a0\u00bb, il a re\u00e7u plusieurs invit\u00e9s, dont Pascal Praud, qui le remplacera \u00e0 cet horaire sur Europe 1 la saison prochaine:<\/p>\n\n\n\n<p class=\"\">\u00ab\u00a0L\u00e0 o\u00f9 tu vas, je ne sais pas si tu auras la m\u00eame libert\u00e9\u00a0\u00bb, a-t-il affirm\u00e9.<\/p>\n\n\n\n<p class=\"\">Le groupe M6 a demand\u00e9 \u00e0 sa recrue de se recentrer sur le divertissement et d&rsquo;\u00e9viter les sujets politiques . \u00ab\u00a0C&rsquo;est un gros investissement pour eux, ils ont envie que \u00e7a r\u00e9ussisse, on va passer des bons moments\u00a0\u00bb, a r\u00e9pondu Cyril Hanouna, avant d&rsquo;assurer qu&rsquo;il voulait parler d&rsquo;un \u00ab\u00a0investissement humain\u00a0\u00bb.<\/p>\n\n\n\n<p class=\"\"><strong>&#8211; Christine Kelly de CNews reste sur la cha\u00eene info mais va \u00e9galement arriver sur Europe 1, comme l&rsquo;a annonc\u00e9 cette semaine Pascal Praud. Elle animera le 11h\/13h alors que lui prendra la tranche de Cyril Hanouna.<\/strong><\/p>\n\n\n\n<p class=\"\"><strong>&#8211; Pascal Bataille et Laurent Fontaine rejoignent la cha\u00eene W9<\/strong>&nbsp;pour le retour de&nbsp; \u201cY\u2019a que la v\u00e9rit\u00e9 qui compte\u201d, \u00e9mission embl\u00e9matique des ann\u00e9es 2000. Diffus\u00e9 sur C8 puis sur CStar (groupe Canal+), le programme va rebondir sur W9 \u00e0 la rentr\u00e9e.&nbsp;<\/p>\n\n\n\n<p class=\"\"><strong>&#8211; Olivier Minne a quitt\u00e9 France T\u00e9l\u00e9visions et en particulier Fort Boyard sur France 2 pour aller sur M6.&nbsp;<\/strong>Olivier Minne a abandonn\u00e9 le service public pour animer plusieurs divertissements sur M6. C\u2019est le cas de \u00ab\u00a0Pandore\u00a0\u00bb, qui va plonger 12 joueurs dans un univers inspir\u00e9 de la mythologie grecque. Chaque jour, deux participants \u00ab\u00a0maudits\u00a0\u00bb seront condamn\u00e9s \u00e0 l\u2019\u00e9limination, pour y \u00e9chapper ils devront remporter des \u00e9preuves bas\u00e9es sur des mythes grecs et auront peut-\u00eatre la chance d\u2019ouvrir la bo\u00eete de Pandore<\/p>\n\n\n\n<p class=\"\">Il sera \u00e9galement \u00e0 la t\u00eate de \u00ab\u00a0Quel est l\u2019\u00e2ge de votre cerveau ?\u00a0\u00bb Dans ce quiz en prime time, 200 candidats en plateau et les t\u00e9l\u00e9spectateurs pourront mesurer l\u2019\u00e2ge de leur cerveau tout en s\u2019amusant.<\/p>\n\n\n\n<p class=\"\">Olivier Minne animera \u00e9galement \u00ab\u00a0Le maillon faible\u00a0\u00bb, ce jeu qui a fait les beaux jours de TF1 avec Laurence Boccolini. \u00ab\u00a0Le maillon faible\u00a0\u00bb sera diffus\u00e9 une fois par semaine en access prime time<\/p>\n\n\n\n<p class=\"\"><strong>&#8211; Joan Faggianelli, qui officie sur la cha\u00eene jeunesse Gulli depuis 2007, va devenir l&rsquo;un des nouveaux visages de M6<\/strong>, qui appartient au m\u00eame groupe. Il va animer cet c\u00e9t\u00e9 la deuxi\u00e8me partie de la saison 5 de \u00ab\u00a0Lego Masters\u00a0\u00bb, qui sera lanc\u00e9e prochainement.&nbsp;<\/p>\n\n\n\n<p class=\"\"><strong>&#8211; Anne-Sophie Lapix a pr\u00e9sent\u00e9 jeudi soir son dernier journal t\u00e9l\u00e9vis\u00e9 de 20H sur France 2, qu&rsquo;elle animait depuis septembre 2017 pour rejoindre M6 et RTL.<\/strong>&nbsp;C&rsquo;est sous un tonnerre d&rsquo;applaudissements, bouquets de fleurs \u00e0 la main et entour\u00e9e des membres de la r\u00e9daction, que la journaliste de 53 ans, visage de la cha\u00eene publique depuis 8 ans, a fait ses au revoir aux t\u00e9l\u00e9spectateurs. \u00ab\u00a0Voil\u00e0, c&rsquo;est fini !\u00a0\u00bb, a-t-elle conclu avec le sourire au terme de son dernier journal.<\/p>\n\n\n\n<p class=\"\">Avant de quitter le plateau de France 2, celle qui rejoindra \u00e0 la rentr\u00e9e la radio RTL et la cha\u00eene t\u00e9l\u00e9vis\u00e9e M6 a longuement remerci\u00e9 les \u00e9quipes de France t\u00e9l\u00e9visions mais aussi sa famille, en terminant par un petit mot \u00ab\u00a0\u00e0 sa maman qui lui a toujours dit de faire ce qu&rsquo;elle aimait et l&rsquo;a port\u00e9e par sa confiance\u00a0\u00bb.<\/p>\n\n\n\n<p class=\"\">Elle a \u00e9galement souhait\u00e9 \u00ab\u00a0bonne chance\u00a0\u00bb \u00e0 L\u00e9a Salam\u00e9, pilier de la matinale de France inter qui prendra les r\u00eanes du JT de France 2 \u00e0 la rentr\u00e9e, \u00ab\u00a0\u00e0 la fois tr\u00e8s talentueuse, tr\u00e8s forte et tr\u00e8s chaleureuse\u00a0\u00bb.<\/p>\n\n\n\n<p class=\"\">&#8211; Avec l&rsquo;arriv\u00e9e de Anne-Sophie Lapix,&nbsp;<strong>Yves Calvi perd sa tranche du soir sur RTL.<\/strong>&nbsp;Il est aujourd&rsquo;hui sans destination connue.<\/p>\n\n\n\n<p class=\"\"><strong>&#8211; Le journaliste politique Benjamin Duhamel quitte finalement BFM TV pour se consacrer \u00e0 la matinale de France Inter<\/strong>, o\u00f9 il avait \u00e9t\u00e9 annonc\u00e9 en parall\u00e8le de son \u00e9mission sur la cha\u00eene de t\u00e9l\u00e9vision.&nbsp; D\u00e9but juin, France Inter avait indiqu\u00e9 que Benjamin Duhamel allait prendre \u00ab\u00a0les commandes de l&rsquo;interview de 7H50 du lundi au jeudi au sein du 7\/10\u00a0\u00bb, tout en restant \u00e0 son poste \u00e0 BFMTV. Mais les syndicats du service public \u00e9taient mont\u00e9 au cr\u00e9neau, l&rsquo;obligeant \u00e0 choisir et c&rsquo;est donc France Inter qu&rsquo;il a choisi, laissant la tranche 19h\/20h libre sur BFM TV.<\/p>\n\n\n\n<p class=\"\">Benjamin Duhamel est le fils de Patrice Duhamel, ancien directeur g\u00e9n\u00e9ral de France T\u00e9l\u00e9visions, et de Nathalie Saint-Cricq, \u00e9ditorialiste politique et temporairement directrice de la r\u00e9daction nationale de France T\u00e9l\u00e9visions.<\/p>\n\n\n\n<p class=\"\"><strong>&#8211; BFMTV fait face \u00e0 une v\u00e9ritable h\u00e9morragie depuis son rachat par l&rsquo;armateur CMA CGM mi-2024.<\/strong>&nbsp;Au total, le groupe RMC BFM a enregistr\u00e9 une centaine de d\u00e9parts de journalistes dans le cadre d&rsquo;une clause de cession.<\/p>\n\n\n\n<p class=\"\">Parmi les&nbsp;d\u00e9parts annonc\u00e9s, ceux&nbsp; du sp\u00e9cialiste \u00e9conomie Nicolas Doze vers LCI, de&nbsp;la co-pr\u00e9sentatrice de la matinale&nbsp;<strong>Adeline Fran\u00e7ois , de Matthieu Croissandeau vers T18, du reporter C\u00e9dric Faiche sans destination, de Ronald Guintrange depuis 10 ans sur la cha\u00eene, du chroniqueur Beno\u00eet Gallerey, du&nbsp;consultant police-justice Guillaume Farde, de&nbsp;St\u00e9phane Sellami du service Police-Justice, du pr\u00e9sentateur&nbsp; Philippe Gaudin&#8230;<\/strong><\/p>\n\n\n\n<p class=\"\"><strong>Des d\u00e9parts qui font suite \u00e0 ceux d\u00e9j\u00e0 enregistr\u00e9s de&nbsp;Thomas Souli\u00e9, Benjamin Dubois, C\u00e9line Pitelet, Bruce Toussaint, Perrine Vasque, Julien Mielcarek, Christophe Person,&nbsp;Candice Mahout, Philippe Corb\u00e9&#8230;.<\/strong><\/p>\n\n\n\n<p class=\"\"><strong>&#8211; La journaliste Ashley Chevalier, actuellement aux manettes du \u00ab\u00a0Dej Info\u00a0\u00bb de 12h \u00e0 15h sur BFMTV, rejoindra M6 \u00e0 la rentr\u00e9e<\/strong>&nbsp;pour y pr\u00e9senter les JT du week-end, en remplacement de Dominique Tenza, a annonc\u00e9 la cha\u00eene \u00e0 l&rsquo;AFP jeudi.<\/p>\n\n\n\n<p class=\"\">La nouvelle titulaire du \u00ab\u00a012:45\u00a0\u00bb et du \u00ab\u00a019:45\u00a0\u00bb sera \u00ab\u00a0\u00e0 la t\u00eate de toutes les \u00e9ditions du vendredi soir au dimanche soir inclus, d\u00e8s le vendredi 22 ao\u00fbt 2025\u00a0\u00bb, selon le communiqu\u00e9 de M6.<\/p>\n\n\n\n<p class=\"\">Ashley Chevalier a d\u00e9but\u00e9 sa carri\u00e8re en 2010 \u00e0 I-T\u00e9l\u00e9 (devenue CNews en 2017) en tant qu&rsquo;assistante \u00e9ditoriale puis reporter, avant de rejoindre BFMTV en 2016. Elle anime la tranche du milieu de journ\u00e9e de la cha\u00eene info depuis septembre 2023.<\/p>\n\n\n\n<p class=\"\"><strong>&#8211; Dominique Tenza a quant \u00e0 lui fait ses adieux au \u00ab\u00a019:45\u00a0\u00bb de M6 le 22 juin, apr\u00e8s 17 ans au sein du groupe M6, dont la radio RTL. Il devrait prendre les commandes de la matinale de BFM TV<\/strong>&nbsp;\u00e0 la rentr\u00e9e.&nbsp;Apr\u00e8s avoir \u00e9t\u00e9 joker de Nathalie Renoux au \u00ab\u00a012.45\u00a0\u00bb et de Xavier de Moulins au \u00ab\u00a019.45\u00a0\u00bb, Dominique Tenza est devenu titulaire des journaux de M6 du week-end en janvier 2023.<\/p>\n\n\n\n<p class=\"\"><strong>&#8211; Marc Fauvelle a quitt\u00e9 son poste de directeur de l\u2019information de France Inter en mars 2025 pour rejoindre BFM TV.<\/strong>&nbsp;Il&nbsp; va y animer un rendez-vous d\u2019information.<\/p>\n\n\n\n<p class=\"\"><strong>&#8211; Paul Larrouturou quitte \u00ab\u00a0Bonjour!\u00a0\u00bb sur TF1 pour succ\u00e9der \u00e0 Salhia Brakhlia sur France Info, dont le d\u00e9part a \u00e9t\u00e9 annonc\u00e9 mardi 17 juin. Le journaliste de 37 ans ans mener l\u2019interview politique de la matinale. Il sera en bin\u00f4me avec Agathe Lambret.<\/strong><\/p>\n\n\n\n<p class=\"\"><strong>&#8211; Autre d\u00e9part de \u00ab\u00a0Bonjour\u00a0\u00bb sur TF1, le chroniqueur Benjamin Muller quitte l&rsquo;\u00e9mission pour partir vivre \u00e0 l&rsquo;\u00e9tranger.<\/strong>&nbsp;Il \u00e9tait un des visages de ce programme, apr\u00e8s avoir quitt\u00e9 la Maison des maternelles de France 2 pour rejoindre la Une.<\/p>\n\n\n\n<p class=\"\">&nbsp;<strong>&#8211;&nbsp;Apr\u00e8s trois saisons pass\u00e9es sur la radio priv\u00e9e, Jean-Jacques Bourdin \u00e0 la t\u00eate du \u00ab\u00a0Grand matin\u00a0\u00bb (7h\/9h), quitte Sud Radio<\/strong>. L&rsquo;annonce a \u00e9t\u00e9 faite par voie de communiqu\u00e9 ce mercredi 28 mai 2025. \u00ab\u00a0Apr\u00e8s trois saisons sur Sud Radio, Jean-Jacques Bourdin et la direction de la station ont d\u00e9cid\u00e9 de ne pas poursuivre leur collaboration. Sud Radio le remercie chaleureusement pour son professionnalisme et son engagement au cours de ces trois ann\u00e9es\u00a0\u00bb.<\/p>\n\n\n\n<p class=\"\"><strong>&#8211; Claude Askolovitch quitte France Inter et ARTE pour rejoindre la futur cha\u00eene NOVO19<\/strong>.&nbsp;Apr\u00e8s huit ans de revues de presse dans le \u00ab\u00a07\/10\u00a0\u00bb de France Inter, le journaliste affirme qu&rsquo;il voulait un nouveau challenge. Il part \u00e9galement d&rsquo;Arte, o\u00f9 il intervenait dans l\u2019\u00e9mission \u201c28 minutes\u201d depuis 2013.<\/p>\n\n\n\n<p class=\"\"><strong>&#8211; Eric Brunet est \u00e9cart\u00e9 de RTL et parvient \u00e0 rebondir en r\u00e9cup\u00e9rant une tranche du week-end de LCI<\/strong>&nbsp;o\u00f9 il retourne apr\u00e8s avoir quitt\u00e9 la cha\u00eene du groupe TF1 pour BFM o\u00f9 l&rsquo;exp\u00e9rience n&rsquo;a pas \u00e9t\u00e9 concluante. Concernant RTL, selon Pure M\u00e9dia, \u00ab\u00a0il&nbsp;paie les pots cass\u00e9s d&rsquo;une baisse d&rsquo;audience significative de sa tranche d\u2019info de la mi-journ\u00e9e. Au dernier pointage, \u00ab\u00a0Les Auditeurs ont la parole\u00a0\u00bb, dont il assurait la pr\u00e9sentation depuis l&rsquo;\u00e9t\u00e9 2023 en remplacement de Pascal Praud, avait perdu 135.000 auditeurs en quart d&rsquo;heure moyen\u00a0\u00bb.<\/p>\n\n\n\n<p class=\"\"><strong>&#8211; Apr\u00e8s neuf ans \u00e0 l\u2019animation de La maison des maternelles sur France 2, Agathe Lecaron quitte l\u2019\u00e9mission.<\/strong>&nbsp;L&rsquo;\u00e9mission va \u00e9galement changer de cha\u00eene en passant de France 2 \u00e0 France 4, fra\u00eechement d\u00e9barqu\u00e9e sur le canal 4 de la TNT. Le programme y sera d&rsquo;ailleurs diffus\u00e9 en access, en fin d\u2019apr\u00e8s-midi, du lundi au vendredi.<\/p>\n\n\n\n<p class=\"\"><strong>&#8211; Apr\u00e8s son d\u00e9part de France T\u00e9l\u00e9visions en 2023, et un passage \u00e9clair sur BFMTV, Laurent Ruquier<\/strong>&nbsp;a donn\u00e9 le coup d\u2019envoi de T18, la nouvelle cha\u00eene du milliardaire tch\u00e8que Daniel Kretinsky. Depuis le 14 juin, Laurent Ruquier est aux manettes de \u201cChez Ruquier\u201d, une \u00e9mission culturelle hebdomadaire d\u2019une heure, \u00e0 retrouver tous les samedis \u00e0 21 heures.<\/p>\n","protected":false},"excerpt":{"rendered":"<p>C&rsquo;est sans doute le plus gros mercato t\u00e9l\u00e9 de ces derni\u00e8res ann\u00e9es que nous sommes en train de vivre et cette ann\u00e9e 2025 va marquer les esprits au vu du nombre de mouvements d&rsquo;animateurs et de journalistes signal\u00e9s. Pour la premi\u00e8re fois,&nbsp;jeanmarcmorandini.com&nbsp;vous propose la compilation de toutes les informations sur ce mecato hors norme : [&hellip;]<\/p>\n","protected":false},"author":2,"featured_media":36188,"comment_status":"open","ping_status":"open","sticky":false,"template":"","format":"standard","meta":{"_jetpack_memberships_contains_paid_content":false,"footnotes":"","jetpack_publicize_message":"","jetpack_publicize_feature_enabled":true,"jetpack_social_post_already_shared":true,"jetpack_social_options":{"image_generator_settings":{"template":"highway","default_image_id":0,"enabled":true,"token":"eyJpbWciOiJodHRwczpcL1wvd3d3LmljZWFnZXR2LmNvbVwvcmFkaW9zaXRlXC93cC1jb250ZW50XC91cGxvYWRzXC8yMDI1XC8wN1wva2FBUGZDREYuanBnIiwidHh0IjoiRFx1MDBlOWNvdXZyZXogbGUgZ3VpZGUgY29tcGxldCBkJiM4MjE3O3VuIGRlcyBwbHVzIGdyYW5kcyBtZXJjYXRvcyBkZSBsJiM4MjE3O2hpc3RvaXJlIGRlIGxhIHRcdTAwZTlsXHUwMGU5IEZyYW5cdTAwZTdhaXNlIDogSGFub3VuYSwgTGFwaXgsIEtlbGx5LCBNaW5uZSwgRHVoYW1lbCwgUnVxdWllciwgTGFycm91dHVyb3UsIENhbHZpLCBBc2tvbG92aXRjaCwgQ2FsdmksIExlY2Fyb24sIEJyYWtobGlhLCBGYXV2ZWxsZSwgQmF0YWlsbGUgZXQgRm9udGFpbmUuLiIsInRlbXBsYXRlIjoiaGlnaHdheSIsImJsb2dfaWQiOjExMTAxNjQ2MX0.3Pmhv5BxfvUNl79CeRYMjhfJQViR1RqKXrfYdI1A9psMQ"},"version":2},"_wpas_customize_per_network":false},"categories":[68],"tags":[],"class_list":["post-36187","post","type-post","status-publish","format-standard","has-post-thumbnail","hentry","category-actu-culturelle"],"jetpack_publicize_connections":[],"jetpack_featured_media_url":"https:\/\/i0.wp.com\/www.iceagetv.com\/radiosite\/wp-content\/uploads\/2025\/07\/kaAPfCDF.jpg?fit=679%2C293&ssl=1","jetpack_sharing_enabled":true,"_links":{"self":[{"href":"https:\/\/www.iceagetv.com\/radiosite\/wp-json\/wp\/v2\/posts\/36187","targetHints":{"allow":["GET"]}}],"collection":[{"href":"https:\/\/www.iceagetv.com\/radiosite\/wp-json\/wp\/v2\/posts"}],"about":[{"href":"https:\/\/www.iceagetv.com\/radiosite\/wp-json\/wp\/v2\/types\/post"}],"author":[{"embeddable":true,"href":"https:\/\/www.iceagetv.com\/radiosite\/wp-json\/wp\/v2\/users\/2"}],"replies":[{"embeddable":true,"href":"https:\/\/www.iceagetv.com\/radiosite\/wp-json\/wp\/v2\/comments?post=36187"}],"version-history":[{"count":1,"href":"https:\/\/www.iceagetv.com\/radiosite\/wp-json\/wp\/v2\/posts\/36187\/revisions"}],"predecessor-version":[{"id":36189,"href":"https:\/\/www.iceagetv.com\/radiosite\/wp-json\/wp\/v2\/posts\/36187\/revisions\/36189"}],"wp:featuredmedia":[{"embeddable":true,"href":"https:\/\/www.iceagetv.com\/radiosite\/wp-json\/wp\/v2\/media\/36188"}],"wp:attachment":[{"href":"https:\/\/www.iceagetv.com\/radiosite\/wp-json\/wp\/v2\/media?parent=36187"}],"wp:term":[{"taxonomy":"category","embeddable":true,"href":"https:\/\/www.iceagetv.com\/radiosite\/wp-json\/wp\/v2\/categories?post=36187"},{"taxonomy":"post_tag","embeddable":true,"href":"https:\/\/www.iceagetv.com\/radiosite\/wp-json\/wp\/v2\/tags?post=36187"}],"curies":[{"name":"wp","href":"https:\/\/api.w.org\/{rel}","templated":true}]}}