{"id":36195,"date":"2025-07-01T18:26:24","date_gmt":"2025-07-01T16:26:24","guid":{"rendered":"https:\/\/www.iceagetv.com\/radiosite\/?p=36195"},"modified":"2025-07-01T18:26:28","modified_gmt":"2025-07-01T16:26:28","slug":"jusqua-10-ans-de-prison-ce-que-va-changer-le-delit-dhomicide-routier-definitivement-adopte-ce-mardi","status":"publish","type":"post","link":"https:\/\/www.iceagetv.com\/radiosite\/jusqua-10-ans-de-prison-ce-que-va-changer-le-delit-dhomicide-routier-definitivement-adopte-ce-mardi\/","title":{"rendered":"Jusqu&rsquo;\u00e0 10 ans de prison : ce que va changer le d\u00e9lit d&rsquo;homicide routier, d\u00e9finitivement adopt\u00e9 ce mardi"},"content":{"rendered":"\n<p class=\"\">Un vote positif en d\u00e9but d&rsquo;apr\u00e8s-midi du S\u00e9nat (chambre haute du Parlement), apr\u00e8s celui de l&rsquo;Assembl\u00e9e nationale (chambre basse) le 3 juin, a ent\u00e9rin\u00e9 l&rsquo;adoption de cette r\u00e9forme.&nbsp;La loi ne d\u00e9tournera plus les yeux&nbsp;\u00bb : en France, le d\u00e9lit d\u2019homicide routier a \u00e9t\u00e9 d\u00e9finitivement adopt\u00e9 mardi 1er juillet 2025 par le Parlement, au grand soulagement des victimes et des proches de victimes qui en ont fait leur combat depuis plusieurs ann\u00e9es.<\/p>\n\n\n\n<p class=\"\">Un vote positif en d\u00e9but d\u2019apr\u00e8s-midi du S\u00e9nat (chambre haute du Parlement), apr\u00e8s celui de l\u2019Assembl\u00e9e nationale (chambre basse) le 3 juin, a ent\u00e9rin\u00e9 l\u2019adoption de cette r\u00e9forme qui doit encore \u00eatre promulgu\u00e9e par le pr\u00e9sident de la R\u00e9publique pour entrer en vigueur.<\/p>\n\n\n\n<p class=\"\">\u00ab&nbsp;La loi, d\u00e9sormais, ne d\u00e9tournera plus les yeux&nbsp;\u00bb, s\u2019est satisfait le ministre de la Justice, G\u00e9rald Darmanin.&nbsp;<\/p>\n\n\n\n<p class=\"\">Ce texte affirme avec clart\u00e9 que tuer sur la route, sous l&#8217;emprise de l&rsquo;alcool, sous l&#8217;emprise de la drogue, en exc\u00e8s de vitesse ou dans le m\u00e9pris d\u00e9lib\u00e9r\u00e9 des r\u00e8gles, ce n&rsquo;est pas un simple accident, c&rsquo;est un acte criminel.Relanc\u00e9 apr\u00e8s l\u2019accident de Pierre Palmade<\/p>\n\n\n\n<p class=\"\">Le d\u00e9bat sur le d\u00e9lit d\u2019homicide et blessures routiers avait \u00e9t\u00e9 relanc\u00e9 en France apr\u00e8s l\u2019accident provoqu\u00e9 par un c\u00e9l\u00e8bre humoriste en f\u00e9vrier 2023. Sous l\u2019emprise de stup\u00e9fiants, Pierre Palmade avait bless\u00e9 gri\u00e8vement trois personnes lors d\u2019une violente collision. Il avait \u00e9t\u00e9 condamn\u00e9 \u00e0 cinq ans de prison dont deux ferme \u00ab\u00a0pour blessures involontaires\u00a0\u00bb.Selon la Ligue contre la violence routi\u00e8re, les victimes n\u2019acceptent plus \u00ab\u00a0que les auteurs des collisions qui ont d\u00e9truit leur vie ne soient poursuivis que pour homicide involontaire. L\u2019homicide routier propose un changement s\u00e9mantique, souhait\u00e9 par les victimes, mais int\u00e8gre aussi des circonstances aggravantes plus nombreuses\u00a0\u00bb.7 ans de prison et 100 000 euros d\u2019amende<\/p>\n\n\n\n<p class=\"\">Avec ce d\u00e9lit,&nbsp;les responsables d\u2019accidents mortels de la circulation accompagn\u00e9s d\u2019au moins une circonstance aggravante \u2013 notamment l\u2019\u00e9tat d\u2019ivresse ou un d\u00e9passement de vitesse autoris\u00e9e \u00e9gal ou sup\u00e9rieur \u00e0 30 km\/h \u2013 seront poursuivis pour homicide routier.<\/p>\n\n\n\n<p class=\"\">Lorsqu\u2019un conducteur se rendra coupable d\u2019une de ces circonstances, il sera passible de 7 ans de prison et 100.000 euros d\u2019amende, peine \u00e9lev\u00e9e \u00e0 10 ans d\u2019emprisonnement et 150.000 euros au del\u00e0 de deux circonstances aggravantes.<\/p>\n\n\n\n<p class=\"\">Ce sont les m\u00eames peines que celles appliqu\u00e9es actuellement avec l\u2019homicide involontaire, ce qui inqui\u00e8te certains observateurs qui estiment que la moyenne des peines prononc\u00e9es actuellement est de 2 ans.Plus de 3000 morts en 2024<\/p>\n\n\n\n<p class=\"\">Vincent Jul\u00e9-Parade, avocat sp\u00e9cialis\u00e9 dans la d\u00e9fense des victimes de la route, redoute \u00ab&nbsp;l\u2019id\u00e9e que les magistrats ne d\u00e9passent pas leur analyse de l\u2019accident de la circulation comme demeurant un accident. Ils auraient pu le faire si on avait chang\u00e9 le quantum des peines&nbsp;\u00bb.<\/p>\n\n\n\n<p class=\"\">Des s\u00e9nateurs ont \u00e9galement dit craindre un texte uniquement \u00ab&nbsp;symbolique&nbsp;\u00bb, consentant n\u00e9anmoins \u00e0 l\u2019adopter pour ne pas prolonger le processus l\u00e9gislatif.<\/p>\n\n\n\n<p class=\"\">En 2024, 3.190 personnes sont d\u00e9c\u00e9d\u00e9es sur les routes de France m\u00e9tropolitaine et 233.000 ont \u00e9t\u00e9 bless\u00e9es, dont pr\u00e8s de 16.000 gravement. Selon l\u2019Observatoire national interminist\u00e9riel de la s\u00e9curit\u00e9 routi\u00e8re (ONISR), les deux tiers des accidents corporels pr\u00e9sentent au moins un facteur aggravant et les trois quarts des responsables r\u00e9cidivent, presque aussi fr\u00e9quemment et plus gravement qu\u2019avant.<\/p>\n","protected":false},"excerpt":{"rendered":"<p>Un vote positif en d\u00e9but d&rsquo;apr\u00e8s-midi du S\u00e9nat (chambre haute du Parlement), apr\u00e8s celui de l&rsquo;Assembl\u00e9e nationale (chambre basse) le 3 juin, a ent\u00e9rin\u00e9 l&rsquo;adoption de cette r\u00e9forme.&nbsp;La loi ne d\u00e9tournera plus les yeux&nbsp;\u00bb : en France, le d\u00e9lit d\u2019homicide routier a \u00e9t\u00e9 d\u00e9finitivement adopt\u00e9 mardi 1er juillet 2025 par le Parlement, au grand soulagement [&hellip;]<\/p>\n","protected":false},"author":2,"featured_media":36197,"comment_status":"open","ping_status":"open","sticky":false,"template":"","format":"standard","meta":{"_jetpack_memberships_contains_paid_content":false,"footnotes":"","jetpack_publicize_message":"","jetpack_publicize_feature_enabled":true,"jetpack_social_post_already_shared":true,"jetpack_social_options":{"image_generator_settings":{"template":"highway","default_image_id":0,"enabled":true,"token":"eyJpbWciOiJodHRwczpcL1wvd3d3LmljZWFnZXR2LmNvbVwvcmFkaW9zaXRlXC93cC1jb250ZW50XC91cGxvYWRzXC8yMDI1XC8wN1wvSU1HXzc5MjMtOTYweDY0MC0xLmpwZyIsInR4dCI6Ikp1c3F1JiM4MjE3O1x1MDBlMCAxMCBhbnMgZGUgcHJpc29uIDogY2UgcXVlIHZhIGNoYW5nZXIgbGUgZFx1MDBlOWxpdCBkJiM4MjE3O2hvbWljaWRlIHJvdXRpZXIsIGRcdTAwZTlmaW5pdGl2ZW1lbnQgYWRvcHRcdTAwZTkgY2UgbWFyZGkiLCJ0ZW1wbGF0ZSI6ImhpZ2h3YXkiLCJibG9nX2lkIjoxMTEwMTY0NjF9.1jactUJh85_42FGgpNlHDJb7YZpBHpOV4AQW2_3DAZMMQ"},"version":2},"_wpas_customize_per_network":false},"categories":[405],"tags":[],"class_list":["post-36195","post","type-post","status-publish","format-standard","has-post-thumbnail","hentry","category-actu-france-monde"],"jetpack_publicize_connections":[],"jetpack_featured_media_url":"https:\/\/i0.wp.com\/www.iceagetv.com\/radiosite\/wp-content\/uploads\/2025\/07\/IMG_7923-960x640-1.jpg?fit=960%2C640&ssl=1","jetpack_sharing_enabled":true,"_links":{"self":[{"href":"https:\/\/www.iceagetv.com\/radiosite\/wp-json\/wp\/v2\/posts\/36195","targetHints":{"allow":["GET"]}}],"collection":[{"href":"https:\/\/www.iceagetv.com\/radiosite\/wp-json\/wp\/v2\/posts"}],"about":[{"href":"https:\/\/www.iceagetv.com\/radiosite\/wp-json\/wp\/v2\/types\/post"}],"author":[{"embeddable":true,"href":"https:\/\/www.iceagetv.com\/radiosite\/wp-json\/wp\/v2\/users\/2"}],"replies":[{"embeddable":true,"href":"https:\/\/www.iceagetv.com\/radiosite\/wp-json\/wp\/v2\/comments?post=36195"}],"version-history":[{"count":1,"href":"https:\/\/www.iceagetv.com\/radiosite\/wp-json\/wp\/v2\/posts\/36195\/revisions"}],"predecessor-version":[{"id":36198,"href":"https:\/\/www.iceagetv.com\/radiosite\/wp-json\/wp\/v2\/posts\/36195\/revisions\/36198"}],"wp:featuredmedia":[{"embeddable":true,"href":"https:\/\/www.iceagetv.com\/radiosite\/wp-json\/wp\/v2\/media\/36197"}],"wp:attachment":[{"href":"https:\/\/www.iceagetv.com\/radiosite\/wp-json\/wp\/v2\/media?parent=36195"}],"wp:term":[{"taxonomy":"category","embeddable":true,"href":"https:\/\/www.iceagetv.com\/radiosite\/wp-json\/wp\/v2\/categories?post=36195"},{"taxonomy":"post_tag","embeddable":true,"href":"https:\/\/www.iceagetv.com\/radiosite\/wp-json\/wp\/v2\/tags?post=36195"}],"curies":[{"name":"wp","href":"https:\/\/api.w.org\/{rel}","templated":true}]}}