{"id":36218,"date":"2025-07-02T07:55:39","date_gmt":"2025-07-02T05:55:39","guid":{"rendered":"https:\/\/www.iceagetv.com\/radiosite\/?p=36218"},"modified":"2025-07-02T07:55:42","modified_gmt":"2025-07-02T05:55:42","slug":"canicule-la-frequentation-des-urgences-augmente-inquietude-pour-les-jours-a-venir","status":"publish","type":"post","link":"https:\/\/www.iceagetv.com\/radiosite\/canicule-la-frequentation-des-urgences-augmente-inquietude-pour-les-jours-a-venir\/","title":{"rendered":"Canicule: la fr\u00e9quentation des urgences augmente, inqui\u00e9tude pour les jours \u00e0 venir"},"content":{"rendered":"\n<p class=\"\">La canicule touche (presque) \u00e0 sa fin. Quatre d\u00e9partements sont maintenus en vigilance rouge et 55 d\u00e9partements sont toujours en vigilance orange. Et d\u00e9j\u00e0, les services d&rsquo;urgences sont sur-sollicit\u00e9s. \u00c0 Paris, le Samu s&rsquo;attend \u00e0 une hausse de 30 \u00e0 40% des appels par rapport \u00e0 la normale.<\/p>\n\n\n\n<p class=\"\">En pleine&nbsp;<a href=\"https:\/\/rmc.bfmtv.com\/actualites\/sciences-nature\/meteo\/direct-canicule-records-de-temperature-lundi-16-departements-en-vigilance-rouge-ce-mardi_LN-202507010062.html\">canicule<\/a>, le SAMU de Paris craint une hausse des appels de personnes victimes de la chaleur de 30 \u00e0 40% par rapport \u00e0 la normale. Coups de chaud, d\u00e9shydratation, ou pathologies aggrav\u00e9es par les fortes temp\u00e9ratures, certains services d&rsquo;urgences commencent \u00e0 voir les cons\u00e9quences de la canicule sur leur fr\u00e9quentation.<\/p>\n\n\n\n<p class=\"\">Depuis vendredi, pr\u00e8s de quarante patients ont \u00e9t\u00e9 admis aux\u00a0<a href=\"https:\/\/rmc.bfmtv.com\/actualites\/societe\/sante\/le-temps-d-attente-aux-urgences-explose-c-est-une-decheance-alerte-un-medecin_AV-202505160208.html\">urgences<\/a>\u00a0du CHU de Nice pour des sympt\u00f4mes li\u00e9s \u00e0 la chaleur, explique Pierre-Marie Tardieux, le chef du p\u00f4le Urgences.On a pas mal de petits malaises souvent dans le post-plage. On a aussi quelques travailleurs qui ont pris un coup de chaleur s\u2019ils travaillent sur les toits ou sur les routes. Et bien s\u00fbr, on a des personnes \u00e2g\u00e9es qui d\u00e9compensent des pathologies qui sont pr\u00e9-existantes chez eux\u201d, souligne-t-il.<\/p>\n\n\n\n<h2 class=\"wp-block-heading\" id=\"39ufi\">L&rsquo;exemple de 2003<\/h2>\n\n\n\n<p class=\"\">Du c\u00f4t\u00e9 du Samu, on enregistre une hausse des appels de 5 \u00e0 10% selon la r\u00e9gion. Agn\u00e8s Ricard-Hibon, est la porte-parole du syndicat Samu-Urgence de France: \u00ab\u00a0En \u00cele-de-France par exemple, en fonction des d\u00e9partements, on a une moyenne d\u2019augmentation des appels de 11%. Par contre sur les urgences, c\u2019est inf\u00e9rieur \u00e0 5%\u201d, indique-t-elle.<\/p>\n\n\n\n<p class=\"\">Mais elle pr\u00e9voit une augmentation du nombre de patients aux urgences dans les prochains jours:<\/p>\n\n\n\n<blockquote class=\"wp-block-quote is-layout-flow wp-block-quote-is-layout-flow\">\n<p class=\"\">\u201cOn sait tr\u00e8s bien que la d\u00e9compensation des pathologies chroniques survient en d\u00e9cal\u00e9 avec deux ou trois jours d\u2019\u00e9cart. On peut avoir un afflux de patients important, on l\u2019a connu en 2003. Maintenant, les mesures de pr\u00e9vention font qu\u2019on n\u2019aura pas la m\u00eame crise qu\u2019en 2003\u201d, appuie-t-elle.<\/p>\n<\/blockquote>\n\n\n\n<p class=\"\">N\u00e9anmoins, pour cette m\u00e9decin urgentiste l&rsquo;inqui\u00e9tude, aujourd&rsquo;hui, est d&rsquo;avoir le nombre de lits d&rsquo;hospitalisation suffisant pour g\u00e9rer cet afflux de patients.<\/p>\n","protected":false},"excerpt":{"rendered":"<p>La canicule touche (presque) \u00e0 sa fin. Quatre d\u00e9partements sont maintenus en vigilance rouge et 55 d\u00e9partements sont toujours en vigilance orange. Et d\u00e9j\u00e0, les services d&rsquo;urgences sont sur-sollicit\u00e9s. \u00c0 Paris, le Samu s&rsquo;attend \u00e0 une hausse de 30 \u00e0 40% des appels par rapport \u00e0 la normale. En pleine&nbsp;canicule, le SAMU de Paris craint [&hellip;]<\/p>\n","protected":false},"author":2,"featured_media":36219,"comment_status":"open","ping_status":"open","sticky":false,"template":"","format":"standard","meta":{"_jetpack_memberships_contains_paid_content":false,"footnotes":"","jetpack_publicize_message":"","jetpack_publicize_feature_enabled":true,"jetpack_social_post_already_shared":true,"jetpack_social_options":{"image_generator_settings":{"template":"highway","default_image_id":0,"enabled":true,"token":"eyJpbWciOiJodHRwczpcL1wvd3d3LmljZWFnZXR2LmNvbVwvcmFkaW9zaXRlXC93cC1jb250ZW50XC91cGxvYWRzXC8yMDI1XC8wN1wvbGEtZnJlcXVlbnRhdGlvbi1kZXMtdXJnZW5jZXMtYXVnbWVudGUtaW5xdWlldHVkZS1wb3VyLWxlcy1qb3Vycy1hLXZlbmlyLmpwZyIsInR4dCI6IkNhbmljdWxlOiBsYSBmclx1MDBlOXF1ZW50YXRpb24gZGVzIHVyZ2VuY2VzIGF1Z21lbnRlLCBpbnF1aVx1MDBlOXR1ZGUgcG91ciBsZXMgam91cnMgXHUwMGUwIHZlbmlyIiwidGVtcGxhdGUiOiJoaWdod2F5IiwiYmxvZ19pZCI6MTExMDE2NDYxfQ.fnagfSBxaM3oV-Pufd_kTEIU7uEAJWYn14uXYecscKQMQ"},"version":2},"_wpas_customize_per_network":false},"categories":[14],"tags":[],"class_list":["post-36218","post","type-post","status-publish","format-standard","has-post-thumbnail","hentry","category-actu-meteo"],"jetpack_publicize_connections":[],"jetpack_featured_media_url":"https:\/\/i0.wp.com\/www.iceagetv.com\/radiosite\/wp-content\/uploads\/2025\/07\/la-frequentation-des-urgences-augmente-inquietude-pour-les-jours-a-venir.jpg?fit=364%2C418&ssl=1","jetpack_sharing_enabled":true,"_links":{"self":[{"href":"https:\/\/www.iceagetv.com\/radiosite\/wp-json\/wp\/v2\/posts\/36218","targetHints":{"allow":["GET"]}}],"collection":[{"href":"https:\/\/www.iceagetv.com\/radiosite\/wp-json\/wp\/v2\/posts"}],"about":[{"href":"https:\/\/www.iceagetv.com\/radiosite\/wp-json\/wp\/v2\/types\/post"}],"author":[{"embeddable":true,"href":"https:\/\/www.iceagetv.com\/radiosite\/wp-json\/wp\/v2\/users\/2"}],"replies":[{"embeddable":true,"href":"https:\/\/www.iceagetv.com\/radiosite\/wp-json\/wp\/v2\/comments?post=36218"}],"version-history":[{"count":1,"href":"https:\/\/www.iceagetv.com\/radiosite\/wp-json\/wp\/v2\/posts\/36218\/revisions"}],"predecessor-version":[{"id":36220,"href":"https:\/\/www.iceagetv.com\/radiosite\/wp-json\/wp\/v2\/posts\/36218\/revisions\/36220"}],"wp:featuredmedia":[{"embeddable":true,"href":"https:\/\/www.iceagetv.com\/radiosite\/wp-json\/wp\/v2\/media\/36219"}],"wp:attachment":[{"href":"https:\/\/www.iceagetv.com\/radiosite\/wp-json\/wp\/v2\/media?parent=36218"}],"wp:term":[{"taxonomy":"category","embeddable":true,"href":"https:\/\/www.iceagetv.com\/radiosite\/wp-json\/wp\/v2\/categories?post=36218"},{"taxonomy":"post_tag","embeddable":true,"href":"https:\/\/www.iceagetv.com\/radiosite\/wp-json\/wp\/v2\/tags?post=36218"}],"curies":[{"name":"wp","href":"https:\/\/api.w.org\/{rel}","templated":true}]}}