{"id":36251,"date":"2025-07-02T14:23:02","date_gmt":"2025-07-02T12:23:02","guid":{"rendered":"https:\/\/www.iceagetv.com\/radiosite\/?p=36251"},"modified":"2025-07-02T14:23:07","modified_gmt":"2025-07-02T12:23:07","slug":"flavie-flament-et-julien-arnaud-arrives-au-debut-de-la-saison-a-telematin-ecartes-de-la-matinale-de-france-2-le-parisien-decouvrez-le-duo-qui-devrait-les-remplacer","status":"publish","type":"post","link":"https:\/\/www.iceagetv.com\/radiosite\/flavie-flament-et-julien-arnaud-arrives-au-debut-de-la-saison-a-telematin-ecartes-de-la-matinale-de-france-2-le-parisien-decouvrez-le-duo-qui-devrait-les-remplacer\/","title":{"rendered":"Flavie Flament et Julien Arnaud, arriv\u00e9s au d\u00e9but de la saison \u00e0 \u00ab\u00a0T\u00e9l\u00e9matin\u00a0\u00bb, \u00e9cart\u00e9s de la matinale de France 2 (Le Parisien) &#8211; D\u00e9couvrez le duo qui devrait les remplacer"},"content":{"rendered":"\n<p class=\"\">A l&rsquo;approche de la fin de saison, France T\u00e9l\u00e9visions peaufine sa grille pour la rentr\u00e9e prochaine. Selon&nbsp;<a href=\"https:\/\/www.leparisien.fr\/culture-loisirs\/tv\/telematin-depart-surprise-de-flavie-flament-et-julien-arnaud-02-07-2025-LI6FWU4OPFGPJOUI73GJJGRZJY.php?ts=1751445020661\" target=\"_blank\" rel=\"noreferrer noopener\">Le Parisien<\/a>, Julien Arnaud et Flavie Flament sont \u00e9cart\u00e9s de \u00ab\u00a0T\u00e9l\u00e9matin\u00a0\u00bb en semaine, un an apr\u00e8s leur arriv\u00e9e \u00e0 la t\u00eate de la matinale de France 2.&nbsp;<\/p>\n\n\n\n<p class=\"\">Nos confr\u00e8res pr\u00e9cisent qu&rsquo;une proposition leur a \u00e9t\u00e9 faite par la direction du groupe public. \u00ab\u00a0Passer le week-end et ainsi permuter place pour place avec Maya Lauqu\u00e9 et Damien Th\u00e9venot, le tandem aux manettes les vendredis, samedis et dimanches depuis quatre saisons\u00a0\u00bb, explique Le Parisien.<\/p>\n\n\n\n<p class=\"\">Arriv\u00e9s au d\u00e9but de la saison, Julien Arnaud et Flavie Flament, qui se sont notamment retrouv\u00e9s face \u00e0 \u00ab\u00a0Bonjour\u00a0\u00bb sur TF1, n&rsquo;ont pas r\u00e9ussi \u00e0 inverser la courbe d&rsquo;audience.<\/p>\n\n\n\n<p class=\"\">Le Parisien pr\u00e9cise qu\u2019il y a plusieurs mois, France T\u00e9l\u00e9visions a command\u00e9 une \u00e9tude qualitative concernant le duo et celle-ci s\u2019est r\u00e9v\u00e9l\u00e9e particuli\u00e8rement n\u00e9gative. Contrairement au duo de la fin de semaine.<\/p>\n\n\n\n<p class=\"\">Concernant leur avenir, nos confr\u00e8res indiquent que Julien Arnaud, en CDI \u00e0 France T\u00e9l\u00e9visions, \u00ab\u00a0trouvera forc\u00e9ment un point de chute, \u00e0 moins qu\u2019il ne claque la porte, choqu\u00e9 d\u2019\u00eatre ainsi trait\u00e9\u00a0\u00bb. De son c\u00f4t\u00e9, Flavie Flament est en contrat avec le groupe public pour encore une saison enti\u00e8re, \u00ab\u00a0ce qui l\u00e0 encore, favorise son recasage dans le groupe\u00a0\u00bb.<\/p>\n","protected":false},"excerpt":{"rendered":"<p>A l&rsquo;approche de la fin de saison, France T\u00e9l\u00e9visions peaufine sa grille pour la rentr\u00e9e prochaine. Selon&nbsp;Le Parisien, Julien Arnaud et Flavie Flament sont \u00e9cart\u00e9s de \u00ab\u00a0T\u00e9l\u00e9matin\u00a0\u00bb en semaine, un an apr\u00e8s leur arriv\u00e9e \u00e0 la t\u00eate de la matinale de France 2.&nbsp; Nos confr\u00e8res pr\u00e9cisent qu&rsquo;une proposition leur a \u00e9t\u00e9 faite par la direction [&hellip;]<\/p>\n","protected":false},"author":2,"featured_media":36252,"comment_status":"open","ping_status":"open","sticky":false,"template":"","format":"standard","meta":{"_jetpack_memberships_contains_paid_content":false,"footnotes":"","jetpack_publicize_message":"","jetpack_publicize_feature_enabled":true,"jetpack_social_post_already_shared":true,"jetpack_social_options":{"image_generator_settings":{"template":"highway","default_image_id":0,"enabled":true,"token":"eyJpbWciOiJodHRwczpcL1wvd3d3LmljZWFnZXR2LmNvbVwvcmFkaW9zaXRlXC93cC1jb250ZW50XC91cGxvYWRzXC8yMDI1XC8wN1wvRE5WR2VCT1IuanBnIiwidHh0IjoiRmxhdmllIEZsYW1lbnQgZXQgSnVsaWVuIEFybmF1ZCwgYXJyaXZcdTAwZTlzIGF1IGRcdTAwZTlidXQgZGUgbGEgc2Fpc29uIFx1MDBlMCAmIzgyMjA7VFx1MDBlOWxcdTAwZTltYXRpbiYjODIyMTssIFx1MDBlOWNhcnRcdTAwZTlzIGRlIGxhIG1hdGluYWxlIGRlIEZyYW5jZSAyIChMZSBQYXJpc2llbikgJiM4MjExOyBEXHUwMGU5Y291dnJleiBsZSBkdW8gcXVpIGRldnJhaXQgbGVzIHJlbXBsYWNlciIsInRlbXBsYXRlIjoiaGlnaHdheSIsImJsb2dfaWQiOjExMTAxNjQ2MX0.z7st1jKhq05_HJ6FOpZ21ItOwZCSMJt9KMTYSfdarv4MQ"},"version":2},"_wpas_customize_per_network":false},"categories":[68],"tags":[],"class_list":["post-36251","post","type-post","status-publish","format-standard","has-post-thumbnail","hentry","category-actu-culturelle"],"jetpack_publicize_connections":[],"jetpack_featured_media_url":"https:\/\/i0.wp.com\/www.iceagetv.com\/radiosite\/wp-content\/uploads\/2025\/07\/DNVGeBOR.jpg?fit=679%2C293&ssl=1","jetpack_sharing_enabled":true,"_links":{"self":[{"href":"https:\/\/www.iceagetv.com\/radiosite\/wp-json\/wp\/v2\/posts\/36251","targetHints":{"allow":["GET"]}}],"collection":[{"href":"https:\/\/www.iceagetv.com\/radiosite\/wp-json\/wp\/v2\/posts"}],"about":[{"href":"https:\/\/www.iceagetv.com\/radiosite\/wp-json\/wp\/v2\/types\/post"}],"author":[{"embeddable":true,"href":"https:\/\/www.iceagetv.com\/radiosite\/wp-json\/wp\/v2\/users\/2"}],"replies":[{"embeddable":true,"href":"https:\/\/www.iceagetv.com\/radiosite\/wp-json\/wp\/v2\/comments?post=36251"}],"version-history":[{"count":1,"href":"https:\/\/www.iceagetv.com\/radiosite\/wp-json\/wp\/v2\/posts\/36251\/revisions"}],"predecessor-version":[{"id":36253,"href":"https:\/\/www.iceagetv.com\/radiosite\/wp-json\/wp\/v2\/posts\/36251\/revisions\/36253"}],"wp:featuredmedia":[{"embeddable":true,"href":"https:\/\/www.iceagetv.com\/radiosite\/wp-json\/wp\/v2\/media\/36252"}],"wp:attachment":[{"href":"https:\/\/www.iceagetv.com\/radiosite\/wp-json\/wp\/v2\/media?parent=36251"}],"wp:term":[{"taxonomy":"category","embeddable":true,"href":"https:\/\/www.iceagetv.com\/radiosite\/wp-json\/wp\/v2\/categories?post=36251"},{"taxonomy":"post_tag","embeddable":true,"href":"https:\/\/www.iceagetv.com\/radiosite\/wp-json\/wp\/v2\/tags?post=36251"}],"curies":[{"name":"wp","href":"https:\/\/api.w.org\/{rel}","templated":true}]}}