{"id":36257,"date":"2025-07-02T16:15:09","date_gmt":"2025-07-02T14:15:09","guid":{"rendered":"https:\/\/www.iceagetv.com\/radiosite\/?p=36257"},"modified":"2025-07-02T16:15:13","modified_gmt":"2025-07-02T14:15:13","slug":"epr-de-flamanville-fuite-detectee-le-redemarrage-reporte-dau-moins-six-semaines-selon-edf","status":"publish","type":"post","link":"https:\/\/www.iceagetv.com\/radiosite\/epr-de-flamanville-fuite-detectee-le-redemarrage-reporte-dau-moins-six-semaines-selon-edf\/","title":{"rendered":"EPR de Flamanville\u00a0: fuite d\u00e9tect\u00e9e, le red\u00e9marrage report\u00e9 d&rsquo;au moins six semaines, selon EDF"},"content":{"rendered":"\n<p class=\"\">Le r\u00e9acteur avait \u00e9t\u00e9 arr\u00eat\u00e9 mi-juin dans le cadre de son long programme de d\u00e9marrage. Une fuite sur une soupape de protection du circuit primaire principal a \u00e9t\u00e9 d\u00e9tect\u00e9e.Le r\u00e9acteur EPR de Flamanville, dans la Manche, ne red\u00e9marrera pas ce soir comme initialement pr\u00e9vu, a appris franceinfo aupr\u00e8s d&rsquo;EDF mercredi 2 juillet. L&rsquo;arr\u00eat du r\u00e9acteur, interrompu depuis la mi-juin dans le cadre de son long programme de d\u00e9marrage, sera prolong\u00e9 d&rsquo;au moins six semaines suppl\u00e9mentaires.Des analyses men\u00e9es ces derni\u00e8res semaines ont confirm\u00e9 la pr\u00e9sence d&rsquo;une fuite sur une soupape de protection du circuit primaire principal. Ce circuit, compos\u00e9 de tuyaux contenant de l&rsquo;eau, joue un r\u00f4le essentiel&nbsp;: il permet notamment de refroidir le c\u0153ur du r\u00e9acteur et de g\u00e9n\u00e9rer la vapeur qui actionne la turbine.<\/p>\n\n\n\n<p class=\"\">EDF doit d\u00e9sormais intervenir dans une zone sensible de la centrale, ce qui retarde d&rsquo;autant la reprise des essais de mont\u00e9e en puissance du r\u00e9acteur de nouvelle g\u00e9n\u00e9ration. Au vu des r\u00e9sultats, EDF a donc d\u00e9cid\u00e9 de maintenir le r\u00e9acteur \u00e0 l&rsquo;arr\u00eat au moins jusqu&rsquo;au 13 ao\u00fbt. Six semaines, c&rsquo;est le temps n\u00e9cessaire pour intervenir sur les trois soupapes du circuit puis pour mener des tests, avant de relancer le r\u00e9acteur, pr\u00e9cise EDF \u00e0 franceinfo.<\/p>\n\n\n\n<p class=\"\">La centrale Flamanville 3, dont la mise en service a d\u00e9j\u00e0 connu de nombreux retards, reste sous la surveillance \u00e9troite de l&rsquo;Autorit\u00e9 de s\u00fbret\u00e9 nucl\u00e9aire et de radioprotection (ASNR). L&rsquo;EPR,&nbsp;<a href=\"https:\/\/www.franceinfo.fr\/replay-jt\/franceinfo\/21h-minuit\/23-heures\/le-reacteur-epr-de-flamanville-enfin-connecte-au-reseau-electrique_6970799.html\">raccord\u00e9 au r\u00e9seau en d\u00e9cembre 2024<\/a>, poursuit un processus de d\u00e9marrage progressif depuis six mois. Avant cet arr\u00eat, le r\u00e9acteur avait atteint 60% de sa capacit\u00e9. Pour franchir le cap des 80\u202f%, EDF devra obtenir le feu vert de l&rsquo;ASNR. Malgr\u00e9 cette nouvelle interruption, l&rsquo;\u00e9nerg\u00e9ticien affirme maintenir son calendrier pr\u00e9visionnel&nbsp;: l&rsquo;objectif reste d&rsquo;atteindre la pleine puissance, soit 100%, d&rsquo;ici la fin de l&rsquo;\u00e9t\u00e9, en septembre.<\/p>\n","protected":false},"excerpt":{"rendered":"<p>Le r\u00e9acteur avait \u00e9t\u00e9 arr\u00eat\u00e9 mi-juin dans le cadre de son long programme de d\u00e9marrage. Une fuite sur une soupape de protection du circuit primaire principal a \u00e9t\u00e9 d\u00e9tect\u00e9e.Le r\u00e9acteur EPR de Flamanville, dans la Manche, ne red\u00e9marrera pas ce soir comme initialement pr\u00e9vu, a appris franceinfo aupr\u00e8s d&rsquo;EDF mercredi 2 juillet. L&rsquo;arr\u00eat du r\u00e9acteur, [&hellip;]<\/p>\n","protected":false},"author":2,"featured_media":36258,"comment_status":"open","ping_status":"open","sticky":false,"template":"","format":"standard","meta":{"_jetpack_memberships_contains_paid_content":false,"footnotes":"","jetpack_publicize_message":"","jetpack_publicize_feature_enabled":true,"jetpack_social_post_already_shared":true,"jetpack_social_options":{"image_generator_settings":{"template":"highway","default_image_id":0,"enabled":true,"token":"eyJpbWciOiJodHRwczpcL1wvd3d3LmljZWFnZXR2LmNvbVwvcmFkaW9zaXRlXC93cC1jb250ZW50XC91cGxvYWRzXC8yMDI1XC8wN1wvRVBSLWRlLUZsYW1hbnZpbGxlLmpwZyIsInR4dCI6IkVQUiBkZSBGbGFtYW52aWxsZVx1MDBhMDogZnVpdGUgZFx1MDBlOXRlY3RcdTAwZTllLCBsZSByZWRcdTAwZTltYXJyYWdlIHJlcG9ydFx1MDBlOSBkJiM4MjE3O2F1IG1vaW5zIHNpeCBzZW1haW5lcywgc2Vsb24gRURGIiwidGVtcGxhdGUiOiJoaWdod2F5IiwiYmxvZ19pZCI6MTExMDE2NDYxfQ.CqQRPjlveHBMZjZk4hOtvMeXteIY5AilVm7LydtshTsMQ"},"version":2},"_wpas_customize_per_network":false},"categories":[405],"tags":[],"class_list":["post-36257","post","type-post","status-publish","format-standard","has-post-thumbnail","hentry","category-actu-france-monde"],"jetpack_publicize_connections":[],"jetpack_featured_media_url":"https:\/\/i0.wp.com\/www.iceagetv.com\/radiosite\/wp-content\/uploads\/2025\/07\/EPR-de-Flamanville.jpg?fit=765%2C397&ssl=1","jetpack_sharing_enabled":true,"_links":{"self":[{"href":"https:\/\/www.iceagetv.com\/radiosite\/wp-json\/wp\/v2\/posts\/36257","targetHints":{"allow":["GET"]}}],"collection":[{"href":"https:\/\/www.iceagetv.com\/radiosite\/wp-json\/wp\/v2\/posts"}],"about":[{"href":"https:\/\/www.iceagetv.com\/radiosite\/wp-json\/wp\/v2\/types\/post"}],"author":[{"embeddable":true,"href":"https:\/\/www.iceagetv.com\/radiosite\/wp-json\/wp\/v2\/users\/2"}],"replies":[{"embeddable":true,"href":"https:\/\/www.iceagetv.com\/radiosite\/wp-json\/wp\/v2\/comments?post=36257"}],"version-history":[{"count":1,"href":"https:\/\/www.iceagetv.com\/radiosite\/wp-json\/wp\/v2\/posts\/36257\/revisions"}],"predecessor-version":[{"id":36259,"href":"https:\/\/www.iceagetv.com\/radiosite\/wp-json\/wp\/v2\/posts\/36257\/revisions\/36259"}],"wp:featuredmedia":[{"embeddable":true,"href":"https:\/\/www.iceagetv.com\/radiosite\/wp-json\/wp\/v2\/media\/36258"}],"wp:attachment":[{"href":"https:\/\/www.iceagetv.com\/radiosite\/wp-json\/wp\/v2\/media?parent=36257"}],"wp:term":[{"taxonomy":"category","embeddable":true,"href":"https:\/\/www.iceagetv.com\/radiosite\/wp-json\/wp\/v2\/categories?post=36257"},{"taxonomy":"post_tag","embeddable":true,"href":"https:\/\/www.iceagetv.com\/radiosite\/wp-json\/wp\/v2\/tags?post=36257"}],"curies":[{"name":"wp","href":"https:\/\/api.w.org\/{rel}","templated":true}]}}