{"id":36276,"date":"2025-07-03T08:23:35","date_gmt":"2025-07-03T06:23:35","guid":{"rendered":"https:\/\/www.iceagetv.com\/radiosite\/?p=36276"},"modified":"2025-07-03T08:23:40","modified_gmt":"2025-07-03T06:23:40","slug":"greves-avant-les-vacances-quand-ce-nest-pas-sur-les-rails-cest-dans-les-airs-des-dizaines-de-vols-annules-aujourdhui-et-demain-en-raison-de-la-greve-des-controleurs-aeriens","status":"publish","type":"post","link":"https:\/\/www.iceagetv.com\/radiosite\/greves-avant-les-vacances-quand-ce-nest-pas-sur-les-rails-cest-dans-les-airs-des-dizaines-de-vols-annules-aujourdhui-et-demain-en-raison-de-la-greve-des-controleurs-aeriens\/","title":{"rendered":"Gr\u00e8ves avant les vacances : Quand ce n&rsquo;est pas sur les rails c&rsquo;est dans les airs ! Des dizaines de vols annul\u00e9s aujourd&rsquo;hui et demain en raison de la gr\u00e8ve des contr\u00f4leurs a\u00e9riens"},"content":{"rendered":"\n<p class=\"\">Et voil\u00e0 une nouvelle gr\u00e8ve avant les vacances : Quand ce n&rsquo;est pas sur les rails c&rsquo;est dans les airs ! Des dizaines de vols annul\u00e9s aujourd&rsquo;hui et demain en raison de la gr\u00e8ve des contr\u00f4leurs a\u00e9riens. Les compagnies a\u00e9riennes sont appel\u00e9es \u00e0 annuler 40 % de leurs vols au d\u00e9part ou \u00e0 l\u2019arriv\u00e9e des a\u00e9roports de Paris &#8211; Charles-de-Gaulle et Orly vendredi, veille des vacances d\u2019\u00e9t\u00e9, en raison d\u2019une gr\u00e8ve de contr\u00f4leurs a\u00e9riens, a annonc\u00e9 la direction g\u00e9n\u00e9rale de l\u2019aviation civile (DGAC), mercredi 2 juillet.<\/p>\n\n\n\n<p class=\"\">Cette exigence de l\u2019administration est plus \u00e9lev\u00e9e que celle de jeudi, premier jour de mouvement social, quand seulement un quart des vols seront supprim\u00e9s dans les a\u00e9roports parisiens.<\/p>\n\n\n\n<p class=\"\">A Nice, troisi\u00e8me plateforme fran\u00e7aise, ces annulations concerneront vendredi la moiti\u00e9 des liaisons, comme jeudi.<\/p>\n\n\n\n<p class=\"\">Le ministre des transports, Philippe Tabarot, s\u2019est dit mercredi \u00ab&nbsp;r\u00e9solu \u00e0 tenir bon&nbsp;\u00bb face aux syndicats de contr\u00f4leurs a\u00e9riens qui ont appel\u00e9 \u00e0 faire gr\u00e8ve, et a d\u00e9nonc\u00e9 leurs revendications \u00ab&nbsp;inacceptables&nbsp;\u00bb.<\/p>\n\n\n\n<p class=\"\">\u00ab&nbsp;Je sais combien ces mouvements de gr\u00e8ve sont co\u00fbteux pour vos compagnies a\u00e9riennes&nbsp;\u00bb, a-t-il affirm\u00e9 en cl\u00f4turant le congr\u00e8s annuel de la F\u00e9d\u00e9ration nationale de l\u2019aviation et de ses m\u00e9tiers, porte-voix du secteur. \u00ab&nbsp;Les revendications port\u00e9es par des syndicats minoritaires sont inacceptables, tout comme le choix de faire cette gr\u00e8ve au moment des grands d\u00e9parts en cong\u00e9s&nbsp;\u00bb, a-t-il ajout\u00e9.<\/p>\n","protected":false},"excerpt":{"rendered":"<p>Et voil\u00e0 une nouvelle gr\u00e8ve avant les vacances : Quand ce n&rsquo;est pas sur les rails c&rsquo;est dans les airs ! Des dizaines de vols annul\u00e9s aujourd&rsquo;hui et demain en raison de la gr\u00e8ve des contr\u00f4leurs a\u00e9riens. Les compagnies a\u00e9riennes sont appel\u00e9es \u00e0 annuler 40 % de leurs vols au d\u00e9part ou \u00e0 l\u2019arriv\u00e9e des [&hellip;]<\/p>\n","protected":false},"author":2,"featured_media":36277,"comment_status":"open","ping_status":"open","sticky":false,"template":"","format":"standard","meta":{"_jetpack_memberships_contains_paid_content":false,"footnotes":"","jetpack_publicize_message":"","jetpack_publicize_feature_enabled":true,"jetpack_social_post_already_shared":true,"jetpack_social_options":{"image_generator_settings":{"template":"highway","default_image_id":0,"enabled":true,"token":"eyJpbWciOiJodHRwczpcL1wvd3d3LmljZWFnZXR2LmNvbVwvcmFkaW9zaXRlXC93cC1jb250ZW50XC91cGxvYWRzXC8yMDI1XC8wN1wvQXppRGtjUTkuanBnIiwidHh0IjoiR3JcdTAwZTh2ZXMgYXZhbnQgbGVzIHZhY2FuY2VzIDogUXVhbmQgY2UgbiYjODIxNztlc3QgcGFzIHN1ciBsZXMgcmFpbHMgYyYjODIxNztlc3QgZGFucyBsZXMgYWlycyAhIERlcyBkaXphaW5lcyBkZSB2b2xzIGFubnVsXHUwMGU5cyBhdWpvdXJkJiM4MjE3O2h1aSBldCBkZW1haW4gZW4gcmFpc29uIGRlIGxhIGdyXHUwMGU4dmUgZGVzIGNvbnRyXHUwMGY0bGV1cnMgYVx1MDBlOXJpZW5zIiwidGVtcGxhdGUiOiJoaWdod2F5IiwiYmxvZ19pZCI6MTExMDE2NDYxfQ.X5yZ6ARMi0nBAoP8mv8aYZtJCXMVExxxkVJ60vj3SRgMQ"},"version":2},"_wpas_customize_per_network":false},"categories":[405],"tags":[],"class_list":["post-36276","post","type-post","status-publish","format-standard","has-post-thumbnail","hentry","category-actu-france-monde"],"jetpack_publicize_connections":[],"jetpack_featured_media_url":"https:\/\/i0.wp.com\/www.iceagetv.com\/radiosite\/wp-content\/uploads\/2025\/07\/AziDkcQ9.jpg?fit=679%2C293&ssl=1","jetpack_sharing_enabled":true,"_links":{"self":[{"href":"https:\/\/www.iceagetv.com\/radiosite\/wp-json\/wp\/v2\/posts\/36276","targetHints":{"allow":["GET"]}}],"collection":[{"href":"https:\/\/www.iceagetv.com\/radiosite\/wp-json\/wp\/v2\/posts"}],"about":[{"href":"https:\/\/www.iceagetv.com\/radiosite\/wp-json\/wp\/v2\/types\/post"}],"author":[{"embeddable":true,"href":"https:\/\/www.iceagetv.com\/radiosite\/wp-json\/wp\/v2\/users\/2"}],"replies":[{"embeddable":true,"href":"https:\/\/www.iceagetv.com\/radiosite\/wp-json\/wp\/v2\/comments?post=36276"}],"version-history":[{"count":1,"href":"https:\/\/www.iceagetv.com\/radiosite\/wp-json\/wp\/v2\/posts\/36276\/revisions"}],"predecessor-version":[{"id":36278,"href":"https:\/\/www.iceagetv.com\/radiosite\/wp-json\/wp\/v2\/posts\/36276\/revisions\/36278"}],"wp:featuredmedia":[{"embeddable":true,"href":"https:\/\/www.iceagetv.com\/radiosite\/wp-json\/wp\/v2\/media\/36277"}],"wp:attachment":[{"href":"https:\/\/www.iceagetv.com\/radiosite\/wp-json\/wp\/v2\/media?parent=36276"}],"wp:term":[{"taxonomy":"category","embeddable":true,"href":"https:\/\/www.iceagetv.com\/radiosite\/wp-json\/wp\/v2\/categories?post=36276"},{"taxonomy":"post_tag","embeddable":true,"href":"https:\/\/www.iceagetv.com\/radiosite\/wp-json\/wp\/v2\/tags?post=36276"}],"curies":[{"name":"wp","href":"https:\/\/api.w.org\/{rel}","templated":true}]}}