{"id":36290,"date":"2025-07-03T15:31:17","date_gmt":"2025-07-03T13:31:17","guid":{"rendered":"https:\/\/www.iceagetv.com\/radiosite\/?p=36290"},"modified":"2025-07-03T15:31:20","modified_gmt":"2025-07-03T13:31:20","slug":"college-et-lycee-les-eleves-porteurs-darmes-passeront-systematiquement-en-conseil-de-discipline","status":"publish","type":"post","link":"https:\/\/www.iceagetv.com\/radiosite\/college-et-lycee-les-eleves-porteurs-darmes-passeront-systematiquement-en-conseil-de-discipline\/","title":{"rendered":"Coll\u00e8ge et lyc\u00e9e : les \u00e9l\u00e8ves porteurs d&rsquo;armes passeront syst\u00e9matiquement en conseil de discipline"},"content":{"rendered":"\n<p class=\"\">Chaque \u00e9l\u00e8ve retrouv\u00e9 avec une arme sur lui, alors qu&rsquo;il se trouve dans son coll\u00e8ge ou son lyc\u00e9e, passera en conseil de discipline, selon un d\u00e9cret gouvernemental paru ce jeudi 3 juillet. Cela se fera de fa\u00e7on syst\u00e9matique.Une nouvelle r\u00e9glementation en vigueur. Tout \u00e9l\u00e8ve portant une arme sera syst\u00e9matiquement traduit devant le conseil de discipline de son coll\u00e8ge ou de son lyc\u00e9e, selon un d\u00e9cret gouvernemental paru ce jeudi 3 juillet, dans un contexte marqu\u00e9 par une s\u00e9rie d&rsquo;agressions \u00e0 l&rsquo;arme blanche dans des \u00e9tablissements scolaires.\u00a0Le chef d&rsquo;\u00e9tablissement sera tenu de saisir le conseil de discipline&nbsp;\u00ab\u00a0<strong>lorsqu&rsquo;un \u00e9l\u00e8ve introduit une arme dans l&rsquo;\u00e9tablissement ou porte une arme sur lui<\/strong>\u00ab\u00a0, selon ce d\u00e9cret paru au Journal officiel. Jusqu&rsquo;alors, la saisine du conseil de discipline n&rsquo;\u00e9tait syst\u00e9matique qu&rsquo;en cas d&rsquo;agression physique d&rsquo;un membre du personnel. Pour les autres cas, elle restait \u00e0 l&rsquo;appr\u00e9ciation du chef d&rsquo;\u00e9tablissement.&nbsp;<\/p>\n\n\n\n<p class=\"\">Cette mesure avait \u00e9t\u00e9 confirm\u00e9e par la ministre de l&rsquo;\u00c9ducation, \u00c9lisabeth Borne,&nbsp;<a href=\"https:\/\/www.rtl.fr\/actu\/politique\/invitee-rtl-arme-blanche-a-l-ecole-conseil-de-discipline-et-signalement-au-procureur-seront-systematiques-assure-borne-7900470179\">en f\u00e9vrier sur RTL<\/a>, alors qu&rsquo;un lyc\u00e9en avait \u00e9t\u00e9 gri\u00e8vement bless\u00e9 dans la cour de son \u00e9tablissement \u00e0&nbsp;<a href=\"https:\/\/www.rtl.fr\/actu\/justice-faits-divers\/hauts-de-seine-un-adolescent-de-17-ans-poignarde-dans-son-lycee-7900469169\">Bagneux<\/a>&nbsp;(Hauts-de-Seine). Depuis, d&rsquo;autres agressions ont marqu\u00e9 l&rsquo;actualit\u00e9, dont le&nbsp;<strong>meurtre d&rsquo;une&nbsp;<\/strong><a href=\"https:\/\/www.rtl.fr\/actu\/debats-societe\/haute-marne-melanie-la-surveillante-tuee-a-nogent-a-ete-faite-chevalier-a-la-legion-d-honneur-7900518856\"><strong>surveillante de coll\u00e8ge<\/strong><\/a><strong>&nbsp;\u00e0 Nogent<\/strong>&nbsp;(Haute-Marne) et celui d&rsquo;une lyc\u00e9enne par un autre adolescent \u00e0 Nantes.&nbsp;<\/p>\n\n\n\n<p class=\"\">186 couteaux retrouv\u00e9s depuis fin mars lors de fouCes\u00a0<a href=\"https:\/\/www.rtl.fr\/actu\/justice-faits-divers\/bobigny-un-adolescent-dans-le-coma-apres-une-agression-pres-de-son-college-7900469491\">agressions<\/a>\u00a0ont suscit\u00e9 de nombreuses r\u00e9actions dans le monde politique,\u00a0<strong>certains \u00e9lus appelant \u00e0 un renforcement des mesures s\u00e9curitaires<\/strong>\u00a0dont un resserrement des contr\u00f4les. Le Premier ministre, Fran\u00e7ois Bayrou, a exprim\u00e9 son souhait de travailler \u00e0 \u00ab\u00a0l&rsquo;exp\u00e9rimentation\u00a0\u00bb de\u00a0<a href=\"https:\/\/www.rtl.fr\/actu\/politique\/surveillante-tuee-les-portiques-de-securite-ne-sont-pas-une-solution-magique-estime-yael-braun-pivet-sur-rtl-7900514340\">portiques de s\u00e9curit\u00e9<\/a>\u00a0\u00e0 l&rsquo;entr\u00e9e des \u00e9tablissements scolaires, une mesure controvers\u00e9e.Pour l&rsquo;heure, le gouvernement a annonc\u00e9 d\u00e9but juin que 186 couteaux avaient \u00e9t\u00e9 trouv\u00e9s \u00e0 l&rsquo;issue de plus de 6.000 fouilles inopin\u00e9es et men\u00e9es depuis la fin mars. \u00c9lisabeth Borne a toutefois \u00e9galement exprim\u00e9 son scepticisme sur le tout-s\u00e9curitaire, soulignant l&rsquo;impossibilit\u00e9 d&rsquo;organiser des fouilles quotidiennes et appelant \u00e0 ne pas transformer les \u00e9tablissements scolaires en \u00ab\u00a0bunkers\u00a0\u00bb.&nbsp;<\/p>\n\n\n\n<p class=\"\">Elle a pr\u00e9sent\u00e9 en juin un \u00ab\u00a0protocole de rep\u00e9rage et de prise en charge des situations de souffrance psychologique chez les jeunes\u00a0\u00bb. Celui-ci est cens\u00e9 \u00eatre port\u00e9 par chaque \u00e9tablissement d&rsquo;ici \u00e0 la fin de l&rsquo;ann\u00e9e.&nbsp;<\/p>\n","protected":false},"excerpt":{"rendered":"<p>Chaque \u00e9l\u00e8ve retrouv\u00e9 avec une arme sur lui, alors qu&rsquo;il se trouve dans son coll\u00e8ge ou son lyc\u00e9e, passera en conseil de discipline, selon un d\u00e9cret gouvernemental paru ce jeudi 3 juillet. Cela se fera de fa\u00e7on syst\u00e9matique.Une nouvelle r\u00e9glementation en vigueur. Tout \u00e9l\u00e8ve portant une arme sera syst\u00e9matiquement traduit devant le conseil de discipline [&hellip;]<\/p>\n","protected":false},"author":2,"featured_media":36291,"comment_status":"open","ping_status":"open","sticky":false,"template":"","format":"standard","meta":{"_jetpack_memberships_contains_paid_content":false,"footnotes":"","jetpack_publicize_message":"","jetpack_publicize_feature_enabled":true,"jetpack_social_post_already_shared":true,"jetpack_social_options":{"image_generator_settings":{"template":"highway","default_image_id":0,"enabled":true,"token":"eyJpbWciOiJodHRwczpcL1wvd3d3LmljZWFnZXR2LmNvbVwvcmFkaW9zaXRlXC93cC1jb250ZW50XC91cGxvYWRzXC8yMDI1XC8wN1wvQ29sbGVnZS1ldC1seWNlZS5qcGciLCJ0eHQiOiJDb2xsXHUwMGU4Z2UgZXQgbHljXHUwMGU5ZSA6IGxlcyBcdTAwZTlsXHUwMGU4dmVzIHBvcnRldXJzIGQmIzgyMTc7YXJtZXMgcGFzc2Vyb250IHN5c3RcdTAwZTltYXRpcXVlbWVudCBlbiBjb25zZWlsIGRlIGRpc2NpcGxpbmUiLCJ0ZW1wbGF0ZSI6ImhpZ2h3YXkiLCJibG9nX2lkIjoxMTEwMTY0NjF9.t58CwORDYTiUMAWn4ktYRmjgq0Ppz6tAdyzFVwBhXM8MQ"},"version":2},"_wpas_customize_per_network":false},"categories":[405],"tags":[],"class_list":["post-36290","post","type-post","status-publish","format-standard","has-post-thumbnail","hentry","category-actu-france-monde"],"jetpack_publicize_connections":[],"jetpack_featured_media_url":"https:\/\/i0.wp.com\/www.iceagetv.com\/radiosite\/wp-content\/uploads\/2025\/07\/College-et-lycee.jpg?fit=659%2C419&ssl=1","jetpack_sharing_enabled":true,"_links":{"self":[{"href":"https:\/\/www.iceagetv.com\/radiosite\/wp-json\/wp\/v2\/posts\/36290","targetHints":{"allow":["GET"]}}],"collection":[{"href":"https:\/\/www.iceagetv.com\/radiosite\/wp-json\/wp\/v2\/posts"}],"about":[{"href":"https:\/\/www.iceagetv.com\/radiosite\/wp-json\/wp\/v2\/types\/post"}],"author":[{"embeddable":true,"href":"https:\/\/www.iceagetv.com\/radiosite\/wp-json\/wp\/v2\/users\/2"}],"replies":[{"embeddable":true,"href":"https:\/\/www.iceagetv.com\/radiosite\/wp-json\/wp\/v2\/comments?post=36290"}],"version-history":[{"count":1,"href":"https:\/\/www.iceagetv.com\/radiosite\/wp-json\/wp\/v2\/posts\/36290\/revisions"}],"predecessor-version":[{"id":36292,"href":"https:\/\/www.iceagetv.com\/radiosite\/wp-json\/wp\/v2\/posts\/36290\/revisions\/36292"}],"wp:featuredmedia":[{"embeddable":true,"href":"https:\/\/www.iceagetv.com\/radiosite\/wp-json\/wp\/v2\/media\/36291"}],"wp:attachment":[{"href":"https:\/\/www.iceagetv.com\/radiosite\/wp-json\/wp\/v2\/media?parent=36290"}],"wp:term":[{"taxonomy":"category","embeddable":true,"href":"https:\/\/www.iceagetv.com\/radiosite\/wp-json\/wp\/v2\/categories?post=36290"},{"taxonomy":"post_tag","embeddable":true,"href":"https:\/\/www.iceagetv.com\/radiosite\/wp-json\/wp\/v2\/tags?post=36290"}],"curies":[{"name":"wp","href":"https:\/\/api.w.org\/{rel}","templated":true}]}}